{"id":13342,"date":"2021-08-22T08:46:14","date_gmt":"2021-08-22T05:46:14","guid":{"rendered":"http:\/\/mersinekonomipolitikagazetesi.com\/?p=13342"},"modified":"2021-08-22T08:46:14","modified_gmt":"2021-08-22T05:46:14","slug":"yerel-yonetimlerin-asil-amaci-kucuk-ureticilere-destek-olabilmek","status":"publish","type":"post","link":"https:\/\/mersinekonomipolitikagazetesi.com\/?p=13342","title":{"rendered":"\u201cYEREL Y\u00d6NET\u0130MLER\u0130N ASIL AMACI K\u00dc\u00c7\u00dcK \u00dcRET\u0130C\u0130LERE DESTEK OLAB\u0130LMEK\u201d"},"content":{"rendered":"<p class=\"228bf8a64b8551e1MsoNormal\">Mersin B\u00fcy\u00fck\u015fehir Belediyesi, Ba\u015fkan Vahap Se\u00e7er \u00f6nc\u00fcl\u00fc\u011f\u00fcnde hayata ge\u00e7irdi\u011fi projelerle \u00fcreticiyi desteklemeye devam ediyor. B\u00fcy\u00fck\u015fehir Belediyesi Tar\u0131msal ve Veteriner Hizmetleri Dairesi koordinesinde, Dam\u0131zl\u0131k S\u0131\u011f\u0131r Yeti\u015ftiricileri Birli\u011fi ve Mersin S\u00fct \u00dcreticileri Birli\u011fi i\u015f birli\u011fi ile 3 y\u0131l s\u00fcrecek yeni bir projeye imza at\u0131ld\u0131. Proje kapsam\u0131nda d\u00fczenlenen\u00a0<b>\u201cB\u00fcy\u00fckba\u015f Hayvan Yeti\u015ftiricilerine Kaba Yem Deste\u011fi T\u00f6reni\u201d<\/b>ne kat\u0131lan Ba\u015fkan Se\u00e7er, \u00fcreticiden yana hayata ge\u00e7irdikleri projeleri anlat\u0131rken,\u00a0<b>\u201cKand\u0131rmak i\u00e7in de\u011fil, kazand\u0131rmak i\u00e7in proje yap\u0131yoruz\u201d<\/b>\u00a0dedi.<\/p>\n<p class=\"228bf8a64b8551e1MsoNormal\">Projenin ilk y\u0131l\u0131nda 4 merkez il\u00e7e ile Tarsus ve \u00c7aml\u0131yayla\u2019da bulunan toplam 438 b\u00fcy\u00fckba\u015f hayvan yeti\u015ftiricisine kaba yem deste\u011fi sa\u011flanacak. 2021 y\u0131l\u0131 maliyeti 1 milyon 500 bin lira olan projede her bir yeti\u015ftiriciye % 50 hibeli 5 ton kaba yem deste\u011fi verilecek.<\/p>\n<p class=\"228bf8a64b8551e1MsoNormal\"><b>\u201cKand\u0131rmak i\u00e7in de\u011fil, kazand\u0131rmak i\u00e7in proje yap\u0131yoruz\u201d<\/b><\/p>\n<p class=\"228bf8a64b8551e1MsoNormal\">B\u00fcy\u00fck\u015fehir Belediyesi Tarsus Koordinasyon M\u00fcd\u00fcrl\u00fc\u011f\u00fc\u2019nde d\u00fczenlenen t\u00f6rende Ba\u015fkan Se\u00e7er,\u00a0tar\u0131mda \u00e7ok \u00f6nemli projeleri hayata ge\u00e7irdiklerini belirterek, Mersin B\u00fcy\u00fck\u015fehir Belediyesi Tar\u0131msal ve Veteriner Hizmetleri Dairesi ile Konya Bahri Da\u011fda\u015f Uluslararas\u0131 Tar\u0131msal Ara\u015ft\u0131rma Enstit\u00fcs\u00fc i\u015f birli\u011fiyle Silifke Baland\u0131z\u2019da atal\u0131k sar\u0131 bu\u011fday, G\u00fclnar\u2019da atal\u0131k nohut \u00fcretimi projesi y\u00fcr\u00fctt\u00fcklerini ifade etti. Her b\u00f6lgenin kendine has \u00fcretim \u00e7e\u015fitlerinin oldu\u011funu s\u00f6yleyen Ba\u015fkan Se\u00e7er, hayvanc\u0131l\u0131k konusunda da \u00f6nemli projelere imza att\u0131klar\u0131n\u0131 belirtti. Se\u00e7er, ge\u00e7en y\u0131l ba\u015flat\u0131lan ve 5 y\u0131l s\u00fcrecek olan \u2018<strong>Hadi Gel K\u00f6y\u00fcm\u00fcze Destek Verelim\u2019<\/strong>\u00a0projesini hat\u0131rlatt\u0131. Projenin bu y\u0131l da \u00e7ok g\u00fczel ve verimli bir \u015fekilde devam etti\u011fini,\u00a0720 yeni do\u011fumla pop\u00fclasyonun art\u0131r\u0131ld\u0131\u011f\u0131n\u0131 kaydeden Ba\u015fkan Se\u00e7er,\u00a0<b>\u201cEl yordam\u0131yla yasak savmak, g\u00fcn\u00fc kurtarmak, \u2018belediye i\u015f yap\u0131yor, bir tar\u0131msal proje ger\u00e7ekle\u015ftiriyor\u2019 demek i\u00e7in de\u011fil, kand\u0131rmak i\u00e7in de\u011fil, kazand\u0131rmak i\u00e7in proje yap\u0131yoruz. Ak\u0131ll\u0131ca \u00fcretim, ak\u0131ll\u0131ca y\u00f6netim \u00fclkeleri \u00e7a\u011fda\u015f duruma getiriyor. Amerika\u2019y\u0131 bir daha ke\u015ffetmeye gerek yok. Bilimle, ilimle, irfanla, e\u011fitimle \u00e7al\u0131\u015fma yapmak zorunday\u0131z. Tar\u0131m da b\u00f6yle bir \u015fey yoksa milyon dolarlar\u0131 ithal etti\u011fimiz girdi kalemlerine veririz. Tohuma, g\u00fcbreye, zirai ilaca veririz sonra m\u00fcstemleke oluruz. Bor\u00e7tan kurtulamazs\u0131n ama bilimle gidersen o milyon dolarlar\u0131 onlara vermezsin\u201d<\/b>\u00a0dedi.<\/p>\n<p class=\"228bf8a64b8551e1MsoNormal\"><b>\u201cYerel y\u00f6netimlerin as\u0131l amac\u0131 k\u00fc\u00e7\u00fck \u00fcreticilere destek olabilmek\u201d<\/b><\/p>\n<p class=\"228bf8a64b8551e1MsoNormal\">Ba\u015fkan Se\u00e7er, bilimsel \u00e7al\u0131\u015fman\u0131n tar\u0131mda hem birim alandaki verimi hem kaliteyi art\u0131raca\u011f\u0131n\u0131 belirterek, kaba yem deste\u011fini % 50 hibeli ger\u00e7ekle\u015ftirdiklerini s\u00f6yledi. Se\u00e7er, s\u00f6zlerine \u015f\u00f6yle devam etti:<\/p>\n<p class=\"228bf8a64b8551e1MsoNormal\"><b>\u201cBu hibenin bir \u00f6nemi var. Biz genelde projelerin belli bir k\u0131sm\u0131n\u0131 kar\u015f\u0131l\u0131yoruz, de\u011feri olsun. Bedava verdi\u011finiz bir e\u015fyan\u0131n, bir destek kaleminin pek de\u011feri olmuyor. Bedava fidan veriyorsunuz, \u00e7iftli\u011fin bir k\u00f6\u015fesinde fidan \u00f6l\u00fcyor ama ger\u00e7ekten onu tarlas\u0131na ekecek insana verirseniz, dersiniz ki %50 hibeli. \u2018Ne g\u00fczel zaten ben bunu alacakt\u0131m\u2019 der. % 50\u2019sini \u00f6der. % 50\u2019sini siz destek yapars\u0131n\u0131z, ama\u00e7 has\u0131l olur. Arazide fidan olur, a\u011fa\u00e7 olur, meyve olur, ekonomiye katk\u0131 gelir. Kand\u0131rmak i\u00e7in de\u011fil kazand\u0131rmak i\u00e7in bu projeleri yapmak zorunday\u0131z<\/b>.\u00a0<b>Bu proje kapsam\u0131nda se\u00e7ti\u011fimiz \u00fcreticiler de o en fazla 10 b\u00fcy\u00fckba\u015f hayvana sahip \u00fcreticiler.<\/b>\u00a0<b>Biz yerel y\u00f6netimlerin as\u0131l amac\u0131 daha \u00e7ok aile i\u015fletmelerine, kad\u0131n \u00fcreticilere ve k\u00fc\u00e7\u00fck \u00fcreticilere destek olabilmek. Bu y\u0131l proje kapsam\u0131nda bug\u00fcn da\u011f\u0131t\u0131m\u0131n\u0131 ger\u00e7ekle\u015ftirece\u011fimiz Tarsus 339, Akdeniz 40, Mezitli 16, Toroslar 32, \u00c7aml\u0131yayla 5, Yeni\u015fehir 6 \u00fcretici olmak \u00fczere toplam 438 \u00fcretici projede yer alacak. Gelecek<\/b>\u00a0<b>y\u0131l, ikinci y\u0131l yani Anamur, Erdemli, Silifke ve G\u00fclnar\u2019da proje y\u00fcr\u00fcyecek. \u00dc\u00e7\u00fcnc\u00fc y\u0131lda ki 3 y\u0131ll\u0131k bir proje, sadece Mut il\u00e7emizde yap\u0131p bu \u00e7al\u0131\u015fmay\u0131 noktalam\u0131\u015f olaca\u011f\u0131z. Her y\u0131l i\u00e7in bu y\u0131l\u0131n verileri ile 1.5 milyon lira belediyemize bir maliyeti var bu \u00e7al\u0131\u015fman\u0131n. \u00dcreticimize helali ho\u015f olsun. \u00c7al\u0131\u015fana, \u00fcretene, aln\u0131n\u0131n teriyle hak ederek \u00e7olu\u011funa \u00e7ocu\u011funa r\u0131z\u0131k g\u00f6t\u00fcren bu karde\u015flerimize helali ho\u015f olsun. Onlar\u0131n \u00fcretiminden, devlet olarak ald\u0131\u011f\u0131m\u0131z vergiden bu para tekrar kendilerine veriliyor.<\/b>\u00a0<b>Hi\u00e7bir Cumhurba\u015fkan\u0131, hi\u00e7bir bakan, hi\u00e7bir belediye ba\u015fkan\u0131 bunu size cebinden vermiyor. Bu \u00f6nemli, bu sizin paran\u0131z, sizin verginiz. Burada bizim g\u00f6revimiz harama tenezz\u00fcl etmeden, namuslu bir \u015fekilde bu kaynaklar\u0131 vatan\u0131n her noktas\u0131na adaletli bir \u015fekilde ayr\u0131m yapmadan tekrar aktarmak.\u201d<\/b><\/p>\n<p class=\"228bf8a64b8551e1MsoNormal\">Kooperatifler ve birlikler arac\u0131l\u0131\u011f\u0131yla alet, ekipman ve makine desteklerine devam ettiklerini dile getiren Se\u00e7er, 708 ar\u0131 \u00fcreticisine yap\u0131lan malzeme deste\u011finden 3 y\u0131l s\u00fcrecek olan Kazan\u00e7 Projesi\u2019ne kadar bir\u00e7ok alanda her b\u00f6lgenin ihtiyac\u0131na g\u00f6re desteklerin ve projelerin yap\u0131ld\u0131\u011f\u0131n\u0131 an\u0131msatt\u0131. Se\u00e7er, her alanda kad\u0131nlara pozitif ayr\u0131mc\u0131l\u0131k sa\u011flad\u0131klar\u0131n\u0131 ve tar\u0131msal desteklerde de kad\u0131nlar\u0131 \u00f6n plana ald\u0131klar\u0131n\u0131 s\u00f6yledi. \u00c7ocuklar\u0131n her alanda iyi e\u011fitim almas\u0131 gerekti\u011fini ancak e\u011fitimle refah seviyesine ula\u015f\u0131labilece\u011fini belirten Ba\u015fkan Se\u00e7er,\u00a0<b>\u201cMustafa Kemal Atat\u00fcrk\u2019\u00fcn dedi\u011fi gibi; \u2018Hayatta en hakiki m\u00fcr\u015fit ilimdir\u2019 Bizim en b\u00fcy\u00fck \u00f6nderimiz ilimdir. \u00c7ocuklar\u0131m\u0131z\u0131 e\u011fitmemiz laz\u0131m, \u00e7ocuklar\u0131m\u0131za \u00f6\u011fretmemiz laz\u0131m. Bu rekabet\u00e7i d\u00fcnyada her alanda ekonomik, sosyal, askeri alanda daha fazla demokrasi, hukuk devleti anlay\u0131\u015f\u0131 i\u00e7erisinde bir \u00fclke yaratma yar\u0131\u015f\u0131nda bizim daha \u00e7ok e\u011fitime ihtiyac\u0131m\u0131z var. Bu da her birimizin g\u00f6revi, sadece biz y\u00f6neticilerin g\u00f6revi de\u011fil. Ben \u00fclkemden umutluyum. \u00dclkem \u00e7ok g\u00fczel bir \u00fclke. \u00dclkemde gelecek g\u00f6r\u00fcyorum \u00e7\u00fcnk\u00fc \u00fclkem \u00e7ok verimli bir \u00fclke. Topra\u011f\u0131yla, tarihiyle, insan kayna\u011f\u0131yla \u00e7ok muazzam bir \u00fclke, \u00fclkemi \u00e7ok seviyorum. \u00dclkemin de\u011ferini de biliyorum, \u00fclkemin gelece\u011fi i\u00e7in katk\u0131 sunmak istiyorum, onun i\u00e7in<\/b>\u00a0<b>siyaset\u00e7iyim,<\/b>\u00a0<b>onun i\u00e7in gecemi g\u00fcnd\u00fcz\u00fcme kat\u0131yorum, bunu herkes yapmal\u0131\u201d\u00a0<\/b>dedi.<b>\u00a0<\/b><\/p>\n<p class=\"228bf8a64b8551e1MsoNormal\"><b>\u201cTarlada izi olmayan\u0131n harmanda y\u00fcz\u00fc olmaz\u201d<\/b><\/p>\n<p class=\"228bf8a64b8551e1MsoNormal\">Tar\u0131msal destek projelerinin devam edece\u011fini kaydeden Se\u00e7er,\u00a0<b>\u201cTarlada izi olmayan\u0131n harmanda y\u00fcz\u00fc olmaz, \u00e7al\u0131\u015faca\u011f\u0131z, \u00e7al\u0131\u015faca\u011f\u0131z, \u00e7al\u0131\u015faca\u011f\u0131z. Bu y\u0131l \u00f6nemli bir projeyi ba\u015flatm\u0131\u015f oluyoruz. Hele ki k\u00fcresel \u0131s\u0131nma kaynakl\u0131 kurakl\u0131\u011f\u0131n hat safhaya \u00e7\u0131kt\u0131\u011f\u0131n\u0131, \u00f6zellikle bu y\u0131l kaba yem ihtiyac\u0131n\u0131n \u00e7ok yo\u011fun oldu\u011funu, girdi fiyatlar\u0131n\u0131n \u00e7ok y\u00fcksek oldu\u011funu biliyorsunuz. Saman kalitesi \u00e7ok d\u00fc\u015f\u00fck. Bu\u011fdaylar yeterli ya\u011fmuru almay\u0131nca saman \u00e7\u0131kmad\u0131 zaten meralar\u0131m\u0131z helak oldu, talan oldu. Hi\u00e7 d\u00fc\u015f\u00fcnmedik, \u2018ne yapaca\u011f\u0131z meray\u0131\u2019 dedik. Bina yapt\u0131k. Meralar\u0131 yok ettik. Mera olmay\u0131nca, yem olmay\u0131nca o zaman hayvansal g\u0131da da olmaz, o zaman ya\u015fam da olmaz. Art\u0131k bu tehlikeyi umut ediyorum her birimiz g\u00f6rd\u00fck. Bundan sonra bu alanda \u00e7ok daha iyi i\u015fler yapaca\u011f\u0131n\u0131z\u0131 \u00fcmit ediyorum\u201d\u00a0<\/b>ifadelerine yer verdi.<\/p>\n<p class=\"228bf8a64b8551e1MsoNormal\">\u201c<b>Ba\u015fkan\u0131m\u0131z Mersin\u2019in her b\u00f6lgesinde tar\u0131ma ve hayvanc\u0131l\u0131\u011fa destek veriyor\u201d<\/b><\/p>\n<p class=\"228bf8a64b8551e1MsoNormal\">CHP Mersin Milletvekili Alpay Antmen, tar\u0131m\u0131n ve hayvanc\u0131l\u0131\u011f\u0131n \u00f6neminden bahsederek,\u00a0<b>\u201cMersin B\u00fcy\u00fck\u015fehir Belediyemiz ve sevgili Ba\u015fkan\u0131m\u0131z Vahap Se\u00e7er, Mersin\u2019in her b\u00f6lgesinde neye ihtiya\u00e7 varsa tar\u0131ma ve hayvanc\u0131l\u0131\u011fa, orada destek veriyor. Bu neden \u00f6nemli? \u00c7\u00fcnk\u00fc \u00fcretimin kalbi tar\u0131md\u0131r, hayvanc\u0131l\u0131kt\u0131r. Hi\u00e7 olmazsa en az\u0131ndan kendi \u00fclkemizi doyurabiliriz. Daha \u00f6nce kitaplarda bize \u2018T\u00fcrkiye kendi kendini besleyebilen ender \u00fclkelerden\u2019 diye anlat\u0131l\u0131rd\u0131, bilirdik. Ama \u015fimdi gelinen noktada her \u015fey ithalatla sa\u011flanmaya \u00e7al\u0131\u015f\u0131l\u0131yor. \u0130\u015fte b\u00f6yle bir ortamda ve pandemi ortam\u0131nda belki paran\u0131z da olsa yurt d\u0131\u015f\u0131ndan getiremeyece\u011finiz tar\u0131m ve hayvanc\u0131l\u0131k \u00fcr\u00fcnlerinde biz Mersin\u2019de tar\u0131m\u0131, hayvanc\u0131l\u0131\u011f\u0131 destekliyoruz. Biz bunun i\u00e7in sevgili Ba\u015fkan\u0131m\u0131z Vahap Se\u00e7er\u2019e te\u015fekk\u00fcr ediyoruz. Bir Mersin vatanda\u015f\u0131 olarak, Mersin se\u00e7meni olarak, bir Mersin milletvekili olarak ve bir partilisi olarak kendisi ile gurur duydu\u011fumu burada s\u00f6ylemek istiyorum\u201d<\/b>\u00a0dedi.<\/p>\n<p class=\"228bf8a64b8551e1MsoNormal\"><b>\u201cKendi yerli \u00fcretimimizi art\u0131rma \u00e7aban\u0131z\u0131 ger\u00e7ekten tebrik ediyorum\u201d<\/b><\/p>\n<p class=\"228bf8a64b8551e1MsoNormal\">CHP Mersin Milletvekili Cengiz G\u00f6k\u00e7el, T\u00fcrkiye\u2019de tar\u0131msal \u00fcretimin en \u00f6nde gelen sorunlar\u0131ndan bir tanesinin girdi maliyetleri oldu\u011funu belirterek,<b>\u00a0\u00a0\u201c\u0130\u015fte hayvanc\u0131l\u0131kta da en b\u00fcy\u00fck girdi maliyeti yem ve kaba yem. Say\u0131n Belediye Ba\u015fkan\u0131m burada asl\u0131nda \u00e7ok kutsal bir i\u015f yap\u0131yorsunuz. \u00dclkemizin insanlar\u0131n\u0131n beslenmesine, \u00fclkemizin insanlar\u0131n\u0131n ger\u00e7ekten bir ba\u015fka \u00fclkeden getirilen g\u0131da \u00fcr\u00fcn\u00fcn\u00fc t\u00fcketmektense kendi \u00e7ift\u00e7imize, kendi \u00fcreticimize destek olarak devletin ve belediyenin b\u00fct\u00fcn imkanlar\u0131n\u0131 onlara destek olarak kulland\u0131r\u0131p kendi yerli \u00fcretimimizi art\u0131rma \u00e7aban\u0131z\u0131 da ger\u00e7ekten tebrik ediyorum. Bizim \u00fclkemiz ad\u0131na bunlar \u00e7ok \u00f6nemli\u201d\u00a0<\/b>diye konu\u015ftu.<\/p>\n<p class=\"228bf8a64b8551e1MsoNormal\"><b>Birlik ba\u015fkanlar\u0131ndan Ba\u015fkan Se\u00e7er\u2019e te\u015fekk\u00fcr<\/b><\/p>\n<p class=\"228bf8a64b8551e1MsoNormal\">Ba\u015fkan\u0131 Se\u00e7er\u2019in her zaman \u00fcreticinin yan\u0131nda olaca\u011f\u0131 s\u00f6z\u00fcn\u00fc tuttu\u011funu s\u00f6yleyen Tarsus S\u00fct \u00dcreticileri Birli\u011fi Ba\u015fkan\u0131 Danyal Av\u015far,\u00a0<b>\u201c\u0130lk olarak 2 y\u0131l \u00f6nce \u00fcreticilerimizin s\u00fctlerinin daha kaliteli olmas\u0131 i\u00e7in 2 tonluk s\u00fct so\u011futma tank\u0131n\u0131 hibe etti. Ondan sonra \u00fcreticilerimize yem \u00fcretimi i\u00e7in reglas tohum deste\u011fi verildi. \u00dc\u00e7\u00fcnc\u00fc olarak da hamile kad\u0131nlar\u0131n s\u00fct i\u00e7mesi i\u00e7in Birli\u011fimiz ile ortak \u00e7al\u0131\u015farak, 80 ton s\u00fct da\u011f\u0131t\u0131m projesini hayata ge\u00e7irdi ve \u015fimdi de burada sizlerle birlikte kaba yem deste\u011fi i\u00e7in bir arada bulunmaktay\u0131z. Kendine ve de\u011ferli ekibine \u00e7ok te\u015fekk\u00fcr ediyorum\u201d\u00a0<\/b>dedi.<\/p>\n<p class=\"228bf8a64b8551e1MsoNormal\">Mersin S\u00fct \u00dcreticileri Birli\u011fi Ba\u015fkan\u0131 Kuzey Acarba\u015f, yap\u0131lan etkinli\u011fin \u00fcreticilere faydal\u0131 olmas\u0131 temennisinde bulunarak,\u00a0<b>\u201cBa\u015fkan\u0131m\u0131n \u015fahs\u0131nda de\u011ferli ekibine ve bu destekten faydalanan \u00fcreticilerimize hay\u0131rl\u0131 olmas\u0131n\u0131 diliyorum\u201d<\/b>\u00a0diye konu\u015ftu.<\/p>\n<p class=\"228bf8a64b8551e1MsoNormal\">Mersin Dam\u0131zl\u0131k S\u0131\u011f\u0131r Yeti\u015ftiricileri Birli\u011fi Ba\u015fkan\u0131 Nuri Demirba\u015f, B\u00fcy\u00fck\u015fehir Belediyesi\u2019nin daha \u00f6nce de yeti\u015ftiricilere destek sunan projeler yapt\u0131\u011f\u0131n\u0131 belirterek,\u00a0<b>\u201cGirdi maliyetlerinin d\u00fc\u015f\u00fcr\u00fclmesi konusunda bu kaba yem deste\u011finin ayr\u0131 bir yeri var. \u00c7\u00fcnk\u00fc \u015fu anda ger\u00e7ekten gerek bitkisel \u00fcretimde gerek hayvansal \u00fcretimde girdi maliyetlerinde \u00e7ok ciddi art\u0131\u015f var\u201d<\/b>\u00a0ifadelerini kulland\u0131.<\/p>\n<p class=\"228bf8a64b8551e1MsoNormal\">\u201c<b>Bu zor d\u00f6nemde cefakar anne ve babalar\u0131m\u0131z\u0131n umudunu diri tutarak onlara g\u00fc\u00e7 verdiniz\u201d<\/b><\/p>\n<p class=\"228bf8a64b8551e1MsoNormal\">Tarsus Ziraat Odas\u0131 Ba\u015fkan\u0131 Veyis Avc\u0131, Ba\u015fkan Se\u00e7er\u2019e tar\u0131m ve hayvanc\u0131l\u0131k alan\u0131nda hayata ge\u00e7irilen projeler dolay\u0131s\u0131yla te\u015fekk\u00fcr ederek,\u00a0<b>\u201cBu zor d\u00f6nemde cefakar ve vefakar anne ve babalar\u0131m\u0131z\u0131n umudunu diri tutarak onlara g\u00fc\u00e7 ve \u015fevk verdiniz. Sizlere onlar\u0131n ad\u0131na te\u015fekk\u00fcr ederim\u201d\u00a0<\/b>diye konu\u015ftu.<\/p>\n<p class=\"228bf8a64b8551e1MsoNormal\">Ba\u015fkan Se\u00e7er, da\u011f\u0131t\u0131m t\u00f6reninin ard\u0131ndan \u0130smet Pa\u015fa Mahallesi\u2019nde kurulan Cuma Pazar\u0131 esnaf\u0131n\u0131 ziyaret ederek, \u2018<b>hay\u0131rl\u0131 i\u015fler\u2019<\/b>\u00a0diledi.<\/p>\n","protected":false},"excerpt":{"rendered":"<p>Mersin B\u00fcy\u00fck\u015fehir Belediyesi, Ba\u015fkan Vahap Se\u00e7er \u00f6nc\u00fcl\u00fc\u011f\u00fcnde hayata ge\u00e7irdi\u011fi projelerle \u00fcreticiyi desteklemeye devam ediyor. B\u00fcy\u00fck\u015fehir Belediyesi Tar\u0131msal ve Veteriner Hizmetleri Dairesi koordinesinde, Dam\u0131zl\u0131k S\u0131\u011f\u0131r Yeti\u015ftiricileri Birli\u011fi ve Mersin S\u00fct \u00dcreticileri &hellip; <a href=\"https:\/\/mersinekonomipolitikagazetesi.com\/?p=13342\" class=\"more-link\">Devam\u0131n\u0131 Oku&#8230;<\/a><\/p>\n","protected":false},"author":2,"featured_media":13343,"comment_status":"open","ping_status":"open","sticky":false,"template":"","format":"standard","meta":[],"categories":[1,2,3,5],"tags":[],"_links":{"self":[{"href":"https:\/\/mersinekonomipolitikagazetesi.com\/index.php?rest_route=\/wp\/v2\/posts\/13342"}],"collection":[{"href":"https:\/\/mersinekonomipolitikagazetesi.com\/index.php?rest_route=\/wp\/v2\/posts"}],"about":[{"href":"https:\/\/mersinekonomipolitikagazetesi.com\/index.php?rest_route=\/wp\/v2\/types\/post"}],"author":[{"embeddable":true,"href":"https:\/\/mersinekonomipolitikagazetesi.com\/index.php?rest_route=\/wp\/v2\/users\/2"}],"replies":[{"embeddable":true,"href":"https:\/\/mersinekonomipolitikagazetesi.com\/index.php?rest_route=%2Fwp%2Fv2%2Fcomments&post=13342"}],"version-history":[{"count":1,"href":"https:\/\/mersinekonomipolitikagazetesi.com\/index.php?rest_route=\/wp\/v2\/posts\/13342\/revisions"}],"predecessor-version":[{"id":13344,"href":"https:\/\/mersinekonomipolitikagazetesi.com\/index.php?rest_route=\/wp\/v2\/posts\/13342\/revisions\/13344"}],"wp:featuredmedia":[{"embeddable":true,"href":"https:\/\/mersinekonomipolitikagazetesi.com\/index.php?rest_route=\/wp\/v2\/media\/13343"}],"wp:attachment":[{"href":"https:\/\/mersinekonomipolitikagazetesi.com\/index.php?rest_route=%2Fwp%2Fv2%2Fmedia&parent=13342"}],"wp:term":[{"taxonomy":"category","embeddable":true,"href":"https:\/\/mersinekonomipolitikagazetesi.com\/index.php?rest_route=%2Fwp%2Fv2%2Fcategories&post=13342"},{"taxonomy":"post_tag","embeddable":true,"href":"https:\/\/mersinekonomipolitikagazetesi.com\/index.php?rest_route=%2Fwp%2Fv2%2Ftags&post=13342"}],"curies":[{"name":"wp","href":"https:\/\/api.w.org\/{rel}","templated":true}]}}