{"id":13348,"date":"2021-08-22T08:52:48","date_gmt":"2021-08-22T05:52:48","guid":{"rendered":"http:\/\/mersinekonomipolitikagazetesi.com\/?p=13348"},"modified":"2021-08-22T08:52:48","modified_gmt":"2021-08-22T05:52:48","slug":"akdenizde-artik-baris-kardeslik-huzur-ve-sevgi-var","status":"publish","type":"post","link":"https:\/\/mersinekonomipolitikagazetesi.com\/?p=13348","title":{"rendered":"&#8220;Akdeniz\u2019de art\u0131k bar\u0131\u015f, karde\u015flik, huzur ve sevgi var&#8221;"},"content":{"rendered":"<p class=\"western\" align=\"justify\"><span style=\"font-family: Cambria, serif;\"><span style=\"font-size: medium;\"><i>Akdeniz Belediyesi Yaz Futbol Okulu Sertifika T\u00f6reni&#8217;nde konu\u015fan Ba\u015fkan Mustafa G\u00fcltak; &#8220;Akdeniz\u2019de merkez-k\u0131rsal ay\u0131r\u0131m\u0131 yapmadan bir\u00e7ok mahallemize, 30 milyon TL\u2019yi a\u015fan yat\u0131r\u0131mlarla bir yandan yeni tesisler kazand\u0131rd\u0131k, di\u011fer yandan da mevcut tesislerimizi ba\u015ftan sona yenileyip halk\u0131m\u0131z\u0131n hizmetine sunduk&#8221; dedi. <\/i><\/span><\/span><\/p>\n<p class=\"western\" align=\"justify\"><span style=\"font-family: Cambria, serif;\"><span style=\"font-size: medium;\">Akdeniz Belediyesi Yaz Futbol Okulu Sertifika T\u00f6reni, Seyfi Ali T\u00fcrko\u011flu-\u015eafak Erdur Futbol Sahas\u0131&#8217;nda yo\u011fun bir kat\u0131l\u0131mla ger\u00e7ekle\u015fti. Yaz okulunu ba\u015far\u0131yla tamamlayan 250 \u00e7ocu\u011fa sertifikalar\u0131 Akdeniz Belediye Ba\u015fkan\u0131 Mustafa G\u00fcltak taraf\u0131ndan verildi. Ba\u015fkan Yard\u0131mc\u0131lar\u0131 ve birim m\u00fcd\u00fcrlerinin yan\u0131 s\u0131ra \u00e7ok say\u0131da velinin de kat\u0131ld\u0131\u011f\u0131 t\u00f6ren, \u00f6\u011frencilerin futbol m\u00fcsabakas\u0131 ile ba\u015flad\u0131. <\/span><\/span><\/p>\n<p class=\"western\" align=\"justify\"><span style=\"font-family: Cambria, serif;\"><span style=\"font-size: medium;\">&#8220;Spor tesisleri a\u00e7\u0131s\u0131ndan en fakir il\u00e7eydik&#8221;<\/span><\/span><\/p>\n<p class=\"western\" align=\"justify\"><span style=\"font-family: Cambria, serif;\"><span style=\"font-size: medium;\">Velilerin yaz okulundan memnuniyet duyduklar\u0131n\u0131 ifade ettikleri etkinlikte konu\u015fan Ba\u015fkan G\u00fcltak; &#8220;Desteklerinizden \u00f6t\u00fcr\u00fc siz de\u011ferli ebeveynlere \u00e7ok te\u015fekk\u00fcr ediyorum. Akdeniz il\u00e7emiz; biz g\u00f6reve geldi\u011fimizde spor tesisleri a\u00e7\u0131s\u0131ndan en fakir il\u00e7elerimizden biriydi. Bu konuda bizlerden deste\u011fini esirgemeyen ba\u015fta Say\u0131n Cumhurba\u015fkan\u0131m\u0131z Recep Tayyip Erdo\u011fan&#8217;a, Hazine ve Maliye Bakan\u0131m\u0131z Say\u0131n L\u00fctfi Elvan&#8217;a, Spor Bakan\u0131m\u0131z Say\u0131n Mehmet Kasapo\u011flu&#8217;na ve Spor Toto Te\u015fkilat\u0131&#8217;na te\u015fekk\u00fcrlerimi sunuyorum. Onlar\u0131n sayesinde Akdeniz\u2019e hem bir\u00e7ok yeni spor tesisi kazand\u0131rd\u0131k, hem de zamanla y\u0131pranan tesislerimizi yeniledik&#8221; diye konu\u015ftu. <\/span><\/span><\/p>\n<p class=\"western\" align=\"justify\"><span style=\"font-family: Cambria, serif;\"><span style=\"font-size: medium;\">&#8220;Akdeniz\u2019de art\u0131k bar\u0131\u015f, karde\u015flik, huzur ve sevgi var&#8221;<\/span><\/span><\/p>\n<p class=\"western\" align=\"justify\"><span style=\"font-family: Cambria, serif;\"><span style=\"font-size: medium;\">Ba\u015fkan G\u00fcltak; &#8220;Akdeniz\u2019de merkez-k\u0131rsal ay\u0131r\u0131m\u0131 yapmadan bir\u00e7ok farkl\u0131 mahallemize, sadece 2 y\u0131l i\u00e7inde 30 milyon TL\u2019yi a\u015fan yat\u0131r\u0131mlarla bir yandan yeni tesisler kazand\u0131rd\u0131k, di\u011fer yandan mevcut tesislerimizi ba\u015ftan sona yenileyip halk\u0131m\u0131z\u0131n hizmetine sunduk. Sporu, sanat\u0131 ve k\u00fclt\u00fcr\u00fc \u00e7ok \u00f6nemsiyoruz. Akdeniz, ge\u00e7mi\u015fte ter\u00f6r ve uyu\u015fturucu ile an\u0131lan bir il\u00e7e idi. Bug\u00fcn ise bir yandan spor, bir yandan k\u00fclt\u00fcrel ve sanatsal faaliyetlerle Akdeniz\u2019de art\u0131k bar\u0131\u015f, karde\u015flik, huzur ve sevgi var&#8221; dedi. <\/span><\/span><\/p>\n<p class=\"western\" align=\"justify\"><span style=\"font-family: Cambria, serif;\"><span style=\"font-size: medium;\">&#8220;Y\u00fczlerce \u00e7ocu\u011fumuz y\u00fczme \u00f6\u011frendi&#8221;<\/span><\/span><\/p>\n<p class=\"western\" align=\"justify\"><span style=\"font-family: Cambria, serif;\"><span style=\"font-size: medium;\">Ba\u015fkan G\u00fcltak; &#8220;Belediyemizin antren\u00f6rleri e\u015fli\u011finde K\u00fclt\u00fcr ve Sosyal \u0130\u015fler M\u00fcd\u00fcrl\u00fc\u011f\u00fc&#8217;m\u00fcze ba\u011fl\u0131 spor \u015fefli\u011fi b\u00fcnyesinde yaz okullar\u0131m\u0131z\u0131 hayata ge\u00e7irerek \u00e7ocuklar\u0131m\u0131za \u00e7ok g\u00fczel imkanlar sunduk. A\u00e7\u0131lan bu kurslar\u0131m\u0131zda kurdu\u011fumuz portatif havuzlarla da y\u00fczlerce \u00e7ocu\u011fumuz y\u00fczme \u00f6\u011frendi. Faaliyetlerimiz bunlarla da s\u0131n\u0131rl\u0131 kalmad\u0131. Spor Bakanl\u0131\u011f\u0131m\u0131z ile y\u00fcr\u00fctt\u00fc\u011f\u00fcm\u00fcz proje kapsam\u0131nda k\u0131z-erkek 12-15 ya\u015f aral\u0131\u011f\u0131ndaki \u00e7ocuklar\u0131m\u0131z\u0131 da yaz kamp\u0131na g\u00f6nderdik. Orada sportif faaliyetlerin yan\u0131nda k\u00fclt\u00fcrel ve sanatsal etkinliklerle de olduk\u00e7a verimli zaman ge\u00e7irmelerini sa\u011flad\u0131k&#8221; \u015feklinde konu\u015ftu. <\/span><\/span><\/p>\n<p class=\"western\" align=\"justify\"><span style=\"font-family: Cambria, serif;\"><span style=\"font-size: medium;\">&#8220;Biz evlatlar\u0131m\u0131z i\u00e7in elimizden geleni yapmaya devam edece\u011fiz&#8221;<\/span><\/span><\/p>\n<p class=\"western\" align=\"justify\"><span style=\"font-family: Cambria, serif;\"><span style=\"font-size: medium;\">&#8220;Bir spor dal\u0131yla u\u011fra\u015fan \u00e7ocu\u011fun e\u011fitim hayat\u0131 da sosyal hayat\u0131 da ba\u015far\u0131 hikayeleri ile dolu olur&#8221; diyen Ba\u015fkan G\u00fcltak; &#8220;Bizler, de\u011ferli antren\u00f6rlerimizin de deste\u011fi ile evlatlar\u0131m\u0131z\u0131 hem soka\u011f\u0131n risklerinden uzak tutmak hem de onlara g\u00fczel bir gelecek sa\u011flamak i\u00e7in elimizden geleni yapmaya devam edece\u011fiz. Akdeniz Belediyesi Yaz Futbol Okulu&#8217;nu tamamlayan evlatlar\u0131m\u0131za ba\u015far\u0131lar\u0131n\u0131n daim olmas\u0131n\u0131 temenni ediyor; velilerimize de bizlere olan g\u00fcven ve destekleri i\u00e7in ayr\u0131ca te\u015fekk\u00fcr ediyorum&#8221; ifadelerini kulland\u0131. <\/span><\/span><\/p>\n","protected":false},"excerpt":{"rendered":"<p>Akdeniz Belediyesi Yaz Futbol Okulu Sertifika T\u00f6reni&#8217;nde konu\u015fan Ba\u015fkan Mustafa G\u00fcltak; &#8220;Akdeniz\u2019de merkez-k\u0131rsal ay\u0131r\u0131m\u0131 yapmadan bir\u00e7ok mahallemize, 30 milyon TL\u2019yi a\u015fan yat\u0131r\u0131mlarla bir yandan yeni tesisler kazand\u0131rd\u0131k, di\u011fer yandan da &hellip; <a href=\"https:\/\/mersinekonomipolitikagazetesi.com\/?p=13348\" class=\"more-link\">Devam\u0131n\u0131 Oku&#8230;<\/a><\/p>\n","protected":false},"author":2,"featured_media":13349,"comment_status":"open","ping_status":"open","sticky":false,"template":"","format":"standard","meta":[],"categories":[1,2,3,10],"tags":[],"_links":{"self":[{"href":"https:\/\/mersinekonomipolitikagazetesi.com\/index.php?rest_route=\/wp\/v2\/posts\/13348"}],"collection":[{"href":"https:\/\/mersinekonomipolitikagazetesi.com\/index.php?rest_route=\/wp\/v2\/posts"}],"about":[{"href":"https:\/\/mersinekonomipolitikagazetesi.com\/index.php?rest_route=\/wp\/v2\/types\/post"}],"author":[{"embeddable":true,"href":"https:\/\/mersinekonomipolitikagazetesi.com\/index.php?rest_route=\/wp\/v2\/users\/2"}],"replies":[{"embeddable":true,"href":"https:\/\/mersinekonomipolitikagazetesi.com\/index.php?rest_route=%2Fwp%2Fv2%2Fcomments&post=13348"}],"version-history":[{"count":1,"href":"https:\/\/mersinekonomipolitikagazetesi.com\/index.php?rest_route=\/wp\/v2\/posts\/13348\/revisions"}],"predecessor-version":[{"id":13350,"href":"https:\/\/mersinekonomipolitikagazetesi.com\/index.php?rest_route=\/wp\/v2\/posts\/13348\/revisions\/13350"}],"wp:featuredmedia":[{"embeddable":true,"href":"https:\/\/mersinekonomipolitikagazetesi.com\/index.php?rest_route=\/wp\/v2\/media\/13349"}],"wp:attachment":[{"href":"https:\/\/mersinekonomipolitikagazetesi.com\/index.php?rest_route=%2Fwp%2Fv2%2Fmedia&parent=13348"}],"wp:term":[{"taxonomy":"category","embeddable":true,"href":"https:\/\/mersinekonomipolitikagazetesi.com\/index.php?rest_route=%2Fwp%2Fv2%2Fcategories&post=13348"},{"taxonomy":"post_tag","embeddable":true,"href":"https:\/\/mersinekonomipolitikagazetesi.com\/index.php?rest_route=%2Fwp%2Fv2%2Ftags&post=13348"}],"curies":[{"name":"wp","href":"https:\/\/api.w.org\/{rel}","templated":true}]}}