{"id":13352,"date":"2021-08-22T09:53:58","date_gmt":"2021-08-22T06:53:58","guid":{"rendered":"http:\/\/mersinekonomipolitikagazetesi.com\/?p=13352"},"modified":"2021-08-22T09:53:58","modified_gmt":"2021-08-22T06:53:58","slug":"hastanede-yatan-huseyin-cemal-miri-tercihlerin-son-gununde-buyuksehire-basvurdu","status":"publish","type":"post","link":"https:\/\/mersinekonomipolitikagazetesi.com\/?p=13352","title":{"rendered":"HASTANEDE YATAN H\u00dcSEY\u0130N CEMAL M\u0130R\u0130, TERC\u0130HLER\u0130N SON G\u00dcN\u00dcNDE B\u00dcY\u00dcK\u015eEH\u0130R\u2019E BA\u015eVURDU"},"content":{"rendered":"<p class=\"228bf8a64b8551e1MsoNormal\">Mersin B\u00fcy\u00fck\u015fehir Belediyesi\u2019nin sa\u011flad\u0131\u011f\u0131 \u2018\u00dcniversiteye Giri\u015f Tercih Dan\u0131\u015fmanl\u0131\u011f\u0131\u2019 deste\u011finden son olarak 20 ya\u015f\u0131ndaki H\u00fcseyin Cemal Miri yararland\u0131. Hastanede yatt\u0131\u011f\u0131 i\u00e7in \u00fcniversite tercihi yapamayan Miri, tercihlerin son g\u00fcn\u00fc B\u00fcy\u00fck\u015fehir\u2019e ba\u015fvurdu. \u00d6\u011frencilere her konuda destek olan B\u00fcy\u00fck\u015fehir, bu kez de H\u00fcseyin Cemal Miri\u2019nin hayaline bir ad\u0131m daha yakla\u015fmas\u0131na yard\u0131mc\u0131 oldu.<\/p>\n<p class=\"228bf8a64b8551e1MsoNormal\"><b>Hastanede yatt\u0131\u011f\u0131 i\u00e7in \u00fcniversite tercihi yapamayacakt\u0131<\/b><\/p>\n<p class=\"228bf8a64b8551e1MsoNormal\">Kocaeli\u2019den Ankara\u2019ya, ard\u0131ndan da G\u00fclnar\u2019a ta\u015f\u0131nan Miri, ge\u00e7irdi\u011fi rahats\u0131zl\u0131k nedeniyle 10 g\u00fcnd\u00fcr Mersin \u00dcniversitesi T\u0131p Fak\u00fcltesi Hastanesi\u2019nde yatt\u0131\u011f\u0131n\u0131 s\u00f6yledi. Belindeki iki disk aras\u0131ndaki s\u0131v\u0131da kararma oldu\u011funu, bu kararmada olu\u015fan f\u0131t\u0131\u011f\u0131n da sinirlerine bask\u0131 yapt\u0131\u011f\u0131n\u0131 belirten Miri, eklem kaslar\u0131n\u0131n da tahri\u015f oldu\u011funu s\u00f6yledi. Yak\u0131n zamanda ameliyata al\u0131nd\u0131\u011f\u0131n\u0131 s\u00f6zlerine ekleyen Miri, bu sebeple \u00fcniversite tercihlerini yapamad\u0131\u011f\u0131n\u0131 kaydetti.<\/p>\n<p class=\"228bf8a64b8551e1MsoNormal\"><b>Miri, tercihlerin son g\u00fcn\u00fc B\u00fcy\u00fck\u015fehir\u2019e ba\u015fvurdu<\/b><\/p>\n<p class=\"228bf8a64b8551e1MsoNormal\">Tercihlerin son g\u00fcn\u00fcnde MERC\u0130 \u00d6\u011frenci Dan\u0131\u015fmanl\u0131k Merkezi\u2019nin ileti\u015fim hatt\u0131n\u0131 arayan Miri, B\u00fcy\u00fck\u015fehir\u2019den yard\u0131m istedi. 2-20 A\u011fustos 2021 tarihleri aras\u0131nda Kongre ve Sergi Saray\u0131\u2019nda \u00fccretsiz \u2018\u00dcniversiteye Giri\u015f Tercih Dan\u0131\u015fmanl\u0131\u011f\u0131\u2019 hizmeti veren MERC\u0130, tercihlerin son g\u00fcn\u00fc ve son dakikalar\u0131nda H\u00fcseyin Cemal Miri\u2019ye destek verdi. Zab\u0131ta personeli taraf\u0131ndan kald\u0131\u011f\u0131 hastaneden al\u0131n\u0131p dan\u0131\u015fmanl\u0131k hizmetinin verildi\u011fi merkeze getirilen Miri\u2019ye, B\u00fcy\u00fck\u015fehir\u2019in rehber \u00f6\u011fretmeni Canan Serin yard\u0131mc\u0131 oldu.<\/p>\n<p class=\"228bf8a64b8551e1MsoNormal\"><b>\u201c\u0130lk \u00f6nce tan\u0131\u015ft\u0131k, sa\u011fl\u0131\u011f\u0131ndan da g\u00fczel haberler ald\u0131k\u201d<\/b><\/p>\n<p class=\"228bf8a64b8551e1MsoNormal\">MERC\u0130 \u00d6\u011frenci Dan\u0131\u015fmanl\u0131k Merkezi\u2019nde g\u00f6revli rehber \u00f6\u011fretmen Canan Serin, 18 g\u00fcnd\u00fcr \u00f6\u011frencilere hizmet verdiklerini belirterek,<b>\u00a0\u201cBug\u00fcn de son g\u00fcn\u00fcm\u00fcz. Bir telefon geldi. \u00d6\u011frencimiz hastanede oldu\u011funu, tercihler i\u00e7in yard\u0131mc\u0131 olmam\u0131z\u0131 istedi. Bizler de hemen ileti\u015fime girdik. Zab\u0131talardan yard\u0131m ald\u0131k ve \u00f6\u011frencimizi yan\u0131m\u0131za getirdiler. \u0130lk \u00f6nce tan\u0131\u015ft\u0131k, sa\u011fl\u0131\u011f\u0131ndan da g\u00fczel haberler ald\u0131k. Umar\u0131m daha g\u00fczel haberlerini de al\u0131r\u0131z. Tercih konusunda, \u00fcniversiteler hakk\u0131nda, b\u00f6l\u00fcmler hakk\u0131nda bizden bilgi istedi. Detayl\u0131 olarak, s\u0131ralamas\u0131yla birlikte gelebilecek \u00fcniversite ve b\u00f6l\u00fcmlere bakt\u0131k. Gelece\u011fine ve ilgi alan\u0131na y\u00f6nelik hangi b\u00f6l\u00fcmler gelebiliyor bunlar\u0131 detayl\u0131 olarak inceledik\u201d\u00a0<\/b>dedi.<b><\/b><\/p>\n<p class=\"228bf8a64b8551e1MsoNormal\"><b>\u201cBurada g\u00fczel tercihlerde bulunaca\u011f\u0131ma inan\u0131yorum\u201d<\/b><\/p>\n<p class=\"228bf8a64b8551e1MsoNormal\">Ankara\u2019da yaz\u0131l\u0131m veya bilgisayar m\u00fchendisli\u011fi kazanmak istedi\u011fini belirten H\u00fcseyin Cemal Miri ise rahats\u0131zl\u0131\u011f\u0131 nedeniyle tercihlere pek odaklanamad\u0131\u011f\u0131n\u0131 belirterek,\u00a0<b>\u201cSa\u011f olsunlar MERC\u0130 Dan\u0131\u015fmanl\u0131k beni buraya kadar getirdi. Burada da g\u00fczel tercihlerde bulunaca\u011f\u0131ma inan\u0131yorum. Umar\u0131m ba\u015far\u0131l\u0131 olurum. Bu hizmet ba\u015far\u0131l\u0131 bir hizmet. \u00d6\u011frencilere yard\u0131m etme konusunda bir \u00e7aba sarf ediyor, ba\u015far\u0131 g\u00f6steriyor. Bir amac\u0131 ve azmi var. Vahap Ba\u015fkan da \u00f6\u011frencilere ve ebeveynlerine b\u00fcy\u00fck bir umut sa\u011flamakta\u201d<\/b>\u00a0diye konu\u015ftu.<\/p>\n","protected":false},"excerpt":{"rendered":"<p>Mersin B\u00fcy\u00fck\u015fehir Belediyesi\u2019nin sa\u011flad\u0131\u011f\u0131 \u2018\u00dcniversiteye Giri\u015f Tercih Dan\u0131\u015fmanl\u0131\u011f\u0131\u2019 deste\u011finden son olarak 20 ya\u015f\u0131ndaki H\u00fcseyin Cemal Miri yararland\u0131. Hastanede yatt\u0131\u011f\u0131 i\u00e7in \u00fcniversite tercihi yapamayan Miri, tercihlerin son g\u00fcn\u00fc B\u00fcy\u00fck\u015fehir\u2019e ba\u015fvurdu. \u00d6\u011frencilere &hellip; <a href=\"https:\/\/mersinekonomipolitikagazetesi.com\/?p=13352\" class=\"more-link\">Devam\u0131n\u0131 Oku&#8230;<\/a><\/p>\n","protected":false},"author":2,"featured_media":13353,"comment_status":"open","ping_status":"open","sticky":false,"template":"","format":"standard","meta":[],"categories":[3,5],"tags":[],"_links":{"self":[{"href":"https:\/\/mersinekonomipolitikagazetesi.com\/index.php?rest_route=\/wp\/v2\/posts\/13352"}],"collection":[{"href":"https:\/\/mersinekonomipolitikagazetesi.com\/index.php?rest_route=\/wp\/v2\/posts"}],"about":[{"href":"https:\/\/mersinekonomipolitikagazetesi.com\/index.php?rest_route=\/wp\/v2\/types\/post"}],"author":[{"embeddable":true,"href":"https:\/\/mersinekonomipolitikagazetesi.com\/index.php?rest_route=\/wp\/v2\/users\/2"}],"replies":[{"embeddable":true,"href":"https:\/\/mersinekonomipolitikagazetesi.com\/index.php?rest_route=%2Fwp%2Fv2%2Fcomments&post=13352"}],"version-history":[{"count":1,"href":"https:\/\/mersinekonomipolitikagazetesi.com\/index.php?rest_route=\/wp\/v2\/posts\/13352\/revisions"}],"predecessor-version":[{"id":13354,"href":"https:\/\/mersinekonomipolitikagazetesi.com\/index.php?rest_route=\/wp\/v2\/posts\/13352\/revisions\/13354"}],"wp:featuredmedia":[{"embeddable":true,"href":"https:\/\/mersinekonomipolitikagazetesi.com\/index.php?rest_route=\/wp\/v2\/media\/13353"}],"wp:attachment":[{"href":"https:\/\/mersinekonomipolitikagazetesi.com\/index.php?rest_route=%2Fwp%2Fv2%2Fmedia&parent=13352"}],"wp:term":[{"taxonomy":"category","embeddable":true,"href":"https:\/\/mersinekonomipolitikagazetesi.com\/index.php?rest_route=%2Fwp%2Fv2%2Fcategories&post=13352"},{"taxonomy":"post_tag","embeddable":true,"href":"https:\/\/mersinekonomipolitikagazetesi.com\/index.php?rest_route=%2Fwp%2Fv2%2Ftags&post=13352"}],"curies":[{"name":"wp","href":"https:\/\/api.w.org\/{rel}","templated":true}]}}