{"id":13361,"date":"2021-08-23T14:37:50","date_gmt":"2021-08-23T11:37:50","guid":{"rendered":"http:\/\/mersinekonomipolitikagazetesi.com\/?p=13361"},"modified":"2021-08-23T14:37:50","modified_gmt":"2021-08-23T11:37:50","slug":"buyuksehir-2-bin-rakimda-da-yoruklerin-yaninda","status":"publish","type":"post","link":"https:\/\/mersinekonomipolitikagazetesi.com\/?p=13361","title":{"rendered":"B\u00dcY\u00dcK\u015eEH\u0130R, 2 B\u0130N RAKIMDA DA Y\u00d6R\u00dcKLER\u2019\u0130N YANINDA"},"content":{"rendered":"<p class=\"228bf8a64b8551e1MsoNormal\">Mersin B\u00fcy\u00fck\u015fehir Belediyesi\u2019nin Mobil Kuaf\u00f6r, Gezici K\u00fct\u00fcphane, Vahap Amca\u2019yla Tatl\u0131 G\u00fcnler ile Evde Sa\u011fl\u0131k ve Bak\u0131m hizmetleri, Toroslar il\u00e7esi Atl\u0131lar Mahallesi\u2019nin devam\u0131nda yer alan 2 bin rak\u0131mdaki obalara ula\u015ft\u0131. Hayvanlar\u0131n\u0131 otlatmak i\u00e7in Toroslar\u2019\u0131n y\u00fcksek kesimlerindeki obalarda konaklayan konarg\u00f6\u00e7er Y\u00f6r\u00fckler, telefonun bile \u00e7ekmedi\u011fi bir noktada B\u00fcy\u00fck\u015fehir\u2019in hizmetlerinden yararland\u0131.<\/p>\n<p class=\"228bf8a64b8551e1MsoNormal\"><b>4 ara\u00e7 merkezden 2 bin rak\u0131ma do\u011fru yola \u00e7\u0131kt\u0131<\/b><\/p>\n<p class=\"228bf8a64b8551e1MsoNormal\">Mersin\u2019in konarg\u00f6\u00e7er Y\u00f6r\u00fckleri, g\u00f6\u00e7 sezonunda hayvanlar\u0131n\u0131 otlatmak i\u00e7in y\u00fcksek kesimlere do\u011fru yola \u00e7\u0131kt\u0131. G\u00f6\u00e7 sezonu \u00f6ncesi Y\u00f6r\u00fckler\u2019in yolunu a\u00e7an B\u00fcy\u00fck\u015fehir Belediyesi, g\u00f6\u00e7 s\u0131ras\u0131nda ise konarg\u00f6\u00e7er Y\u00f6r\u00fckler\u2019e g\u00f6\u00e7 az\u0131\u011f\u0131 ula\u015ft\u0131rd\u0131. B\u00fcy\u00fck\u015fehir, konarg\u00f6\u00e7er Y\u00f6r\u00fckleri konaklad\u0131klar\u0131 obalarda da yaln\u0131z b\u0131rakmad\u0131. Sosyal Hizmetler, Engelliler ve Sa\u011fl\u0131k Hizmetleri ile K\u00fclt\u00fcr ve Sosyal \u0130\u015fler Dairelerinin ortak \u00e7al\u0131\u015fmas\u0131yla B\u00fcy\u00fck\u015fehir\u2019in \u00e7ok say\u0131da hizmeti 2 bin rak\u0131mdaki obalara ula\u015ft\u0131. Sabah saatlerinde A\u015fhane\u2019den yola \u00e7\u0131kan 4 ara\u00e7, uzun bir yolculu\u011fun ard\u0131ndan telefonun bile \u00e7ekmedi\u011fi y\u00fcksek kesimlerdeki obalara eri\u015fti.<\/p>\n<p class=\"228bf8a64b8551e1MsoNormal\"><b>Y\u00f6r\u00fck ailelere sa\u011fl\u0131k kontrol\u00fcnden t\u0131ra\u015fa kadar bir\u00e7ok hizmet sunuldu<\/b><\/p>\n<p class=\"228bf8a64b8551e1MsoNormal\"><b>\u2018Mobil Kuaf\u00f6r\u2019<\/b> arac\u0131 ile k\u0131rsalda hizmet veren B\u00fcy\u00fck\u015fehir\u2019in kuaf\u00f6rleri, Y\u00f6r\u00fckleri 2 bin rak\u0131mdaki obalarda hem t\u0131ra\u015f etti hem de bak\u0131mlar\u0131n\u0131 yapt\u0131. \u2018<b>Gezici K\u00fct\u00fcphane\u2019 <\/b>arac\u0131ndan ise Y\u00f6r\u00fck ailelerin \u00e7ocuklar\u0131na kitaplar hediye edildi. <b>\u2018Vahap Amca ile Tatl\u0131 G\u00fcnler\u2019<\/b> ara\u00e7lar\u0131 da obalara ula\u015ft\u0131. Bu ara\u00e7lardan Y\u00f6r\u00fck vatanda\u015flara a\u015fure, mamul ve limonata gibi \u00e7ok say\u0131da ikram yap\u0131l\u0131rken, \u00e7ocuklara ise oyuncak bebek ve kumandal\u0131 araba hediye edildi. B\u00fcy\u00fck\u015fehir\u2019in <b>\u2018Evde Sa\u011fl\u0131k ve Bak\u0131m\u2019 <\/b>ekibi ise obalarda ya\u015fayan Y\u00f6r\u00fck vatanda\u015flara sa\u011fl\u0131k kontrol\u00fc hizmeti g\u00f6t\u00fcrd\u00fc.<\/p>\n<p class=\"228bf8a64b8551e1MsoNormal\"><b>\u201cBug\u00fcn t\u00fcm ekibimizle buraday\u0131z\u201d<\/b><\/p>\n<p class=\"228bf8a64b8551e1MsoNormal\">Mersin B\u00fcy\u00fck\u015fehir Belediyesi Sosyal Hizmetler \u015eube M\u00fcd\u00fcr\u00fc \u00d6zlem Ya\u015far, Mersin\u2019in her noktas\u0131nda olduklar\u0131n\u0131 belirterek, <b>\u201cHerkesle birlikteyiz. O nedenle bug\u00fcn t\u00fcm ekibimizle buraday\u0131z. \u00c7ocu\u011fundan gencine, ya\u015fl\u0131s\u0131na kadar t\u00fcm vatanda\u015flar\u0131m\u0131za ula\u015fmay\u0131 ama\u00e7l\u0131yoruz. Vahap Ba\u015fkan\u0131m\u0131z\u0131n selam\u0131 ve k\u00fc\u00e7\u00fck hediyelerimizle geldik. G\u00fczel kar\u015f\u0131land\u0131k. Herkes hayat\u0131ndan memnun. Burada faaliyetlerine devam ediyorlar. Atl\u0131lar\u2019a ba\u011fl\u0131 Y\u0131lan Ovas\u0131 ba\u015flang\u0131\u00e7 yerimiz. Buradan da a\u015fama a\u015fama di\u011fer meralar\u0131 ziyaret edece\u011fiz\u201d <\/b>dedi.<\/p>\n<p class=\"228bf8a64b8551e1MsoNormal\">Engelliler ve Sa\u011fl\u0131k Hizmetleri Dairesi\u2019nde g\u00f6revli Hem\u015fire Zeynep \u00c7elik ise yapt\u0131klar\u0131 \u00e7al\u0131\u015fmadan bahsederek, <b>\u201cSa\u011fl\u0131k taramas\u0131 olarak tansiyonlar\u0131n\u0131, kan \u015fekerini \u00f6l\u00e7t\u00fck. ANT takibi yapt\u0131k. Sat\u00fcrasyon kalp at\u0131\u015flar\u0131n\u0131 \u00f6l\u00e7t\u00fck. \u00d6zel durumlar\u0131yla ilgili, sa\u011fl\u0131k sorunlar\u0131yla ilgili bilgi ald\u0131k. Gerekli y\u00f6nlendirmeleri yapt\u0131k\u201d<\/b> diye konu\u015ftu.<\/p>\n<p class=\"228bf8a64b8551e1MsoNormal\"><b>\u201cBa\u015fkan\u0131m\u0131z Say\u0131n Vahap Se\u00e7er, bize Y\u00f6r\u00fckler i\u00e7in ne yapabilece\u011fini sormu\u015ftu\u201d<\/b><\/p>\n<p class=\"228bf8a64b8551e1MsoNormal\">Ta\u015feli Y\u00f6r\u00fckleri K\u00fclt\u00fcr ve Dayan\u0131\u015fma Derne\u011fi Genel Sekreteri ve Y\u00f6r\u00fck T\u00fcrkmen Vakf\u0131 Mersin \u015eubesi Ba\u015fkan Yard\u0131mc\u0131s\u0131 \u015eerife Ar\u0131c\u0131 Y\u0131ld\u0131z, B\u00fcy\u00fck\u015fehir\u2019in \u00e7ok \u00f6zg\u00fcn ve farkl\u0131 bir \u00e7al\u0131\u015fmay\u0131 hayata ge\u00e7irdi\u011fini belirterek, <b>\u201cBelki her belediyenin kolay kolay yerine getiremeyece\u011fi bir hizmetle buraday\u0131z. Sa\u011f olsun B\u00fcy\u00fck\u015fehir Belediye Ba\u015fkan\u0131m\u0131z Say\u0131n Vahap Se\u00e7er bir s\u00fcre \u00f6nce bizlerle, mera ba\u015fkanlar\u0131yla bir toplant\u0131 yapm\u0131\u015ft\u0131. Bize Y\u00f6r\u00fckler i\u00e7in ne yapabilece\u011fini sormu\u015ftu. Biz de ihtiya\u00e7lara y\u00f6nelik bir dizi bilgilendirmede bulunmu\u015ftuk. O bilgiler do\u011frultusunda konarg\u00f6\u00e7er Y\u00f6r\u00fckler\u2019in ihtiya\u00e7lar\u0131na y\u00f6nelik B\u00fcy\u00fck\u015fehir Belediyesi baz\u0131 etkinlikler ba\u015flatt\u0131. Bunlardan ilki yaylaya g\u00f6\u00e7 \u00f6ncesinde Y\u00f6r\u00fck ailelere g\u00f6\u00e7 az\u0131\u011f\u0131 ad\u0131 alt\u0131nda bir erzak da\u011f\u0131t\u0131m\u0131yd\u0131. Bu erzaklar\u0131n Y\u00f6r\u00fckler\u2019e ula\u015fmas\u0131 i\u00e7in biz dernek olarak arac\u0131 olup bir g\u00f6\u00e7 u\u011furlamas\u0131 yapt\u0131k\u201d <\/b>ifadelerine yer verdi.<\/p>\n<p class=\"228bf8a64b8551e1MsoNormal\"><b>\u201cAz \u00f6nce berberlerin t\u0131ra\u015f etti\u011fi \u00e7ocuklar\u0131n g\u00f6z\u00fcndeki \u0131\u015f\u0131lt\u0131y\u0131 g\u00f6rd\u00fcm\u201d<\/b><\/p>\n<p class=\"228bf8a64b8551e1MsoNormal\">B\u00fcy\u00fck\u015fehir\u2019in hayata ge\u00e7irdi\u011fi yeni \u00e7al\u0131\u015fman\u0131n da Y\u00f6r\u00fck aileler taraf\u0131ndan memnuniyetle kar\u015f\u0131land\u0131\u011f\u0131n\u0131 s\u00f6zlerine ekleyen Y\u0131ld\u0131z, \u015f\u00f6yle devam etti:<\/p>\n<p class=\"228bf8a64b8551e1MsoNormal\"><b>\u201cBu da\u011flar\u0131n ba\u015f\u0131nda sa\u011fl\u0131k hizmetlerine ula\u015fmakta, k\u00fclt\u00fcrel hizmetlere ula\u015fmakta, sosyalle\u015fmekte \u00e7ok ciddi s\u0131k\u0131nt\u0131lar\u0131 oluyor. B\u00fcy\u00fck\u015fehir Belediyemiz bu dokunu\u015flar\u0131yla bu anlamda bizce \u00e7ok olumlu bir hizmette bulundu. Az \u00f6nce berberlerin t\u0131ra\u015f etti\u011fi \u00e7ocuklar\u0131n g\u00f6z\u00fcndeki \u0131\u015f\u0131lt\u0131y\u0131 g\u00f6rd\u00fcm. Yine bir k\u00fc\u00e7\u00fck k\u0131z \u00e7ocu\u011fumuzun oyuncak al\u0131rken g\u00f6z\u00fcndeki \u0131\u015f\u0131lt\u0131y\u0131 g\u00f6rd\u00fcm. Yine bir han\u0131m arkada\u015f\u0131m\u0131z\u0131n bir sa\u011fl\u0131k sorunu vard\u0131. Sa\u011fl\u0131k biriminden gelen arkada\u015flar notlar\u0131n\u0131 ald\u0131lar, kendisini hastaneye g\u00f6t\u00fcr\u00fcp hastal\u0131\u011f\u0131n\u0131n te\u015fhis ve tedavisi i\u00e7in yard\u0131mc\u0131 olacaklar\u0131n\u0131 bildirdiler. T\u00fcm Y\u00f6r\u00fckler ad\u0131na B\u00fcy\u00fck\u015fehir Belediyemize, Ba\u015fkan\u0131m\u0131z Say\u0131n Vahap Se\u00e7er\u2019e ve burada canla ba\u015fla \u00e7al\u0131\u015fan t\u00fcm arkada\u015flara \u00e7ok te\u015fekk\u00fcr ediyorum.\u201d<\/b><\/p>\n<p class=\"228bf8a64b8551e1MsoNormal\"><b>\u201cFarkl\u0131 bir \u015fey oldu, en az\u0131ndan hat\u0131rland\u0131lar\u201d<\/b><\/p>\n<p class=\"228bf8a64b8551e1MsoNormal\">Atl\u0131lar Mahalle Muhtar\u0131 Mutlu \u00d6zdemir, bulunduklar\u0131 yaylaya d\u00f6nemsel olarak ortalama 300 ki\u015filik bir g\u00f6\u00e7 oldu\u011funu belirterek, <b>\u201cY\u0131lan Ovas\u0131 Mevkii buras\u0131. 2 bin rak\u0131ml\u0131 bir yaylam\u0131z. Yaylam\u0131z\u0131n ba\u015flang\u0131c\u0131. Daha y\u00fcksekler de var. Kanisaf Mevkii var, Fenerce, Kuzuta\u015f\u0131, Kat\u0131r\u00e7ay\u0131r, Yedig\u00f6z, \u00d6\u015f\u00fcn, Kalburcu var. Burada, b\u00f6yle bir zamanda Y\u00f6r\u00fck karde\u015flerimize B\u00fcy\u00fck\u015fehir Belediye Ba\u015fkan\u0131m\u0131z Say\u0131n Vahap Se\u00e7er\u2019in hem selam\u0131n\u0131 getirdiler hem \u00e7ocuklara \u00e7e\u015fitli etkinlikler, b\u00fcy\u00fckler i\u00e7in kuaf\u00f6r hizmeti, k\u00fct\u00fcphane hizmeti verdiler. Farkl\u0131 bir \u015fey oldu. En az\u0131ndan hat\u0131rland\u0131lar. Buradan Vahap Ba\u015fkan\u0131m\u0131za \u00e7ok te\u015fekk\u00fcr ediyorum\u201d <\/b>dedi.<\/p>\n<p class=\"228bf8a64b8551e1MsoNormal\"><b>\u201cBizi \u015fehirde gibi hissettirdi\u201d<\/b><\/p>\n<p class=\"228bf8a64b8551e1MsoNormal\">Tarsus il\u00e7esine ba\u011fl\u0131 Boztepe Mahallesi\u2019nde ya\u015fayan Mehmet Ali Toros, May\u0131s ay\u0131yla beraber Y\u0131lan Ovas\u0131\u2019na \u00e7\u0131kt\u0131klar\u0131n\u0131 belirtti. Kendilerine ula\u015fan hizmetlerden memnun kald\u0131klar\u0131n\u0131 kaydeden Toros, <b>\u201cBizi \u015fehirde gibi hissettirdi. Vahap Ba\u015fkan\u0131m\u0131za bize bu duyguyu tatt\u0131r\u0131p bu ortam\u0131 ya\u015fatt\u0131\u011f\u0131 i\u00e7in selam ve sayg\u0131lar\u0131m\u0131z\u0131 sunup \u00e7ok te\u015fekk\u00fcr ederiz. Kuaf\u00f6rd\u00fc, hediyeydi, s\u00f6zle dile getiremedi\u011fimiz bir\u00e7ok \u015feyi imkans\u0131zl\u0131klar dahilinde bize sundu\u201d<\/b>diye konu\u015ftu.<\/p>\n<p class=\"228bf8a64b8551e1MsoNormal\"><b>\u201cBuraya geldikleri i\u00e7in memnun olduk\u201d<\/b><\/p>\n<p class=\"228bf8a64b8551e1MsoNormal\">Y\u00f6r\u00fck kad\u0131nlardan Teslime Toros da hizmetten memnun kald\u0131\u011f\u0131n\u0131 belirterek, <b>\u201cBiz hayvanc\u0131l\u0131kla u\u011fra\u015f\u0131yoruz. Koyunlar\u0131m\u0131z, ke\u00e7ilerimiz var. Onlarla ilgileniyoruz, onlar\u0131n bak\u0131m\u0131n\u0131 yap\u0131yoruz. Buraya yaz\u0131n \u00e7\u0131k\u0131yoruz. K\u0131\u015f\u0131n a\u015fa\u011f\u0131da, Pir\u00f6merli K\u00f6y\u00fc\u2019nde evde oturuyoruz. Buraya geldikleri i\u00e7in memnun olduk. Sa\u011fl\u0131k taramas\u0131 yapt\u0131lar. \u015eekerimi, tansiyonumu \u00f6l\u00e7t\u00fcler. Memnun oldum, geldiklerine sevindim. Allah raz\u0131 olsun\u201d<\/b> dedi.<\/p>\n","protected":false},"excerpt":{"rendered":"<p>Mersin B\u00fcy\u00fck\u015fehir Belediyesi\u2019nin Mobil Kuaf\u00f6r, Gezici K\u00fct\u00fcphane, Vahap Amca\u2019yla Tatl\u0131 G\u00fcnler ile Evde Sa\u011fl\u0131k ve Bak\u0131m hizmetleri, Toroslar il\u00e7esi Atl\u0131lar Mahallesi\u2019nin devam\u0131nda yer alan 2 bin rak\u0131mdaki obalara ula\u015ft\u0131. Hayvanlar\u0131n\u0131 &hellip; <a href=\"https:\/\/mersinekonomipolitikagazetesi.com\/?p=13361\" class=\"more-link\">Devam\u0131n\u0131 Oku&#8230;<\/a><\/p>\n","protected":false},"author":2,"featured_media":13362,"comment_status":"open","ping_status":"open","sticky":false,"template":"","format":"standard","meta":[],"categories":[1,2,3,5],"tags":[],"_links":{"self":[{"href":"https:\/\/mersinekonomipolitikagazetesi.com\/index.php?rest_route=\/wp\/v2\/posts\/13361"}],"collection":[{"href":"https:\/\/mersinekonomipolitikagazetesi.com\/index.php?rest_route=\/wp\/v2\/posts"}],"about":[{"href":"https:\/\/mersinekonomipolitikagazetesi.com\/index.php?rest_route=\/wp\/v2\/types\/post"}],"author":[{"embeddable":true,"href":"https:\/\/mersinekonomipolitikagazetesi.com\/index.php?rest_route=\/wp\/v2\/users\/2"}],"replies":[{"embeddable":true,"href":"https:\/\/mersinekonomipolitikagazetesi.com\/index.php?rest_route=%2Fwp%2Fv2%2Fcomments&post=13361"}],"version-history":[{"count":1,"href":"https:\/\/mersinekonomipolitikagazetesi.com\/index.php?rest_route=\/wp\/v2\/posts\/13361\/revisions"}],"predecessor-version":[{"id":13363,"href":"https:\/\/mersinekonomipolitikagazetesi.com\/index.php?rest_route=\/wp\/v2\/posts\/13361\/revisions\/13363"}],"wp:featuredmedia":[{"embeddable":true,"href":"https:\/\/mersinekonomipolitikagazetesi.com\/index.php?rest_route=\/wp\/v2\/media\/13362"}],"wp:attachment":[{"href":"https:\/\/mersinekonomipolitikagazetesi.com\/index.php?rest_route=%2Fwp%2Fv2%2Fmedia&parent=13361"}],"wp:term":[{"taxonomy":"category","embeddable":true,"href":"https:\/\/mersinekonomipolitikagazetesi.com\/index.php?rest_route=%2Fwp%2Fv2%2Fcategories&post=13361"},{"taxonomy":"post_tag","embeddable":true,"href":"https:\/\/mersinekonomipolitikagazetesi.com\/index.php?rest_route=%2Fwp%2Fv2%2Ftags&post=13361"}],"curies":[{"name":"wp","href":"https:\/\/api.w.org\/{rel}","templated":true}]}}