{"id":13364,"date":"2021-08-23T14:39:21","date_gmt":"2021-08-23T11:39:21","guid":{"rendered":"http:\/\/mersinekonomipolitikagazetesi.com\/?p=13364"},"modified":"2021-08-23T14:39:21","modified_gmt":"2021-08-23T11:39:21","slug":"buyuksehirin-kafeleri-sahile-renk-katti","status":"publish","type":"post","link":"https:\/\/mersinekonomipolitikagazetesi.com\/?p=13364","title":{"rendered":"B\u00dcY\u00dcK\u015eEH\u0130R\u2019\u0130N KAFELER\u0130 SAH\u0130LE RENK KATTI"},"content":{"rendered":"<p class=\"228bf8a64b8551e1MsoNormal\">Mersin B\u00fcy\u00fck\u015fehir Belediyesi, Ba\u015fkan Vahap Se\u00e7er\u2019in \u00f6nc\u00fcl\u00fc\u011f\u00fcnde 18 ayda 8 kafeyi hizmete a\u00e7t\u0131. Modern yap\u0131s\u0131 ve farkl\u0131 konseptleriyle vatanda\u015flardan b\u00fcy\u00fck ilgi g\u00f6ren\u00a0 kafelerin 7\u2019si K\u00fclt\u00fcr Park\u2019a kazand\u0131r\u0131ld\u0131. B\u00fcy\u00fck\u015fehir, Mersin sahilini cazibe merkezi haline getiren kafelere \u2018bal\u0131k\u2019 ve \u2018spor\u2019 konseptli iki yeni mekan daha kazand\u0131rmaya haz\u0131rlan\u0131yor.<\/p>\n<p class=\"228bf8a64b8551e1MsoNormal\"><b>Kafeler B\u00fcy\u00fck\u015fehir taraf\u0131ndan i\u015fletiliyor<\/b><\/p>\n<p class=\"228bf8a64b8551e1MsoNormal\">\u0130lk olarak Akdeniz il\u00e7esi Sakarya Caddesi \u00fczerindeki <b>\u201c\u00c7ankaya Kafe\u201d<\/b>yi hizmete a\u00e7an B\u00fcy\u00fck\u015fehir Belediyesi Denizk\u0131z\u0131 Turizm A.\u015e., kafeyi modern bir hale d\u00f6n\u00fc\u015ft\u00fcrd\u00fc. Vatanda\u015flar, \u00c7ankaya Kafe\u2019de d\u00fcnya kahveleri, b\u00f6rekler, pastalar ve daha bir\u00e7ok lezzete makul fiyatlara ula\u015fma imkan\u0131 buldu. Vatanda\u015flar\u0131n takdirini toplayan B\u00fcy\u00fck\u015fehir, yeni kafelerin 7\u2019sini ise K\u00fclt\u00fcr Park\u2019a kazand\u0131rd\u0131.<\/p>\n<p class=\"228bf8a64b8551e1MsoNormal\"><b>Kafe, b\u00fcfe, bakkal ve nikah salonuyla toplam 27 yeni hizmet<\/b><\/p>\n<p class=\"228bf8a64b8551e1MsoNormal\">Bir d\u00f6nem cazibesini yitiren ancak Ba\u015fkan Vahap Se\u00e7er g\u00f6reve ba\u015flad\u0131ktan sonra yeniden canlanan K\u00fclt\u00fcr Park\u2019ta ilk olarak Limon Kafe\u2019yi a\u00e7an B\u00fcy\u00fck\u015fehir, s\u0131ras\u0131yla K\u0131r Kahvesi, Bizden, Y\u00f6reden, Tarsusi ve Survivor kafeleri a\u00e7t\u0131. Bu kafelerin yan\u0131 s\u0131ra K\u00fclt\u00fcr Park\u2019a Ekmek Aras\u0131 B\u00fcfe, Nikah Salonu ve iki adet Bakkal da kazand\u0131ran B\u00fcy\u00fck\u015fehir, sahili Mersin\u2019e yak\u0131\u015f\u0131r bir canl\u0131l\u0131\u011fa kavu\u015fturdu. B\u00fcy\u00fck\u015fehir, her kafe i\u00e7in farkl\u0131 bir konsept olu\u015fturdu. \u0130smi, men\u00fcs\u00fc, rengi ve i\u00e7 mimarisinde Mersin\u2019e dair izler bar\u0131nd\u0131ran kafeler, k\u0131sa s\u00fcre i\u00e7erisinde hem Mersinliler hem de \u015fehir d\u0131\u015f\u0131ndan gelen misafirler taraf\u0131ndan yo\u011fun ilgi g\u00f6rd\u00fc.<\/p>\n<p class=\"228bf8a64b8551e1MsoNormal\">B\u00fcy\u00fck\u015fehir ayr\u0131ca i\u015fletti\u011fi 9 plaj\u0131n say\u0131s\u0131n\u0131 bu yaz 12\u2019ye \u00e7\u0131kar\u0131rken, bu plajlardaki toplam 16 kafe\/b\u00fcfe ile tatilcilere kaliteli bir hizmet sunuyor.<\/p>\n<p class=\"228bf8a64b8551e1MsoNormal\"><b>Sahilde 2 yeni mekan daha a\u00e7\u0131lacak<\/b><\/p>\n<p class=\"228bf8a64b8551e1MsoNormal\">B\u00fcy\u00fck\u015fehir Belediyesi Denizk\u0131z\u0131 Turizm A.\u015e. Genel M\u00fcd\u00fcr\u00fc Bu\u011fra Y\u0131ld\u0131z, yeni kafelerin de yolda oldu\u011funu duyurarak, <b>\u201c\u00c7ankaya Kafe\u2019yle ba\u015flad\u0131k, sonra Limon Kafe\u2019mizi a\u00e7t\u0131k. Biz 18 ayda 8 kafe, 2 tane bakkal ve 1 tane de Nikah Salonu\u2019nu vatanda\u015flar\u0131m\u0131z\u0131n hizmetine kazand\u0131rd\u0131k. \u015eu an ihalesini tamamlad\u0131\u011f\u0131m\u0131z 2 tane restoran konseptimiz bulunmakta. Bunlardan bir tanesi bal\u0131k, bir tanesi de spor \u00fczerine olacak. Yap\u0131m\u0131na ba\u015fl\u0131yoruz. Bunlar\u0131 da en k\u0131sa s\u00fcrede yine vatanda\u015flar\u0131m\u0131z\u0131n hizmetine sunaca\u011f\u0131z\u201d <\/b>dedi.<\/p>\n<p class=\"228bf8a64b8551e1MsoNormal\"><b>\u00c7ankaya ve Limon kafelerle ba\u015flad\u0131<\/b><\/p>\n<p class=\"228bf8a64b8551e1MsoNormal\">Kafelerin a\u00e7\u0131l\u0131\u015f s\u00fcrecinden de bahseden Y\u0131ld\u0131z, <b>\u201c2020\u2019nin \u015eubat ay\u0131nda vatanda\u015flar\u0131m\u0131z\u0131n yine \u00e7ok b\u00fcy\u00fck bir ilgisiyle kar\u015f\u0131la\u015ft\u0131k. Hemen arkas\u0131ndan Bakkal\u2019\u0131m\u0131z\u0131 a\u00e7t\u0131k. Onda da yo\u011fun ilgiyle kar\u015f\u0131la\u015f\u0131nca yeni konseptler geli\u015ftirmeye karar verdik. Projelerimizi haz\u0131rlad\u0131k, Ba\u015fkan\u0131m\u0131za sunduk ve bu kafeleri a\u00e7maya ba\u015flad\u0131k\u201d <\/b>diye konu\u015ftu.<\/p>\n<p class=\"228bf8a64b8551e1MsoNormal\"><b>K\u0131r Kahvesi ve Bizden\u2019le devam etti<\/b><\/p>\n<p class=\"228bf8a64b8551e1MsoNormal\">T\u00fcm kafeleri h\u0131zla hizmete a\u00e7t\u0131klar\u0131n\u0131 s\u00f6zlerine ekleyen Y\u0131ld\u0131z, <b>\u201cK\u0131r Kahvesi\u2019ni a\u00e7t\u0131k. K\u0131r Kahvesi\u2019nde k\u0131r havas\u0131n\u0131 yaratacak, vatanda\u015flar\u0131m\u0131z\u0131n oraya gidip rahat rahat yemeklerini yiyebilece\u011fi, simitlerini alabilece\u011fi, \u00e7ay\u0131n\u0131 i\u00e7ebilece\u011fi bir konsept olu\u015fturduk. Daha sonra Bizden Kafe\u2019mizi a\u00e7t\u0131k. Bizden\u2019le vatanda\u015flar\u0131m\u0131za alakart servis yapabilece\u011fimiz, yemeklerini yiyebilece\u011fi, kahvelerini i\u00e7ebilece\u011fi bir kafe a\u00e7t\u0131k. Orada Mersin\u2019in de\u011ferli sanat\u00e7\u0131lar\u0131n\u0131n, sporcular\u0131n\u0131n, ge\u00e7mi\u015ften g\u00fcn\u00fcm\u00fcze gelen b\u00fcy\u00fck isimlerinin portreleriyle bir konsept olu\u015fturduk\u201d<\/b> ifadelerine yer verdi.<\/p>\n<p class=\"228bf8a64b8551e1MsoNormal\"><b>Y\u00f6reden Kafe ile \u00fcretici kad\u0131nlara destek<\/b><\/p>\n<p class=\"228bf8a64b8551e1MsoNormal\">Sahile ikinci bir Bakkal daha kazand\u0131rd\u0131ktan sonra Y\u00f6reden Kafe\u2019yi a\u00e7t\u0131klar\u0131n\u0131 vurgulayan Y\u0131ld\u0131z, <b>\u201cVatanda\u015flar\u0131m\u0131z Y\u00f6reden Kafe\u2019ye geldiklerinde uygun fiyatla ve kaliteli hizmetle kahvalt\u0131 yapabiliyorlar, yemek yiyebiliyorlar. Buradaki \u00fcr\u00fcnlerin bir\u00e7o\u011funu kad\u0131n kooperatiflerinden al\u0131yoruz. Ayn\u0131 zamanda burada yap\u0131lan i\u00e7li k\u00f6fteleri, mant\u0131lar\u0131 ve buna benzer hamur i\u015flerini de ev han\u0131mlar\u0131ndan al\u0131yoruz<\/b>\u201d dedi.<\/p>\n<p class=\"228bf8a64b8551e1MsoNormal\"><b>Tarsusi ve Survivor kafeler de a\u00e7\u0131ld\u0131<\/b><\/p>\n<p class=\"228bf8a64b8551e1MsoNormal\">Y\u00f6reden\u2019in ard\u0131ndan s\u0131rayla Tarsusi Kafe\u2019yi, ard\u0131ndan da sahilde Survivor Parkuru yan\u0131ndaki Survivor Kafe\u2019yi a\u00e7t\u0131klar\u0131na dikkat \u00e7eken Y\u0131ld\u0131z, <b>\u201cSurvivor Kafe ile genellikle \u00e7ocuklu ailelerin gelip hem \u00e7ok uygun fiyatla hizmet alabildi\u011fi hem de \u00e7ocuklar\u0131n Survivor Parkuru\u2019ndan faydalanabildi\u011fi bir alan olu\u015fturduk. Bunu da vatanda\u015flar\u0131m\u0131z\u0131n hizmetine sunduk\u201d<\/b> diye konu\u015ftu.<\/p>\n<p class=\"228bf8a64b8551e1MsoNormal\"><b>Ekmek Aras\u0131 B\u00fcfe yo\u011fun ilgi g\u00f6rd\u00fc<\/b><\/p>\n<p class=\"228bf8a64b8551e1MsoNormal\">Marina Akustik Park Konserleri\u2019nin d\u00fczenledi\u011fi \u00e7im alanda a\u00e7t\u0131klar\u0131 Ekmek Aras\u0131 B\u00fcfe\u2019den de bahseden Y\u0131ld\u0131z, <b>\u201cEkmek Aras\u0131\u2019na da hem g\u00f6r\u00fcnt\u00fcs\u00fc hem de i\u00e7inde bulundurdu\u011fumuz \u00fcr\u00fcnler a\u00e7\u0131s\u0131ndan vatanda\u015flar\u0131m\u0131z\u0131n ilgisi \u00e7ok b\u00fcy\u00fck. Bunlar\u0131n say\u0131s\u0131n\u0131 art\u0131raca\u011f\u0131z. Say\u0131s\u0131n\u0131 art\u0131r\u0131rken de hepsinin konseptini farkl\u0131 hale getirmek istiyoruz. Ayn\u0131 tarzda bir de tatl\u0131 konsepti olabilir. Bunlar\u0131n \u00fczerinde \u00e7al\u0131\u015f\u0131yoruz\u201d <\/b>ifadelerine yer verdi.<\/p>\n<p class=\"228bf8a64b8551e1MsoNormal\"><b>\u201cMisafirlerimize g\u00fcler y\u00fczle hizmet veriyoruz\u201d<\/b><\/p>\n<p class=\"228bf8a64b8551e1MsoNormal\">Y\u00f6reden Kafe Servis Personeli Ece \u015eim\u015fek, yapt\u0131\u011f\u0131 i\u015ften mutlu oldu\u011funu belirterek, \u201c<b>Burada misafirlerimize g\u00fcler y\u00fczle hizmet veriyoruz. Onlar da bu aile ortam\u0131ndan \u00e7ok memnun kal\u0131yorlar\u201d<\/b> dedi.<\/p>\n<p class=\"228bf8a64b8551e1MsoNormal\"><b>\u201cSahile renk katt\u0131, her \u015feyi 10 numara\u201d<\/b><\/p>\n<p class=\"228bf8a64b8551e1MsoNormal\">Mersinli vatanda\u015flardan Orhan Candan, sahilde a\u00e7\u0131lan kafelerden memnun oldu\u011funu vurgulayarak, <b>\u201cSahile renk katt\u0131. Vatanda\u015flar a\u00e7\u0131s\u0131ndan b\u00fcy\u00fck avantaj. \u0130nsanlar burada yeme-i\u00e7me ihtiyac\u0131n\u0131 giderirken deniz havas\u0131 al\u0131yor. Manzara g\u00fczel. Vahap Se\u00e7er\u2019in gelmesi iyi oldu. Sanki belediye kafesi de\u011fil de sosyete kafesi, aileye y\u00f6nelik, ilgi \u00e7ekici bir kafe. Hem ilgi \u00e7ekici hem temiz. Her \u015feyi 10 numara\u201d<\/b> diye konu\u015ftu.<\/p>\n<p class=\"228bf8a64b8551e1MsoNormal\"><b>\u201cNi\u011fde\u2019den geldi\u011fimizde b\u00f6yle kafeleri g\u00f6rmek bizi mutlu ediyor\u201d<\/b><\/p>\n<p class=\"228bf8a64b8551e1MsoNormal\">Ni\u011fde\u2019den tatil i\u00e7in gelen vatanda\u015flardan G\u00fclin Baykan, her sene 2-3 defa Mersin\u2019e gelip B\u00fcy\u00fck\u015fehir\u2019in kafelerini tercih ettiklerini belirterek, <b>\u201cHep de buras\u0131 denk geliyor. \u00c7\u00fcnk\u00fc al\u0131\u015ft\u0131k. Lezzetler de g\u00fczel. En son Temmuz ay\u0131nda gelmi\u015ftik. \u00d6zellikle deniz kenar\u0131nda b\u00f6yle bir yerin olmas\u0131 \u00e7ok g\u00fczel bir d\u00fc\u015f\u00fcnce. Arkada\u015flar da ilgililer. Ni\u011fde\u2019den gelen misafirler olarak \u00e7ok te\u015fekk\u00fcr ediyoruz. Devam\u0131n\u0131 da diliyoruz. Bizler 2 ayda bir geliyoruz. Geldi\u011fimizde de b\u00f6yle kafeleri g\u00f6rmek bizi mutlu ediyor\u201d <\/b>ifadelerine yer verdi.<\/p>\n","protected":false},"excerpt":{"rendered":"<p>Mersin B\u00fcy\u00fck\u015fehir Belediyesi, Ba\u015fkan Vahap Se\u00e7er\u2019in \u00f6nc\u00fcl\u00fc\u011f\u00fcnde 18 ayda 8 kafeyi hizmete a\u00e7t\u0131. Modern yap\u0131s\u0131 ve farkl\u0131 konseptleriyle vatanda\u015flardan b\u00fcy\u00fck ilgi g\u00f6ren\u00a0 kafelerin 7\u2019si K\u00fclt\u00fcr Park\u2019a kazand\u0131r\u0131ld\u0131. B\u00fcy\u00fck\u015fehir, Mersin sahilini &hellip; <a href=\"https:\/\/mersinekonomipolitikagazetesi.com\/?p=13364\" class=\"more-link\">Devam\u0131n\u0131 Oku&#8230;<\/a><\/p>\n","protected":false},"author":2,"featured_media":13365,"comment_status":"open","ping_status":"open","sticky":false,"template":"","format":"standard","meta":[],"categories":[1,2,3,5],"tags":[],"_links":{"self":[{"href":"https:\/\/mersinekonomipolitikagazetesi.com\/index.php?rest_route=\/wp\/v2\/posts\/13364"}],"collection":[{"href":"https:\/\/mersinekonomipolitikagazetesi.com\/index.php?rest_route=\/wp\/v2\/posts"}],"about":[{"href":"https:\/\/mersinekonomipolitikagazetesi.com\/index.php?rest_route=\/wp\/v2\/types\/post"}],"author":[{"embeddable":true,"href":"https:\/\/mersinekonomipolitikagazetesi.com\/index.php?rest_route=\/wp\/v2\/users\/2"}],"replies":[{"embeddable":true,"href":"https:\/\/mersinekonomipolitikagazetesi.com\/index.php?rest_route=%2Fwp%2Fv2%2Fcomments&post=13364"}],"version-history":[{"count":1,"href":"https:\/\/mersinekonomipolitikagazetesi.com\/index.php?rest_route=\/wp\/v2\/posts\/13364\/revisions"}],"predecessor-version":[{"id":13366,"href":"https:\/\/mersinekonomipolitikagazetesi.com\/index.php?rest_route=\/wp\/v2\/posts\/13364\/revisions\/13366"}],"wp:featuredmedia":[{"embeddable":true,"href":"https:\/\/mersinekonomipolitikagazetesi.com\/index.php?rest_route=\/wp\/v2\/media\/13365"}],"wp:attachment":[{"href":"https:\/\/mersinekonomipolitikagazetesi.com\/index.php?rest_route=%2Fwp%2Fv2%2Fmedia&parent=13364"}],"wp:term":[{"taxonomy":"category","embeddable":true,"href":"https:\/\/mersinekonomipolitikagazetesi.com\/index.php?rest_route=%2Fwp%2Fv2%2Fcategories&post=13364"},{"taxonomy":"post_tag","embeddable":true,"href":"https:\/\/mersinekonomipolitikagazetesi.com\/index.php?rest_route=%2Fwp%2Fv2%2Ftags&post=13364"}],"curies":[{"name":"wp","href":"https:\/\/api.w.org\/{rel}","templated":true}]}}