{"id":13370,"date":"2021-08-24T12:52:14","date_gmt":"2021-08-24T09:52:14","guid":{"rendered":"http:\/\/mersinekonomipolitikagazetesi.com\/?p=13370"},"modified":"2021-08-24T12:52:14","modified_gmt":"2021-08-24T09:52:14","slug":"buyuksehir-mersinden-sporcu-cocuklar-yetistiriyor","status":"publish","type":"post","link":"https:\/\/mersinekonomipolitikagazetesi.com\/?p=13370","title":{"rendered":"B\u00dcY\u00dcK\u015eEH\u0130R, MERS\u0130N\u2019DEN SPORCU \u00c7OCUKLAR YET\u0130\u015eT\u0130R\u0130YOR"},"content":{"rendered":"<p class=\"228bf8a64b8551e1MsoNormal\">Mersin B\u00fcy\u00fck\u015fehir Belediyesi\u2019nin bu sezon T\u00fcrkiye Basketbol Ligi\u2019nde (TBL) m\u00fccadele edecek olan Gen\u00e7lik ve Spor Kul\u00fcb\u00fc Erkek Basketbol Tak\u0131m\u0131\u2019n\u0131n \u00c7aml\u0131bel Mesleki ve Teknik Anadolu Lisesi Spor Salonu\u2019nda altyap\u0131 se\u00e7meleri yap\u0131ld\u0131. Se\u00e7melere spora ilgili toplam 180 \u00e7ocuk ba\u015fvurdu.<\/p>\n<p class=\"228bf8a64b8551e1MsoNormal\"><b>Ebeveynler ve \u00e7ocuklar\u0131n heyecan\u0131 b\u00fcy\u00fckt\u00fc<\/b><\/p>\n<p class=\"228bf8a64b8551e1MsoNormal\">Gen\u00e7lik ve Spor Hizmetleri Dairesi\u2019nin yapt\u0131\u011f\u0131 se\u00e7melere, <span class=\"wmi-callto\">2004-2013<\/span> tarihleri aras\u0131nda do\u011fan spora ilgili \u00e7ocuklar kat\u0131l\u0131m sa\u011flad\u0131. Bu sezon T\u00fcrkiye Basketbol Ligi\u2019nde S\u00fcper Lig\u2019e y\u00fckselme iddias\u0131yla m\u00fccadele edecek olan Erkek Basketbol Tak\u0131m\u0131\u2019n\u0131n altyap\u0131 se\u00e7melerine ba\u015fvuran \u00e7ocuklar b\u00fcy\u00fck bir heyecan ya\u015fad\u0131. Aileleriyle birlikte se\u00e7melerin yap\u0131ld\u0131\u011f\u0131 salonun yolunu tutan \u00e7ocuklar\u0131n ilk olarak \u00f6n kay\u0131tlar\u0131 olu\u015fturuldu. Ard\u0131ndan sahaya al\u0131nan \u00e7ocuklar, antren\u00f6rlerin y\u00f6nlendirmeleriyle elemelere kat\u0131ld\u0131.<\/p>\n<p class=\"228bf8a64b8551e1MsoNormal\"><b>\u201cMersin\u2019den sporcu \u00e7ocuklar yeti\u015ftirmemiz gerekiyor\u201d<\/b><\/p>\n<p class=\"228bf8a64b8551e1MsoNormal\">Mersin B\u00fcy\u00fck\u015fehir Belediyesi Gen\u00e7lik ve Spor Kul\u00fcb\u00fc Y\u00f6netim Kurulu \u00dcyesi ve Erkek Basketbol Tak\u0131m\u0131 \u015eube Sorumlusu Ali \u00c7eki\u00e7, S\u00fcper Lig yolunda m\u00fccadele edecek olan tak\u0131m\u0131n altyap\u0131 se\u00e7melerine ba\u015flad\u0131klar\u0131n\u0131 belirterek, <b>\u201cMersin B\u00fcy\u00fck\u015fehir Belediyesi Erkek Basketbol Tak\u0131m\u0131m\u0131z bu sene T\u00fcrkiye Basketbol Ligi\u2019nde oynayacak. Bu lig \u00e7ok \u00f6nemli bir lig. S\u00fcper Lig\u2019in bir alt seviyesi. Dolay\u0131s\u0131yla bu \u00fcst yap\u0131da oynayacak tak\u0131m\u0131m\u0131z\u0131n altyap\u0131s\u0131n\u0131n \u00e7ok sa\u011flam olmas\u0131 gerekiyor. Bizim, Mersin\u2019den sporcu ordusu, sporcu \u00e7ocuklar yeti\u015ftirmemiz gerekiyor. Dolay\u0131s\u0131yla bu ama\u00e7la bir se\u00e7me d\u00fczenledik\u201d<\/b> dedi.<\/p>\n<p class=\"228bf8a64b8551e1MsoNormal\">\u201c<b>Mersinli gen\u00e7lere yat\u0131r\u0131m yapmak istiyoruz\u201d<\/b><\/p>\n<p class=\"228bf8a64b8551e1MsoNormal\">Altyap\u0131 se\u00e7melerinin detaylar\u0131ndan ve izlenecek s\u00fcre\u00e7ten de bahseden \u00c7eki\u00e7, <b>\u201c2013 do\u011fumlulardan 2004 do\u011fumlulara kadar her jenerasyondan tak\u0131mlar olu\u015fturaca\u011f\u0131z. Dolay\u0131s\u0131yla yakla\u015f\u0131k 9 ya\u015f grubunda se\u00e7me d\u00fczenledik. Se\u00e7melerimizde \u00f6n\u00fcn\u00fcn a\u00e7\u0131k oldu\u011funu g\u00f6rd\u00fc\u011f\u00fcm\u00fcz yetenekli \u00e7ocuklar\u0131m\u0131z\u0131 tak\u0131mlar\u0131m\u0131za yerle\u015ftirece\u011fiz. Fakat daha hen\u00fcz haz\u0131r olmayan \u00e7ocuklar\u0131m\u0131z\u0131 da spor okullar\u0131m\u0131za alarak, onlar\u0131 da ileriki seneler i\u00e7in yeti\u015ftirmeye \u00e7al\u0131\u015faca\u011f\u0131z. Biz, Mersinli gen\u00e7lere yat\u0131r\u0131m yapmak istiyoruz. Buradan \u00e7ok iyi oyuncular yeti\u015ftirmek istiyoruz\u201d<\/b> diye konu\u015ftu.<\/p>\n<p class=\"228bf8a64b8551e1MsoNormal\"><b>\u201cBa\u015fka yerleri de tercih edebilirdik ama g\u00f6nl\u00fcm\u00fcz B\u00fcy\u00fck\u015fehir\u2019den yanayd\u0131\u201d<\/b><\/p>\n<p class=\"228bf8a64b8551e1MsoNormal\">Se\u00e7melere kat\u0131lan 11 ya\u015f\u0131ndaki Mustafa Kemal Hadra\u2019n\u0131n annesi \u00d6zge \u00d6zbayrak Hadra, \u00e7ocu\u011funun basketbola bu sene ilgi duydu\u011funu belirtti. Kendisinin bir d\u00f6nem atletizm yapt\u0131\u011f\u0131n\u0131, e\u015finin ise disk\u00e7i oldu\u011funu vurgulayan Hadra, <b>\u201cSpora olan yatk\u0131nl\u0131\u011f\u0131 asl\u0131nda aileden geliyor. Biraz daha erken ba\u015flatmak istedik ama kendi haz\u0131r olmad\u0131\u011f\u0131 i\u00e7in ba\u015flamad\u0131. Bu y\u0131l art\u0131k ba\u015flamak istedi. \u0130lgisi \u00e7ok. \u00c7ok seviyor. Asl\u0131nda farkl\u0131 bran\u015flar da olabilir diye alternatif sunduk ama bunu tercih etti. Biz de sayg\u0131 duyduk. Art\u0131k tabletimizden ma\u00e7lar\u0131 izlemeye, favorileri olmaya ba\u015flad\u0131. Biz asl\u0131nda ilk \u00f6zel kul\u00fcp tercih etmeyi de d\u00fc\u015f\u00fcn\u00fcyorduk. Daha sonra B\u00fcy\u00fck\u015fehir Belediyesi\u2019ne ba\u015fvurduk, kay\u0131tlar\u0131m\u0131z\u0131 yapt\u0131rd\u0131k. \u015eimdi g\u00fczel gidiyor. Memnunuz da. Hocalar\u0131m\u0131z da elemelerin oldu\u011funu, se\u00e7melerin oldu\u011funu s\u00f6yledi. Biz de b\u00fcy\u00fck bir heyecanla geldik. Ba\u015fka yerleri de tercih edebilirdik ama g\u00f6nl\u00fcm\u00fcz B\u00fcy\u00fck\u015fehir\u2019den yanayd\u0131. Allah izin verirse de burada ilerlemesini istiyorum\u201d <\/b>ifadelerine yer verdi.<\/p>\n<p class=\"228bf8a64b8551e1MsoNormal\"><b>\u201cBasketbolcu olmak istiyorum\u201d<\/b><\/p>\n<p class=\"228bf8a64b8551e1MsoNormal\">2010 do\u011fumlu 11 ya\u015f\u0131ndaki Mustafa Kemal Hadra, ilgi duydu\u011fu i\u00e7in basketbola y\u00f6neldi\u011fini belirterek, <b>\u201cBoyum uzun diye \u00e7ok istiyordum. Evde topu sektire sektire iyi de oynuyordum. Bizim evin orada pota vard\u0131. Ona da at\u0131yordum. \u00d6yle ba\u015flad\u0131. Bir tane arkada\u015f\u0131m var, onunla oynuyoruz. Bug\u00fcn se\u00e7meye kat\u0131ld\u0131m. Basketbolcu olmak istiyorum. G\u00fczel \u00e7al\u0131\u015faca\u011f\u0131m, yapaca\u011f\u0131m. Bundan sonra da ba\u015farabildi\u011fim kadar devam edece\u011fim\u201d <\/b>dedi.<\/p>\n<p class=\"228bf8a64b8551e1MsoNormal\">B\u00fcy\u00fck\u015fehir Belediye Ba\u015fkan\u0131\u2019na da seslenen 11 ya\u015f\u0131ndaki Hadra, <b>\u201cVahap Se\u00e7er, sizi \u00e7ok seviyorum. Bu ilginizden dolay\u0131 size te\u015fekk\u00fcr ederim\u201d<\/b> diye konu\u015ftu.<\/p>\n<p class=\"228bf8a64b8551e1MsoNormal\"><b>\u201cHedefim A tak\u0131m\u0131na y\u00fckselmek\u201d<\/b><\/p>\n<p class=\"228bf8a64b8551e1MsoNormal\">Se\u00e7melere kat\u0131lan 17 ya\u015f\u0131ndaki Okyanus \u00c7\u0131plak, GSK Erkek Basketbol Tak\u0131m\u0131\u2019n\u0131n ba\u015far\u0131lar\u0131n\u0131 takip etti\u011fini belirterek, <b>\u201cBasketbola ilgim 3. s\u0131n\u0131fta ba\u015flad\u0131. \u00dc\u00e7\u00fcnc\u00fc s\u0131n\u0131ftan beri izleye izleye ba\u015flad\u0131m. Sonra oynamaya ba\u015flad\u0131m. Benim de hedefim A tak\u0131m\u0131na y\u00fckselmek, orada oynamak istiyorum. Hedeflerimi ger\u00e7ekle\u015ftirmek i\u00e7in ba\u015fvurdum\u201d<\/b> ifadelerine yer verdi.<\/p>\n","protected":false},"excerpt":{"rendered":"<p>Mersin B\u00fcy\u00fck\u015fehir Belediyesi\u2019nin bu sezon T\u00fcrkiye Basketbol Ligi\u2019nde (TBL) m\u00fccadele edecek olan Gen\u00e7lik ve Spor Kul\u00fcb\u00fc Erkek Basketbol Tak\u0131m\u0131\u2019n\u0131n \u00c7aml\u0131bel Mesleki ve Teknik Anadolu Lisesi Spor Salonu\u2019nda altyap\u0131 se\u00e7meleri yap\u0131ld\u0131. &hellip; <a href=\"https:\/\/mersinekonomipolitikagazetesi.com\/?p=13370\" class=\"more-link\">Devam\u0131n\u0131 Oku&#8230;<\/a><\/p>\n","protected":false},"author":2,"featured_media":13371,"comment_status":"open","ping_status":"open","sticky":false,"template":"","format":"standard","meta":[],"categories":[1,2,3,10],"tags":[],"_links":{"self":[{"href":"https:\/\/mersinekonomipolitikagazetesi.com\/index.php?rest_route=\/wp\/v2\/posts\/13370"}],"collection":[{"href":"https:\/\/mersinekonomipolitikagazetesi.com\/index.php?rest_route=\/wp\/v2\/posts"}],"about":[{"href":"https:\/\/mersinekonomipolitikagazetesi.com\/index.php?rest_route=\/wp\/v2\/types\/post"}],"author":[{"embeddable":true,"href":"https:\/\/mersinekonomipolitikagazetesi.com\/index.php?rest_route=\/wp\/v2\/users\/2"}],"replies":[{"embeddable":true,"href":"https:\/\/mersinekonomipolitikagazetesi.com\/index.php?rest_route=%2Fwp%2Fv2%2Fcomments&post=13370"}],"version-history":[{"count":1,"href":"https:\/\/mersinekonomipolitikagazetesi.com\/index.php?rest_route=\/wp\/v2\/posts\/13370\/revisions"}],"predecessor-version":[{"id":13372,"href":"https:\/\/mersinekonomipolitikagazetesi.com\/index.php?rest_route=\/wp\/v2\/posts\/13370\/revisions\/13372"}],"wp:featuredmedia":[{"embeddable":true,"href":"https:\/\/mersinekonomipolitikagazetesi.com\/index.php?rest_route=\/wp\/v2\/media\/13371"}],"wp:attachment":[{"href":"https:\/\/mersinekonomipolitikagazetesi.com\/index.php?rest_route=%2Fwp%2Fv2%2Fmedia&parent=13370"}],"wp:term":[{"taxonomy":"category","embeddable":true,"href":"https:\/\/mersinekonomipolitikagazetesi.com\/index.php?rest_route=%2Fwp%2Fv2%2Fcategories&post=13370"},{"taxonomy":"post_tag","embeddable":true,"href":"https:\/\/mersinekonomipolitikagazetesi.com\/index.php?rest_route=%2Fwp%2Fv2%2Ftags&post=13370"}],"curies":[{"name":"wp","href":"https:\/\/api.w.org\/{rel}","templated":true}]}}