{"id":30843,"date":"2024-07-25T12:15:14","date_gmt":"2024-07-25T09:15:14","guid":{"rendered":"http:\/\/mersinekonomipolitikagazetesi.com\/?p=30843"},"modified":"2024-07-25T12:15:14","modified_gmt":"2024-07-25T09:15:14","slug":"sariyildiz-kadin-erkek-esitligi-mucadelesinde-kadinlarin-yanindayiz","status":"publish","type":"post","link":"https:\/\/mersinekonomipolitikagazetesi.com\/?p=30843","title":{"rendered":"SARIYILDIZ &#8211; KADIN-ERKEK E\u015e\u0130TL\u0130\u011e\u0130 M\u00dcCADELES\u0130NDE KADINLARIN YANINDAYIZ"},"content":{"rendered":"<p><em>Turgut Reis Mahallesi K\u00fclt\u00fcr ve Sanat Evi y\u0131lsonu etkinli\u011fine kat\u0131lan Akdeniz Belediyesi E\u015f Ba\u015fkan\u0131 Ho\u015fyar Sar\u0131y\u0131ld\u0131z; \u201cKad\u0131n ve erkek e\u015fitli\u011finin hayat\u0131n her alan\u0131nda sa\u011flanmas\u0131, toplumsal cinsiyet bilincinin olu\u015fmas\u0131 i\u00e7in kararl\u0131l\u0131kla \u00e7al\u0131\u015fmaya devam edece\u011fiz. S\u0131n\u0131rlar\u0131m\u0131z i\u00e7inde olsun olmas\u0131n, her kad\u0131n platformu ve her kad\u0131n yap\u0131s\u0131na destek sunaca\u011f\u0131z\u201d dedi.<\/em><\/p>\n<p>K\u00fclt\u00fcr ve Sosyal \u0130\u015fler M\u00fcd\u00fcrl\u00fc\u011f\u00fc\u2019ne ba\u011fl\u0131 Turgut Reis Mahallesi K\u00fclt\u00fcr ve Sanat Evi\u2019nde y\u0131lsonu etkinli\u011fi d\u00fczenlendi. Bulu\u015fmaya Akdeniz Belediyesi E\u015f Ba\u015fkan\u0131 Ho\u015fyar Sar\u0131y\u0131ld\u0131z\u2019\u0131n yan\u0131 s\u0131ra, Meclis \u00fcyeleri, Abdussemet O\u011fuz ve Mehmet Ayd\u0131n K\u0131l\u0131\u00e7, \u00d6zel Kalem M\u00fcd\u00fcr\u00fc Yusuf Kal\u0131n, K\u00fclt\u00fcr ve Sosyal \u0130\u015fler M\u00fcd\u00fcr\u00fc Sira\u00e7 \u00c7al\u0131k, Akdeniz Halk E\u011fitim Merkezi M\u00fcd\u00fcrl\u00fc\u011f\u00fc yetkileri, usta \u00f6\u011freticiler ile kursiyerler kat\u0131ld\u0131. Mahalle sakinlerinin Roman havalar\u0131yla kar\u015f\u0131lad\u0131\u011f\u0131 E\u015f Ba\u015fkan Sar\u0131y\u0131ld\u0131z, kursiyerlerin defile ve spor g\u00f6sterisinin ard\u0131ndan stantlar\u0131 gezerek, kursiyer kad\u0131nlar\u0131n \u00fcretti\u011fi birbirinden farkl\u0131 k\u0131yafetleri be\u011feniyle inceledi.<\/p>\n<p>\u201c\u00dclkemizin ve kentimizin sahip oldu\u011fu t\u00fcm renkleri ya\u015fat\u0131yoruz\u201d<\/p>\n<p>T\u00fcrkiye\u2019nin t\u00fcm renkleri ve k\u00fclt\u00fcrlerinin Mersin ve Akdeniz\u2019de ya\u015fad\u0131\u011f\u0131n\u0131 dile getiren E\u015f Ba\u015fkan Sar\u0131y\u0131ld\u0131z; \u201cElbette bizlerin de b\u00fct\u00fcn bu renkleri yans\u0131tacak ve ya\u015fatacak kurs ve e\u011fitimlere ihtiyac\u0131m\u0131z var. Mahallemizdeki kurs merkezinde her dilden, her renk, inan\u00e7 ve k\u00fclt\u00fcrden insan\u0131m\u0131z var. Dolay\u0131s\u0131yla buras\u0131 bizim i\u00e7in ayr\u0131ca bir \u00f6neme sahip. T\u0131pk\u0131 burada oldu\u011fu gibi, kad\u0131n &#8211; erkek e\u015fitli\u011finin hayat\u0131n her alan\u0131nda sa\u011flanmas\u0131, toplumsal cinsiyet bilincinin olu\u015fmas\u0131 i\u00e7in \u00e7al\u0131\u015fmaya devam edece\u011fiz. S\u0131n\u0131rlar\u0131m\u0131z i\u00e7inde olsun olmas\u0131n, platformu ve her kad\u0131n yap\u0131lar\u0131na desteklerimizi sunaca\u011f\u0131z\u201d ifadelerini kulland\u0131.<\/p>\n<p>\u201cKad\u0131nlara y\u00f6nelik pozitif ayr\u0131mc\u0131l\u0131kla hareket ediyoruz\u201d<\/p>\n<p>Merhum Ozan Ne\u015fet Erta\u015f\u2019\u0131n; \u201cKad\u0131n insand\u0131r, biz ise insano\u011flu\u201d s\u00f6z\u00fcn\u00fc hat\u0131rlatan E\u015f Ba\u015fkan Sar\u0131y\u0131ld\u0131z; \u201cBu anlamda, toplumu var edenin kad\u0131nlar oldu\u011funu bilen bir noktadan, ama ayn\u0131 \u015fekilde pozitif ayr\u0131mc\u0131l\u0131k prati\u011fi i\u00e7erisinde de \u00fczerimize d\u00fc\u015fen ne ise yapaca\u011f\u0131z. Kad\u0131nlar\u0131n gayret ve katk\u0131lar\u0131 ile \u00f6n\u00fcm\u00fczdeki s\u00fcre\u00e7lerde daha b\u00fcy\u00fck projeleri ya\u015fama ge\u00e7irece\u011fiz. Bug\u00fcn sergilenen eserlerin ortaya \u00e7\u0131kmas\u0131nda emek veren hocalar\u0131m\u0131za, kursiyerlerimize ve halk e\u011fitim merkezi m\u00fcd\u00fcrl\u00fc\u011f\u00fcm\u00fcze te\u015fekk\u00fcr ediyorum\u201d diye konu\u015ftu.<\/p>\n<p>Turgut Reis Mahallesi K\u00fclt\u00fcr ve Sanat Evi\u2019nin y\u0131lsonu etkinli\u011fi, g\u00fcn\u00fcn an\u0131s\u0131na kesilen pastan\u0131n ard\u0131ndan sona erdi.<\/p>\n","protected":false},"excerpt":{"rendered":"<p>Turgut Reis Mahallesi K\u00fclt\u00fcr ve Sanat Evi y\u0131lsonu etkinli\u011fine kat\u0131lan Akdeniz Belediyesi E\u015f Ba\u015fkan\u0131 Ho\u015fyar Sar\u0131y\u0131ld\u0131z; \u201cKad\u0131n ve erkek e\u015fitli\u011finin hayat\u0131n her alan\u0131nda sa\u011flanmas\u0131, toplumsal cinsiyet bilincinin olu\u015fmas\u0131 i\u00e7in kararl\u0131l\u0131kla &hellip; <a href=\"https:\/\/mersinekonomipolitikagazetesi.com\/?p=30843\" class=\"more-link\">Devam\u0131n\u0131 Oku&#8230;<\/a><\/p>\n","protected":false},"author":2,"featured_media":30844,"comment_status":"open","ping_status":"open","sticky":false,"template":"","format":"standard","meta":[],"categories":[1,2,3],"tags":[],"_links":{"self":[{"href":"https:\/\/mersinekonomipolitikagazetesi.com\/index.php?rest_route=\/wp\/v2\/posts\/30843"}],"collection":[{"href":"https:\/\/mersinekonomipolitikagazetesi.com\/index.php?rest_route=\/wp\/v2\/posts"}],"about":[{"href":"https:\/\/mersinekonomipolitikagazetesi.com\/index.php?rest_route=\/wp\/v2\/types\/post"}],"author":[{"embeddable":true,"href":"https:\/\/mersinekonomipolitikagazetesi.com\/index.php?rest_route=\/wp\/v2\/users\/2"}],"replies":[{"embeddable":true,"href":"https:\/\/mersinekonomipolitikagazetesi.com\/index.php?rest_route=%2Fwp%2Fv2%2Fcomments&post=30843"}],"version-history":[{"count":1,"href":"https:\/\/mersinekonomipolitikagazetesi.com\/index.php?rest_route=\/wp\/v2\/posts\/30843\/revisions"}],"predecessor-version":[{"id":30845,"href":"https:\/\/mersinekonomipolitikagazetesi.com\/index.php?rest_route=\/wp\/v2\/posts\/30843\/revisions\/30845"}],"wp:featuredmedia":[{"embeddable":true,"href":"https:\/\/mersinekonomipolitikagazetesi.com\/index.php?rest_route=\/wp\/v2\/media\/30844"}],"wp:attachment":[{"href":"https:\/\/mersinekonomipolitikagazetesi.com\/index.php?rest_route=%2Fwp%2Fv2%2Fmedia&parent=30843"}],"wp:term":[{"taxonomy":"category","embeddable":true,"href":"https:\/\/mersinekonomipolitikagazetesi.com\/index.php?rest_route=%2Fwp%2Fv2%2Fcategories&post=30843"},{"taxonomy":"post_tag","embeddable":true,"href":"https:\/\/mersinekonomipolitikagazetesi.com\/index.php?rest_route=%2Fwp%2Fv2%2Ftags&post=30843"}],"curies":[{"name":"wp","href":"https:\/\/api.w.org\/{rel}","templated":true}]}}