{"id":30846,"date":"2024-07-25T12:34:09","date_gmt":"2024-07-25T09:34:09","guid":{"rendered":"http:\/\/mersinekonomipolitikagazetesi.com\/?p=30846"},"modified":"2024-07-25T12:34:09","modified_gmt":"2024-07-25T09:34:09","slug":"gulnarli-ureticilerden-turkulerle-senlik-havasinda-nohut-hasadi","status":"publish","type":"post","link":"https:\/\/mersinekonomipolitikagazetesi.com\/?p=30846","title":{"rendered":"G\u00dcLNAR&#8217;LI \u00dcRET\u0130C\u0130LERDEN T\u00dcRK\u00dcLERLE \u015eENL\u0130K HAVASINDA NOHUT HASADI"},"content":{"rendered":"<p>Mersin B\u00fcy\u00fck\u015fehir Belediyesi\u2019nin, lezzetiyle me\u015fhur G\u00fclnar atal\u0131k nohutunu g\u00fcn y\u00fcz\u00fcne \u00e7\u0131karmak amac\u0131yla ba\u015flatt\u0131\u011f\u0131 <strong>\u2018Yerel Nohut \u00c7e\u015fitlerinin Yerinde Korunmas\u0131 ve Pazarlanmas\u0131 Projesi\u2019 <\/strong>kapsam\u0131nda ge\u00e7ti\u011fimiz y\u0131l Konur mahallesine da\u011f\u0131t\u0131lan tohumlar ye\u015ferdi, imece usul\u00fc bir araya gelen \u00e7ift\u00e7iler taraf\u0131ndan t\u00fcrk\u00fcler e\u015fli\u011finde hasat edildi. \u015eenlik gibi ger\u00e7ekle\u015fen nohut hasad\u0131 \u00fcreticinin y\u00fcz\u00fcn\u00fc g\u00fcld\u00fcrd\u00fc. Kurak bir yaz olmas\u0131na ra\u011fmen y\u00fcksek verim alan \u00fcreticiler, hem atal\u0131k nohutun \u00fcretiminin artmas\u0131na hem de bildikleri lezzetin gelecek nesillere aktar\u0131lacak olmas\u0131na seviniyor.<\/p>\n<p>Mersin B\u00fcy\u00fck\u015fehir Belediyesi Tar\u0131msal Hizmetler Dairesi Ba\u015fkanl\u0131\u011f\u0131\u2019n\u0131n atal\u0131k tohum \u00fcretimini art\u0131rmak, unutulanlar\u0131 yeniden g\u00fcn y\u00fcz\u00fcne \u00e7\u0131karmak ve k\u00fclt\u00fcrel mirasa sahip \u00e7\u0131kmak i\u00e7in hayata ge\u00e7irdi\u011fi projeler sayesinde her y\u0131l Mersin\u2019in farkl\u0131 noktalar\u0131ndan hasat haberleri geliyor. G\u00fclnar\u2019\u0131n neredeyse unutulmaya y\u00fcz tutmu\u015f yerli nohudunun \u00fcretimini art\u0131rmak ve gelecek nesillere aktarmak amac\u0131yla ba\u015flat\u0131lan <strong>\u2018Yerel Nohut \u00c7e\u015fitlerinin Yerinde Korunmas\u0131 ve Pazarlanmas\u0131 Projesi\u2019 <\/strong>kapsam\u0131nda Konur mahallesine da\u011f\u0131t\u0131lan tohumlar ye\u015ferdi, imece usul\u00fc bir araya gelen \u00e7ift\u00e7iler taraf\u0131ndan t\u00fcrk\u00fcler e\u015fli\u011finde hasat edildi.<\/p>\n<p><strong>Kurak yaza ra\u011fmen hasat verimli oldu<\/strong><\/p>\n<p>Bahri Da\u011fda\u015f Uluslararas\u0131 Tar\u0131msal Ara\u015ft\u0131rma Enstit\u00fc M\u00fcd\u00fcrl\u00fc\u011f\u00fc i\u015f birli\u011finde 3 y\u0131l \u00f6nce ba\u015flat\u0131lan proje kapsam\u0131nda Konur mahallesi ge\u00e7ti\u011fimiz y\u0131l tohumlar\u0131 alarak bu y\u0131l hasat etti. \u00c7ift\u00e7iler, hasad\u0131 mahalle sakinleriyle imece usul\u00fc t\u00fcrk\u00fcler e\u015fli\u011finde ger\u00e7ekle\u015ftirdi. Kurak bir yaz olmas\u0131na ra\u011fmen g\u00fczel bir verim alan \u00fcreticilerin y\u00fcz\u00fc g\u00fcld\u00fc. \u00dcreticileri en \u00e7ok mutlu eden bir di\u011fer konu ise hem lezzetini hem de verimini sevdikleri atal\u0131k nohutlar\u0131n\u0131n unutulmak \u00fczereyken yeniden g\u00fcn y\u00fcz\u00fcne \u00e7\u0131kmas\u0131.<\/p>\n<p><strong>Ata tohumlar\u0131 yeniden g\u00fcn y\u00fcz\u00fcne \u00e7\u0131k\u0131yor, \u00fcreticinin y\u00fcz\u00fc g\u00fcl\u00fcyor<\/strong><\/p>\n<p>Sa\u011fl\u0131kl\u0131 bir gelecek ve nesil i\u00e7in geneti\u011fi de\u011fi\u015ftirilmemi\u015f tohumlar\u0131n \u00f6neminin artt\u0131\u011f\u0131 son y\u0131llarda ata tohumlar\u0131n\u0131 g\u00fcn y\u00fcz\u00fcne \u00e7\u0131karmak i\u00e7in \u00f6nemli \u00e7al\u0131\u015fmalar y\u00fcr\u00fcten Mersin B\u00fcy\u00fck\u015fehir Belediyesi, lezzetiyle me\u015fhur G\u00fclnar nohudunu da unutulmaya y\u00fcz tutmu\u015fken yeniden canland\u0131rd\u0131. 3 y\u0131l \u00f6nce 3 mahallede 23 \u00fcreticiyle ba\u015flayan proje, \u00fcreticilerin birbirini te\u015fviki ile y\u0131ldan y\u0131la artt\u0131. 2024 y\u0131l\u0131na gelindi\u011finde G\u00fclnar\u2019da 8 mahallede, 71 \u00fcreticiye toplam 4 bin 260 kilogram atal\u0131k nohut tohumu da\u011f\u0131t\u0131lm\u0131\u015f oldu. Bu tohumlar 355 dekar alana ekilerek, yeniden ye\u015fertilirken, \u00e7ift\u00e7ilerin de umutlar\u0131 yeniden ye\u015ferdi. Atal\u0131k nohutunu \u00e7ok seven \u00fcreticiler yeniden \u00fcretmenin mutlulu\u011funu ya\u015fad\u0131. B\u00fcy\u00fck\u015fehir, tohumun yan\u0131 s\u0131ra girdi destekleri de vererek \u00e7ift\u00e7iyi en \u00e7ok zorlayan\u00a0 maliyet giderlerini de azaltm\u0131\u015f oldu.<\/p>\n<p><strong>Aykut: \u201cAmac\u0131m\u0131z atal\u0131k tohumlar\u0131m\u0131z\u0131n gelecek nesillere aktar\u0131lmas\u0131\u201d<\/strong><\/p>\n<p>Mersin B\u00fcy\u00fck\u015fehir Belediyesi Tar\u0131msal Hizmetler Dairesi Ba\u015fkanl\u0131\u011f\u0131\u2019nda Ziraat Teknikeri olarak g\u00f6rev yapan Hakan Aykut, atal\u0131k nohut ile ilgili projenin 2021 y\u0131l\u0131nda Bahri Da\u011fda\u015f Uluslararas\u0131 Tar\u0131msal Ara\u015ft\u0131rma Enstit\u00fcs\u00fc M\u00fcd\u00fcrl\u00fc\u011f\u00fc i\u015f birli\u011fi ile G\u00fclnar\u2019\u0131n farkl\u0131 mahallelerini kapsayacak \u015fekilde ba\u015flad\u0131\u011f\u0131n\u0131 s\u00f6yledi. Aykut, <strong>\u201cProjemizin amac\u0131 atal\u0131k tohumlar\u0131m\u0131z\u0131n korunup, geli\u015ftirilip, gelecek nesillere aktar\u0131lmas\u0131. Bu \u00e7al\u0131\u015fma kapsam\u0131nda ge\u00e7mi\u015ften beri Mersin y\u00f6resinde G\u00fclnar nohutu olarak bilinen nohut \u00e7e\u015fidinin yayg\u0131nla\u015ft\u0131r\u0131lmas\u0131 i\u00e7in u\u011fra\u015ft\u0131k. \u00c7e\u015fitli mahallelere ve \u00fcreticilerimize destek verdik\u201d<\/strong> dedi. Aykut, destek verilen \u00fcreticilerin \u00fcretti\u011fi nohutlar\u0131n Mersinden Kad\u0131n Kooperatifi taraf\u0131ndan al\u0131narak sat\u0131\u015f deste\u011fi sunuldu\u011funu da kaydetti.<\/p>\n<p><strong>\u201c4 bin 260 kilogram tohum deste\u011fi sa\u011flam\u0131\u015f olduk\u201d<\/strong><\/p>\n<p>Proje kapsam\u0131nda ula\u015f\u0131lan \u00fcretici say\u0131lar\u0131n\u0131 da payla\u015fan Aykut, \u00a0<strong>\u201c3 y\u0131lda; 8 mahallede, 71 \u00fcreticiye 355 dekar bir alanda 4 bin 260 kilogram tohum deste\u011fi sa\u011flam\u0131\u015f olduk\u201d<\/strong> dedi. Nohut \u00fcretimini g\u00f6ren di\u011fer \u00fcreticilerin de talepte bulundu\u011funu kaydeden Aykut, <strong>\u201c<em>\u2018Biz de bu destekten faydalanmak istiyoruz. Vahap Ba\u015fkan\u0131m\u0131za \u00f6zellikle iletiyoruz, bize de gelsinler, bize de destek versinler\u2019<\/em> diye \u00e7ok g\u00fczel d\u00f6n\u00fc\u015flerimiz var\u201d<\/strong> ifadelerini kulland\u0131.<\/p>\n<p><strong>Kandemir: \u201cAta tohumumuzu ileriye g\u00f6t\u00fcrmek istiyorlar\u201d<\/strong><\/p>\n<p>Konur Mahalle Muhtar\u0131 K\u00fcr\u015fat Kandemir, Ba\u015fkan Vahap Se\u00e7er\u2019e destekleri i\u00e7in te\u015fekk\u00fcrlerini iletirken, <strong>\u201cDeste\u011fin devam\u0131n\u0131 da kat\u0131l\u0131m\u0131n artmas\u0131n\u0131 da istiyoruz. Birka\u00e7 ki\u015fi ile de\u011fil de yirmi, yirmi be\u015f ki\u015fiyle olsak daha iyi olacak. Bize b\u00f6yle bir destek yapt\u0131klar\u0131 i\u00e7in \u00e7ok te\u015fekk\u00fcr ederiz. Asl\u0131nda ata tohumumuzu ileriye g\u00f6t\u00fcrmek istiyorlar. B\u00f6yle bir destek oldu\u011fu i\u00e7in de k\u00f6y\u00fcm\u00fcz ad\u0131na biz mutluyuz. \u00c7\u00fcnk\u00fc ata nohutu bitmek \u00fczereydi. \u0130yi ki yeniden meydana geldi, memnunuz\u201d<\/strong> dedi.<\/p>\n<p><strong>Biray:<\/strong> <strong>\u201cLezzet olarak da verim olarak da memnunuz\u201d<\/strong><\/p>\n<p>\u00dcreticilerden Rukiye Biray, emek verdi\u011fi nohutlar\u0131n hasad\u0131n\u0131 t\u00fcrk\u00fc s\u00f6yleyerek yapt\u0131. Projeden \u00e7ok memnun oldu\u011funu s\u00f6yleyen Biray, \u00a0<strong>\u201cLezzet olarak da verim olarak da memnunuz\u201d <\/strong>dedi. Hasad\u0131 imece usul\u00fc yapt\u0131klar\u0131n\u0131 s\u00f6zlerine ekleyen Biray, <strong>\u201cBiz imece usul\u00fcyle bug\u00fcn bana geliriz, yar\u0131n \u00f6b\u00fcr arkada\u015fa gideriz. Kar\u015f\u0131l\u0131kl\u0131 alt\u0131n g\u00fcnleri gibi biz de bunu alt\u0131n yapm\u0131\u015f gibi sayar\u0131z\u201d<\/strong> diye konu\u015ftu.<\/p>\n<p><strong>\u201cAta tohumlar\u0131m\u0131za sizin desteklerinizle sahip \u00e7\u0131kaca\u011f\u0131z\u201d<\/strong><\/p>\n<p>Biray, Mersin B\u00fcy\u00fck\u015fehir ekiplerinin hasat g\u00fcn\u00fc kendilerini yaln\u0131z b\u0131rakmamas\u0131n\u0131n da \u00f6nemli oldu\u011funu s\u00f6yleyerek, <strong>\u201cBug\u00fcn \u00e7ok g\u00fczel ge\u00e7ti. Bu sene kurakl\u0131\u011fa ra\u011fmen hasad\u0131m\u0131z \u00e7ok g\u00fczel, memnunuz.<\/strong> <strong>Bizim topra\u011f\u0131m\u0131zdan, havam\u0131zdan dolay\u0131 G\u00fclnar nohutumuz tescillidir, markad\u0131r. Ata tohumlar\u0131m\u0131z\u0131 yitirmek \u00fczereyiz, sahip \u00e7\u0131k\u0131lmas\u0131 laz\u0131m. Sizin desteklerinizle sahip \u00e7\u0131kaca\u011f\u0131z\u201d<\/strong> ifadelerini kulland\u0131.<\/p>\n<p><strong>\u201cTorunlar\u0131m; <em>\u2018Eski nohutlar\u0131m\u0131zdan pi\u015firelim anne\u2019<\/em> diyorlar\u201d<\/strong><\/p>\n<p>Biray, ev ahalisinin ithal nohut yemek istemedi\u011fini de s\u00f6zlerine ekleyerek, <strong>\u201cTorunlar\u0131m\u0131z damak tad\u0131 olarak bunu istiyorlar. \u0130spanyol nohutunu filan istemiyorlar. <em>\u2018Eski nohutlar\u0131m\u0131zdan pi\u015firelim anne\u2019<\/em> diyorlar. Bunlar daha lezzetli, yani k\u00f6yde s\u00f6yledi\u011fimiz gibi <em>\u2018\u015ferbetli\u2019<\/em> diyelim. Yemeklerimize tat veriyor. Belediyemiz sa\u011f olsun, var olsun. Ba\u015fta B\u00fcy\u00fck\u015fehir Belediye Ba\u015fkan\u0131m\u0131z Vahap Se\u00e7er\u2019e \u00e7ok te\u015fekk\u00fcr ediyoruz\u201d<\/strong> diye belirtti.<\/p>\n<p><strong>Acar: \u201cHasat bu y\u0131l bizim y\u00fcz\u00fcm\u00fcz\u00fc g\u00fcld\u00fcrd\u00fc\u201d<\/strong><\/p>\n<p>G\u00fclnar Konur mahallesi nohut \u00fcreticilerinden Y\u0131lmaz Acar, farkl\u0131 k\u00f6ylerde yap\u0131lan \u00fcretim sonras\u0131 nohut deste\u011fine ba\u015fvurduklar\u0131n\u0131 belirtti. Kurakl\u0131\u011fa ra\u011fmen hasad\u0131n iyi oldu\u011funu s\u00f6yleyen Acar, <strong>\u201cHasad\u0131m\u0131z\u0131 yapt\u0131k. Bu y\u0131l \u00e7ok g\u00fczel, \u00fcr\u00fcnlerimiz iyi. Bu deste\u011fi ilk kez bu y\u0131l ald\u0131m, devam\u0131n\u0131 istiyoruz. Ba\u015fka k\u00f6ylerde yapm\u0131\u015flard\u0131, biz de istedik. Sa\u011f olsunlar Vahap Ba\u015fkan\u0131m\u0131z desteklerini yapt\u0131. Biz de ekimimizi yapt\u0131k. Hasat bu y\u0131l bizim y\u00fcz\u00fcm\u00fcz\u00fc g\u00fcld\u00fcrd\u00fc. Vahap Ba\u015fkan\u0131m\u0131za te\u015fekk\u00fcr ediyoruz\u201d<\/strong> dedi.<\/p>\n<p>Y\u0131lmaz Acar\u2019\u0131n e\u015fi Nazire Acar ise, <strong>\u201cBu y\u0131l kurak oldu\u011fu halde hasad\u0131m\u0131z iyi, \u00e7ok g\u00fczel. G\u00fclnar nohutumuz me\u015fhurdur, \u00e7abuk pi\u015fer, lezzetlidir. Vahap Ba\u015fkan\u0131m\u0131za te\u015fekk\u00fcr ediyoruz, desteklerin devam\u0131n\u0131 bekliyoruz. Mutluyuz\u201d<\/strong> c\u00fcmleleriyle duygular\u0131n\u0131 anlatt\u0131.<\/p>\n<p><strong>Ak: \u201cAta tohumunun canland\u0131r\u0131lmas\u0131na seviniyoruz\u201d<\/strong><\/p>\n<p>Tenzile Yadigar Ak da Konur mahallesi \u00e7ift\u00e7ilerinden. Ak, atal\u0131k nohut deste\u011finin kendileri i\u00e7in \u00f6nemini, <strong>\u201cBu destek b\u00fcy\u00fck \u00f6nem arz ediyor. \u00c7\u00fcnk\u00fc uzun y\u0131llardan beri art\u0131k neredeyse bitme noktas\u0131na geldi. \u00c7ift\u00e7ilik t\u00fckenme noktas\u0131na geldi. Ata tohumlar\u0131 art\u0131k tek tek yok olmaya ba\u015flad\u0131. En az\u0131ndan bunun yeniden canlanm\u0131\u015f olmas\u0131 iyi bir katk\u0131, daha da geni\u015flemesi laz\u0131m\u201d<\/strong> c\u00fcmleleriyle anlatt\u0131.<\/p>\n<p>\u00dcretimin daha \u00e7ok olmas\u0131 gerekti\u011fini de belirten Ak, <strong>\u201cAta tohumu neredeyse yok denecek duruma geldi. Bu projeyle canland\u0131r\u0131lmas\u0131 g\u00fczel bir \u015fey, seviniyoruz buna. B\u00fcy\u00fck\u015fehir Belediyesine ve Vahap Ba\u015fkana da bu desteklerinden dolay\u0131 te\u015fekk\u00fcr ederiz\u201d<\/strong> dedi.<\/p>\n<p>&nbsp;<\/p>\n","protected":false},"excerpt":{"rendered":"<p>Mersin B\u00fcy\u00fck\u015fehir Belediyesi\u2019nin, lezzetiyle me\u015fhur G\u00fclnar atal\u0131k nohutunu g\u00fcn y\u00fcz\u00fcne \u00e7\u0131karmak amac\u0131yla ba\u015flatt\u0131\u011f\u0131 \u2018Yerel Nohut \u00c7e\u015fitlerinin Yerinde Korunmas\u0131 ve Pazarlanmas\u0131 Projesi\u2019 kapsam\u0131nda ge\u00e7ti\u011fimiz y\u0131l Konur mahallesine da\u011f\u0131t\u0131lan tohumlar ye\u015ferdi, imece &hellip; <a href=\"https:\/\/mersinekonomipolitikagazetesi.com\/?p=30846\" class=\"more-link\">Devam\u0131n\u0131 Oku&#8230;<\/a><\/p>\n","protected":false},"author":2,"featured_media":30847,"comment_status":"open","ping_status":"open","sticky":false,"template":"","format":"standard","meta":[],"categories":[1,2,3],"tags":[],"_links":{"self":[{"href":"https:\/\/mersinekonomipolitikagazetesi.com\/index.php?rest_route=\/wp\/v2\/posts\/30846"}],"collection":[{"href":"https:\/\/mersinekonomipolitikagazetesi.com\/index.php?rest_route=\/wp\/v2\/posts"}],"about":[{"href":"https:\/\/mersinekonomipolitikagazetesi.com\/index.php?rest_route=\/wp\/v2\/types\/post"}],"author":[{"embeddable":true,"href":"https:\/\/mersinekonomipolitikagazetesi.com\/index.php?rest_route=\/wp\/v2\/users\/2"}],"replies":[{"embeddable":true,"href":"https:\/\/mersinekonomipolitikagazetesi.com\/index.php?rest_route=%2Fwp%2Fv2%2Fcomments&post=30846"}],"version-history":[{"count":1,"href":"https:\/\/mersinekonomipolitikagazetesi.com\/index.php?rest_route=\/wp\/v2\/posts\/30846\/revisions"}],"predecessor-version":[{"id":30848,"href":"https:\/\/mersinekonomipolitikagazetesi.com\/index.php?rest_route=\/wp\/v2\/posts\/30846\/revisions\/30848"}],"wp:featuredmedia":[{"embeddable":true,"href":"https:\/\/mersinekonomipolitikagazetesi.com\/index.php?rest_route=\/wp\/v2\/media\/30847"}],"wp:attachment":[{"href":"https:\/\/mersinekonomipolitikagazetesi.com\/index.php?rest_route=%2Fwp%2Fv2%2Fmedia&parent=30846"}],"wp:term":[{"taxonomy":"category","embeddable":true,"href":"https:\/\/mersinekonomipolitikagazetesi.com\/index.php?rest_route=%2Fwp%2Fv2%2Fcategories&post=30846"},{"taxonomy":"post_tag","embeddable":true,"href":"https:\/\/mersinekonomipolitikagazetesi.com\/index.php?rest_route=%2Fwp%2Fv2%2Ftags&post=30846"}],"curies":[{"name":"wp","href":"https:\/\/api.w.org\/{rel}","templated":true}]}}