{"id":30852,"date":"2024-07-25T12:40:31","date_gmt":"2024-07-25T09:40:31","guid":{"rendered":"http:\/\/mersinekonomipolitikagazetesi.com\/?p=30852"},"modified":"2024-07-25T12:40:31","modified_gmt":"2024-07-25T09:40:31","slug":"baskan-tuncerden-katliam-yasasina-karsi-alkislanacak-hamle","status":"publish","type":"post","link":"https:\/\/mersinekonomipolitikagazetesi.com\/?p=30852","title":{"rendered":"BA\u015eKAN TUNCER\u2019DEN \u201cKATL\u0130AM YASASINA\u201d KAR\u015eI ALKI\u015eLANACAK HAMLE"},"content":{"rendered":"<p class=\"v1MsoNormal\">Mezitli Belediye Ba\u015fkan\u0131 Ahmet Serkan Tuncer, sokak hayvanlar\u0131n\u0131n \u00f6ld\u00fcr\u00fclmesini \u00f6ng\u00f6ren yasa teklifine kar\u015f\u0131 \u00e7\u0131karak kamuoyu olu\u015fturmak amac\u0131yla Mezitli&#8217;nin belirli yerlerinde &#8220;<b>YASAYI GER\u0130 \u00c7EK<\/b>&#8221; yaz\u0131l\u0131 billboardlar ast\u0131rd\u0131. T\u00fcrkiye&#8217;de bir ilki ger\u00e7ekle\u015ftiren Ba\u015fkan Tuncer, bu ad\u0131m\u0131 ile kamuoyunda b\u00fcy\u00fck yank\u0131 uyand\u0131rd\u0131, hayvanseverlerden b\u00fcy\u00fck alk\u0131\u015f ald\u0131.<\/p>\n<p class=\"v1MsoNormal\">\n<p class=\"v1MsoNormal\">Sokak hayvanlar\u0131n\u0131n belirli durumlarda \u00f6tanazi uygulanarak \u00f6ld\u00fcr\u00fclmesini \u00f6ng\u00f6ren yasa teklifine bir \u00e7\u0131k\u0131\u015f da Mezitli Belediye Ba\u015fkan\u0131 Ahmet Serkan Tuncer&#8217;den geldi. Ba\u015fkan Tuncer, bu yasa teklifine kar\u015f\u0131 \u00e7\u0131kmak ve kamuoyu olu\u015fturmak amac\u0131yla cesur bir ad\u0131m atarak \u015fehrin \u00e7e\u015fitli b\u00f6lgelerine &#8220;<b>YASAYI GER\u0130 \u00c7EK<\/b>&#8221; yaz\u0131l\u0131 billboardlar yerle\u015ftirdi. Billboardlarda, sokak hayvanlar\u0131n\u0131n ya\u015fam hakk\u0131n\u0131 savunman\u0131n \u00f6nemi vurgulan\u0131rken, kamuoyuna yasa teklifine kar\u015f\u0131 durma \u00e7a\u011fr\u0131s\u0131 yap\u0131ld\u0131.<\/p>\n<p class=\"v1MsoNormal\">\n<p class=\"v1MsoNormal\"><b>&#8220;SOKAK HAYVANLARI SAH\u0130PS\u0130Z DE\u011e\u0130LD\u0130R&#8221;<\/b><\/p>\n<p class=\"v1MsoNormal\">Ba\u015fkan Tuncer, a\u00e7\u0131klamas\u0131nda \u00f6tanazinin bir \u00e7\u00f6z\u00fcm olmad\u0131\u011f\u0131n\u0131 ve her canl\u0131n\u0131n ya\u015fama hakk\u0131n\u0131n oldu\u011funu belirterek, &#8220;Sokak hayvanlar\u0131na y\u00f6nelik d\u00fczenlemeler i\u00e7eren Hayvanlar\u0131 Koruma Kanunu&#8217;ndaki &#8220;\u00f6ld\u00fcrme&#8221; hamlesine kesinlikle kar\u015f\u0131y\u0131z. Bu uygulama, savunmas\u0131z sokak hayvanlar\u0131n\u0131n ya\u015fam hakk\u0131n\u0131 ellerinden alarak onlar\u0131n hayatlar\u0131na son vermeyi \u00f6ng\u00f6r\u00fcyor. Bizler, her canl\u0131n\u0131n ya\u015fama hakk\u0131n\u0131 savunuyor ve bu yasay\u0131 tamamen reddediyoruz. Yasalar\u0131n amac\u0131, ya\u015fam\u0131 korumak ve desteklemek olmal\u0131d\u0131r. Sokak hayvanlar\u0131 sahipsiz de\u011fildir; onlar bizim can dostlar\u0131m\u0131z ve hepimizin sorumlulu\u011fundad\u0131r. Sokak hayvanlar\u0131n\u0131n korunmas\u0131, \u015fehrimizin ve toplumumuz i\u00e7in kritik \u00f6neme sahiptir. Mezitli Belediyesi olarak, sokak hayvanlar\u0131n\u0131n bar\u0131nma, beslenme ve sa\u011fl\u0131k hizmetlerine eri\u015fimini g\u00fcvence alt\u0131na alacak ad\u0131mlar atmakta kararl\u0131y\u0131z.&#8221; dedi.<\/p>\n<p class=\"v1MsoNormal\">\n<p class=\"v1MsoNormal\"><b>&#8220;YASAYI GER\u0130 \u00c7EK&#8221;<\/b><\/p>\n<p class=\"v1MsoNormal\">S\u00f6zlerine devam eden Ba\u015fkan Tuncer, &#8220;\u00d6ncelikli hedefimiz, sokak hayvanlar\u0131n\u0131n insan dostu politikalarla korunmas\u0131n\u0131 sa\u011flamak ve onlar\u0131n ya\u015fam kalitesini y\u00fckseltmektir. Sokak hayvanlar\u0131n\u0131n k\u0131s\u0131rla\u015ft\u0131r\u0131lmas\u0131, a\u015f\u0131lama programlar\u0131 ve sokak hayvan\u0131 dostu bar\u0131naklar\u0131n say\u0131s\u0131n\u0131n art\u0131r\u0131lmas\u0131 gibi s\u00fcrd\u00fcr\u00fclebilir \u00e7\u00f6z\u00fcmler \u00fczerinde \u00e7al\u0131\u015f\u0131yoruz. Ayr\u0131ca, toplum bilincini ve duyarl\u0131l\u0131\u011f\u0131n\u0131 art\u0131rmak i\u00e7in billboard kampanyas\u0131 ba\u015flatt\u0131k.\u00a0 Sokak hayvanlar\u0131n\u0131n haklar\u0131na sayg\u0131 duymak ve korumak, insanl\u0131k onurumuzun bir par\u00e7as\u0131d\u0131r. Bu nedenle, Hayvanlar\u0131 Koruma Kanunu&#8217;nda yap\u0131lacak her t\u00fcrl\u00fc d\u00fczenlemede sokak hayvanlar\u0131n\u0131n ya\u015fam hakk\u0131n\u0131n \u00f6ncelikli olarak ele al\u0131nmas\u0131n\u0131 talep ediyoruz. Mezitli olarak, bu zulme kar\u015f\u0131 \u00e7\u0131k\u0131yor ve sokak hayvanlar\u0131na birlikte sahip \u00e7\u0131k\u0131yoruz!&#8221; dedi.<\/p>\n","protected":false},"excerpt":{"rendered":"<p>Mezitli Belediye Ba\u015fkan\u0131 Ahmet Serkan Tuncer, sokak hayvanlar\u0131n\u0131n \u00f6ld\u00fcr\u00fclmesini \u00f6ng\u00f6ren yasa teklifine kar\u015f\u0131 \u00e7\u0131karak kamuoyu olu\u015fturmak amac\u0131yla Mezitli&#8217;nin belirli yerlerinde &#8220;YASAYI GER\u0130 \u00c7EK&#8221; yaz\u0131l\u0131 billboardlar ast\u0131rd\u0131. T\u00fcrkiye&#8217;de bir ilki ger\u00e7ekle\u015ftiren &hellip; <a href=\"https:\/\/mersinekonomipolitikagazetesi.com\/?p=30852\" class=\"more-link\">Devam\u0131n\u0131 Oku&#8230;<\/a><\/p>\n","protected":false},"author":2,"featured_media":30853,"comment_status":"open","ping_status":"open","sticky":false,"template":"","format":"standard","meta":[],"categories":[1,2,3],"tags":[],"_links":{"self":[{"href":"https:\/\/mersinekonomipolitikagazetesi.com\/index.php?rest_route=\/wp\/v2\/posts\/30852"}],"collection":[{"href":"https:\/\/mersinekonomipolitikagazetesi.com\/index.php?rest_route=\/wp\/v2\/posts"}],"about":[{"href":"https:\/\/mersinekonomipolitikagazetesi.com\/index.php?rest_route=\/wp\/v2\/types\/post"}],"author":[{"embeddable":true,"href":"https:\/\/mersinekonomipolitikagazetesi.com\/index.php?rest_route=\/wp\/v2\/users\/2"}],"replies":[{"embeddable":true,"href":"https:\/\/mersinekonomipolitikagazetesi.com\/index.php?rest_route=%2Fwp%2Fv2%2Fcomments&post=30852"}],"version-history":[{"count":1,"href":"https:\/\/mersinekonomipolitikagazetesi.com\/index.php?rest_route=\/wp\/v2\/posts\/30852\/revisions"}],"predecessor-version":[{"id":30854,"href":"https:\/\/mersinekonomipolitikagazetesi.com\/index.php?rest_route=\/wp\/v2\/posts\/30852\/revisions\/30854"}],"wp:featuredmedia":[{"embeddable":true,"href":"https:\/\/mersinekonomipolitikagazetesi.com\/index.php?rest_route=\/wp\/v2\/media\/30853"}],"wp:attachment":[{"href":"https:\/\/mersinekonomipolitikagazetesi.com\/index.php?rest_route=%2Fwp%2Fv2%2Fmedia&parent=30852"}],"wp:term":[{"taxonomy":"category","embeddable":true,"href":"https:\/\/mersinekonomipolitikagazetesi.com\/index.php?rest_route=%2Fwp%2Fv2%2Fcategories&post=30852"},{"taxonomy":"post_tag","embeddable":true,"href":"https:\/\/mersinekonomipolitikagazetesi.com\/index.php?rest_route=%2Fwp%2Fv2%2Ftags&post=30852"}],"curies":[{"name":"wp","href":"https:\/\/api.w.org\/{rel}","templated":true}]}}