{"id":30855,"date":"2024-07-25T12:43:08","date_gmt":"2024-07-25T09:43:08","guid":{"rendered":"http:\/\/mersinekonomipolitikagazetesi.com\/?p=30855"},"modified":"2024-07-25T12:43:08","modified_gmt":"2024-07-25T09:43:08","slug":"rektorumuz-prof-dr-erol-yasar-aday-ogrencilerimiz-icin-bir-video-mesaj-yayinladi","status":"publish","type":"post","link":"https:\/\/mersinekonomipolitikagazetesi.com\/?p=30855","title":{"rendered":"Rekt\u00f6r\u00fcm\u00fcz Prof. Dr. Erol Ya\u015far Aday \u00d6\u011frencilerimiz \u0130\u00e7in Bir Video Mesaj Yay\u0131nlad\u0131"},"content":{"rendered":"<p>\u00dcniversitemiz Rekt\u00f6r\u00fc Prof. Dr. Erol Ya\u015far, YKS 2024 sonu\u00e7lar\u0131n\u0131n a\u00e7\u0131klanmas\u0131n\u0131n ard\u0131ndan 25 Temmuz \u2013 2 A\u011fustos 2024 tarihleri aras\u0131nda \u00fcniversite tercihi yapacak aday \u00f6\u011frencilere y\u00f6nelik bir video mesaj yay\u0131nlad\u0131.<\/p>\n<p>\u00dcniversite tercihinin sadece bir e\u011fitim kurumu se\u00e7mek de\u011fil; ayn\u0131 zamanda \u00f6\u011frencilerimizin geleceklerini \u015fekillendiren \u00f6nemli bir ad\u0131m atmak oldu\u011funu dile getiren Rekt\u00f6r\u00fcm\u00fcz Prof. Dr. Erol Ya\u015far, \u201cAtaca\u011f\u0131n\u0131z bu \u00f6nemli ad\u0131mda, tercihiniz olmak ve size kaliteli bir hayat\u0131n kap\u0131lar\u0131n\u0131 a\u00e7acak e\u011fitim imk\u00e2nlar\u0131m\u0131z\u0131 sunmak istiyoruz. 1992 y\u0131l\u0131nda kurulan Mersin \u00dcniversitesi, \u201cBilimin ve \u00c7a\u011fda\u015fl\u0131\u011f\u0131n I\u015f\u0131\u011f\u0131nda Bir D\u00fcnya \u00dcniversitesi\u201d parolas\u0131yla, nitelikli y\u00fcksek\u00f6\u011fretim hizmetleri sunan \u00f6\u011frenci odakl\u0131 uluslararas\u0131 bir \u00fcniversitedir.\u201d dedi.<\/p>\n<p>\u00dcniversitemizin \u00fclkemizin en \u00f6nemli bilim, k\u00fclt\u00fcr, sanat ve spor merkezlerinden birisi oldu\u011funu ifade eden Rekt\u00f6r\u00fcm\u00fcz Prof. Dr. Ya\u015far, \u201d\u00dcniversitemiz uluslararas\u0131 s\u0131ralamalarda da d\u00fcnyan\u0131n \u00f6nde gelen \u00fcniversiteleri aras\u0131nda yer almaktad\u0131r. \u00dcniversitemiz, farkl\u0131 disiplinlerde sundu\u011fu geni\u015f yelpazedeki programlar\u0131, yetkin akademik kadrosu ve \u00f6\u011frencilerimizin bireysel ilgi ve yeteneklerini geli\u015ftirmeleri i\u00e7in sundu\u011fu olanaklarla \u00f6n plana \u00e7\u0131kmaktad\u0131r.\u201d ifadelerini kulland\u0131.<\/p>\n<p>Mersin\u2019in kalbinde yer alan do\u011fa dostu ye\u015fil kamp\u00fcs\u00fcm\u00fcz\u00fcn, \u00f6\u011frencilerin nitelikli e\u011fitim hayat\u0131n\u0131 aktif bir sosyo-k\u00fclt\u00fcrel ya\u015famla birle\u015ftirmek i\u00e7in haz\u0131r oldu\u011funu da mesaj\u0131nda vurgulayan \u00dcniversitemiz Rekt\u00f6r\u00fc Prof. Dr. Erol Ya\u015far, \u201cKentimiz; tarihi dokusu, uzun sahil \u015feridi, muhte\u015fem do\u011fas\u0131 ve e\u015fsiz gastronomik lezzetleriyle sizleri kar\u015f\u0131layacak. B\u00f6ylesine g\u00fczelliklerin bir arada bulundu\u011fu \u00f6\u011frenci kenti Mersin\u2019de, \u00f6\u011frenci olma s\u0131ras\u0131 \u015fimdi sizde. Hepinizi Mersin \u00dcniversitesi\u2019ni tan\u0131maya ve ailemizin bir ferdi olmaya davet ediyor, yapaca\u011f\u0131n\u0131z tercihlerin hay\u0131rl\u0131 ve u\u011furlu olmas\u0131n\u0131 diliyorum.\u201d \u015feklinde konu\u015ftu.<\/p>\n","protected":false},"excerpt":{"rendered":"<p>\u00dcniversitemiz Rekt\u00f6r\u00fc Prof. Dr. Erol Ya\u015far, YKS 2024 sonu\u00e7lar\u0131n\u0131n a\u00e7\u0131klanmas\u0131n\u0131n ard\u0131ndan 25 Temmuz \u2013 2 A\u011fustos 2024 tarihleri aras\u0131nda \u00fcniversite tercihi yapacak aday \u00f6\u011frencilere y\u00f6nelik bir video mesaj yay\u0131nlad\u0131. \u00dcniversite &hellip; <a href=\"https:\/\/mersinekonomipolitikagazetesi.com\/?p=30855\" class=\"more-link\">Devam\u0131n\u0131 Oku&#8230;<\/a><\/p>\n","protected":false},"author":2,"featured_media":30856,"comment_status":"open","ping_status":"open","sticky":false,"template":"","format":"standard","meta":[],"categories":[1,2,3],"tags":[],"_links":{"self":[{"href":"https:\/\/mersinekonomipolitikagazetesi.com\/index.php?rest_route=\/wp\/v2\/posts\/30855"}],"collection":[{"href":"https:\/\/mersinekonomipolitikagazetesi.com\/index.php?rest_route=\/wp\/v2\/posts"}],"about":[{"href":"https:\/\/mersinekonomipolitikagazetesi.com\/index.php?rest_route=\/wp\/v2\/types\/post"}],"author":[{"embeddable":true,"href":"https:\/\/mersinekonomipolitikagazetesi.com\/index.php?rest_route=\/wp\/v2\/users\/2"}],"replies":[{"embeddable":true,"href":"https:\/\/mersinekonomipolitikagazetesi.com\/index.php?rest_route=%2Fwp%2Fv2%2Fcomments&post=30855"}],"version-history":[{"count":1,"href":"https:\/\/mersinekonomipolitikagazetesi.com\/index.php?rest_route=\/wp\/v2\/posts\/30855\/revisions"}],"predecessor-version":[{"id":30857,"href":"https:\/\/mersinekonomipolitikagazetesi.com\/index.php?rest_route=\/wp\/v2\/posts\/30855\/revisions\/30857"}],"wp:featuredmedia":[{"embeddable":true,"href":"https:\/\/mersinekonomipolitikagazetesi.com\/index.php?rest_route=\/wp\/v2\/media\/30856"}],"wp:attachment":[{"href":"https:\/\/mersinekonomipolitikagazetesi.com\/index.php?rest_route=%2Fwp%2Fv2%2Fmedia&parent=30855"}],"wp:term":[{"taxonomy":"category","embeddable":true,"href":"https:\/\/mersinekonomipolitikagazetesi.com\/index.php?rest_route=%2Fwp%2Fv2%2Fcategories&post=30855"},{"taxonomy":"post_tag","embeddable":true,"href":"https:\/\/mersinekonomipolitikagazetesi.com\/index.php?rest_route=%2Fwp%2Fv2%2Ftags&post=30855"}],"curies":[{"name":"wp","href":"https:\/\/api.w.org\/{rel}","templated":true}]}}