{"id":30858,"date":"2024-07-25T12:45:14","date_gmt":"2024-07-25T09:45:14","guid":{"rendered":"http:\/\/mersinekonomipolitikagazetesi.com\/?p=30858"},"modified":"2024-07-25T12:45:14","modified_gmt":"2024-07-25T09:45:14","slug":"chpli-kis-hakkaniyetli-adil-vergi-duzenini-halkin-iradesi-ile-biz-kuracagiz","status":"publish","type":"post","link":"https:\/\/mersinekonomipolitikagazetesi.com\/?p=30858","title":{"rendered":"CHP\u2019li K\u0131\u015f: \u201cHakkaniyetli, Adil Vergi D\u00fczenini Halk\u0131n \u0130radesi \u0130le Biz Kuraca\u011f\u0131z\u201d"},"content":{"rendered":"<h2>CHP Mersin Milletvekili G\u00fclcan K\u0131\u015f, TBMM Genel Kurulu&#8217;nda g\u00f6r\u00fc\u015f\u00fclen s\u00f6zde vergi reformu hakk\u0131ndaki kanun teklifi \u00fczerine konu\u015fma yapt\u0131. Ekonomik krizin faturas\u0131n\u0131 vatanda\u015fa kesen iktidar\u0131n g\u00f6stermelik tasarruf tedbirleri sonras\u0131 \u015fimdi de vergi reformu ad\u0131 alt\u0131nda ekonomiyi d\u00fczeltme aldatmacas\u0131na sert tepki g\u00f6sterdi.<\/h2>\n<h2>Vergi paketi \u00fczerine konu\u015fma yapan K\u0131\u015f, bu torba kanun teklifinde ne emeklinin, ne i\u015f\u00e7inin ne de \u00e7al\u0131\u015fan\u0131n haklar\u0131n\u0131 koruyan bir d\u00fczenleme oldu\u011funu belirtti.<\/h2>\n<h2>Tarihin en b\u00fcy\u00fck yoksullu\u011funun ya\u015fand\u0131\u011f\u0131n\u0131 ifade eden K\u0131\u015f, ekonomik krizin, yoksullu\u011fun, vergide adaletsizli\u011fin, enflasyonun artt\u0131\u011f\u0131 bir s\u00fcre\u00e7ten ge\u00e7ildi\u011fine dikkat \u00e7ekti. T\u00fcrkiye&#8217;nin en temel sorununun gelir adaletsizli\u011fi oldu\u011funa vurgu yapan K\u0131\u015f, Hazine ve Maliye Bakan&#8217;\u0131 \u015eim\u015fek&#8217;e de ele\u015ftirilerde bulundu.<\/h2>\n<h2>\u015eim\u015fek&#8217;in g\u00f6reve ba\u015flad\u0131\u011f\u0131 ilk g\u00fcnden itibaren bozulan ekonominin y\u00fck\u00fcn\u00fc vergi ve zamlarla dar gelirliden \u00e7\u0131kard\u0131\u011f\u0131n\u0131 belirten K\u0131\u015f, \u015eim\u015fek&#8217;in vatanda\u015f d\u00fc\u015fman\u0131 politikalarla Deli Dumrul&#8217;a d\u00f6nd\u00fc\u011f\u00fcn\u00fc vurgulad\u0131. Vatanda\u015flar\u0131n Bakan \u015eim\u015fek y\u00fcz\u00fcnden her g\u00fcn yeni bir vergiye uyand\u0131\u011f\u0131n\u0131 belirten K\u0131\u015f, AKP&#8217;nin\u00a0g\u00f6z\u00fcn\u00fc emeklinin, i\u015f\u00e7inin cebine diken; vergilerle, zamlarla milletin belini b\u00fck\u00fcp hayat\u0131n\u0131 ya\u015fanmaz h\u00e2le getiren ekonomi kurmay kadrosuna sahip oldu\u011funa dikkat \u00e7ekti.<\/h2>\n<h2>TBMM Genel Kurul k\u00fcrs\u00fcs\u00fcnden milletvekillerine seslenen K\u0131\u015f \u015funlar\u0131 s\u00f6yledi: &#8220;Yap\u0131lan vergi ara\u015ft\u0131rmalar\u0131na g\u00f6re T\u00fcrkiye, d\u00fc\u015f\u00fck gelir grubundan en y\u00fcksek verginin, y\u00fcksek gelir grubundakilerden ise en d\u00fc\u015f\u00fck verginin al\u0131nd\u0131\u011f\u0131 \u00fclkelerin ba\u015f\u0131nda geliyor. \u00dclkemiz tarihinin en b\u00fcy\u00fck yoksullu\u011funu ya\u015farken biz neyi g\u00f6r\u00fc\u015f\u00fcyoruz? Birbiriyle alakas\u0131z, vergi reformu iddias\u0131 ta\u015f\u0131yan bir torba kanun teklifini g\u00f6r\u00fc\u015f\u00fcyoruz. Partimizin Anayasa&#8217;ya ayk\u0131r\u0131l\u0131klar i\u00e7eren de\u011ferlendirmeleri Komisyonda kabul g\u00f6rmemi\u015ftir. Toplumun her kesimini yak\u0131ndan ilgilendiren, baz\u0131 sekt\u00f6rlerde i\u015f ve i\u015fleyi\u015f kurallar\u0131n\u0131, piyasa olu\u015fumunu, ekonomideki kaynak da\u011f\u0131l\u0131m\u0131n\u0131 ve ekonomik tercihleri etkileyecek b\u00f6ylesi bir d\u00fczenleme aceleyle de yasala\u015ft\u0131r\u0131lmak istenmektedir. Kamu kurum ve kurulu\u015flar\u0131n\u0131n, sivil toplum \u00f6rg\u00fctlerinin, i\u015f\u00e7i sendikalar\u0131n\u0131n, meslek \u00f6rg\u00fctlerinin g\u00f6r\u00fc\u015fleri al\u0131nmam\u0131\u015ft\u0131r&#8221;.<\/h2>\n<h2>CHP&#8217;li K\u0131\u015f, vergi paketinin TBMM&#8217;ye sunulmas\u0131n\u0131n ard\u0131ndan Mersin i\u015f d\u00fcnyas\u0131ndan talep ve sorunlar\u0131n kendisine iletildi\u011fini belirterek, i\u015f d\u00fcnyas\u0131ndan gelen bir milletvekili olarak bu sorunlar\u0131n \u00e7\u00f6z\u00fcm noktas\u0131nda torba kanun i\u00e7erisinde tek bir d\u00fczenleme bile olmad\u0131\u011f\u0131n\u0131 belirtti.<\/h2>\n<h2>K\u0131\u015f konu\u015fmas\u0131na \u015f\u00f6yle devam etti: &#8220;Teklifte ba\u015fta i\u015fsizlik ve enflasyon olmak \u00fczere ekonomik ve sosyal sorunlar\u0131n temelden \u00e7\u00f6z\u00fcm\u00fcne y\u00f6nelik herhangi bir \u00f6neri bulunmamaktad\u0131r. \u00c7ok y\u00fcksek bir kay\u0131t d\u0131\u015f\u0131l\u0131\u011f\u0131n h\u00fck\u00fcm s\u00fcrd\u00fc\u011f\u00fc bilinmektedir. Vergi y\u00fck\u00fc da\u011f\u0131l\u0131m\u0131n\u0131n adil olmamas\u0131 en \u00f6nemli problemlerdendir. Bug\u00fcn \u00fclkemizde b\u00f6l\u00fc\u015f\u00fcm ili\u015fkileri belki de cumhuriyet tarihimizde hi\u00e7 g\u00f6r\u00fclmedi\u011fi \u00f6l\u00e7\u00fcde de bozulmu\u015ftur. Bor\u00e7lanmaya dayal\u0131, T\u00fcrkiye&#8217;yi h\u0131zl\u0131 bir bi\u00e7imde b\u00fct\u00e7e ve kamu a\u00e7\u0131\u011f\u0131yla kar\u015f\u0131 kar\u015f\u0131ya b\u0131rakan ekonomik bir model yarat\u0131lm\u0131\u015ft\u0131r. Emekli maa\u015flar\u0131 ve asgari \u00fccret art\u0131\u015flar\u0131na, sendikal \u00f6rg\u00fctlenmenin \u00f6n\u00fcndeki engellerin kald\u0131r\u0131lmas\u0131na, daha adaletli bir gelir da\u011f\u0131l\u0131m\u0131n\u0131n sa\u011flanmas\u0131na ve yoksullu\u011fun ortadan kald\u0131r\u0131lmas\u0131na y\u00f6nelik hi\u00e7bir d\u00fczenleme bulunmamaktad\u0131r. Verginin as\u0131l y\u00fck\u00fcn\u00fc T\u00fcrkiye&#8217;de emek\u00e7iler, i\u015f\u00e7iler, \u00fccretli \u00e7al\u0131\u015fanlar \u00e7ekmektedir. Ger\u00e7ek \u015fu ki \u00e7al\u0131\u015fanlar\u0131n ve emeklilerin tasarruf ya da fedak\u00e2rl\u0131k yapacak bir durumu da kalmam\u0131\u015ft\u0131r. \u00dcst\u00fcne basa basa tekrar ediyorum: T\u00fcrkiye&#8217;nin temel sorunu gelir adaletsizli\u011fidir. Sosyal devlet olman\u0131n gere\u011fi de yoksullara, esnafa, \u00e7ift\u00e7iye, memurlara, i\u015f\u00e7ilere ve emek\u00e7ilere y\u00f6nelik politikalara \u00f6ncelik verilmelidir.&#8221;<\/h2>\n<h2>Emekli maa\u015f\u0131na 2 bin 500 TL zam yap\u0131lmas\u0131n\u0131 da ele\u015ftiren K\u0131\u015f, teklifin komisyon g\u00f6r\u00fc\u015fmeleri s\u0131ras\u0131nda Cumhuriyet Halk Partisi olarak en d\u00fc\u015f\u00fck emekli ayl\u0131\u011f\u0131n\u0131n asgari \u00fccret d\u00fczeyine y\u00fckseltilmesine y\u00f6nelik \u00f6nergelerinin de AKP-MHP oylar\u0131yla reddedildi\u011fini vurgulad\u0131.<\/h2>\n<h2>CHP&#8217;li K\u0131\u015f, yerelde iktidar olmu\u015f, halk\u0131n g\u00fcvenini kazanm\u0131\u015f ve umut olmu\u015f bir parti olarak iktidara gelir gelmez hakkaniyetli, vicdanl\u0131, insafl\u0131 ve halktan yana vergi sistemini halk\u0131n iradesi ile kuracaklar\u0131n\u0131 vurgulayarak bu kanun teklifine bu haliyle hay\u0131r oyu vereceklerini belirtti.<\/h2>\n","protected":false},"excerpt":{"rendered":"<p>CHP Mersin Milletvekili G\u00fclcan K\u0131\u015f, TBMM Genel Kurulu&#8217;nda g\u00f6r\u00fc\u015f\u00fclen s\u00f6zde vergi reformu hakk\u0131ndaki kanun teklifi \u00fczerine konu\u015fma yapt\u0131. Ekonomik krizin faturas\u0131n\u0131 vatanda\u015fa kesen iktidar\u0131n g\u00f6stermelik tasarruf tedbirleri sonras\u0131 \u015fimdi de &hellip; <a href=\"https:\/\/mersinekonomipolitikagazetesi.com\/?p=30858\" class=\"more-link\">Devam\u0131n\u0131 Oku&#8230;<\/a><\/p>\n","protected":false},"author":2,"featured_media":30859,"comment_status":"open","ping_status":"open","sticky":false,"template":"","format":"standard","meta":[],"categories":[1,2,3],"tags":[],"_links":{"self":[{"href":"https:\/\/mersinekonomipolitikagazetesi.com\/index.php?rest_route=\/wp\/v2\/posts\/30858"}],"collection":[{"href":"https:\/\/mersinekonomipolitikagazetesi.com\/index.php?rest_route=\/wp\/v2\/posts"}],"about":[{"href":"https:\/\/mersinekonomipolitikagazetesi.com\/index.php?rest_route=\/wp\/v2\/types\/post"}],"author":[{"embeddable":true,"href":"https:\/\/mersinekonomipolitikagazetesi.com\/index.php?rest_route=\/wp\/v2\/users\/2"}],"replies":[{"embeddable":true,"href":"https:\/\/mersinekonomipolitikagazetesi.com\/index.php?rest_route=%2Fwp%2Fv2%2Fcomments&post=30858"}],"version-history":[{"count":1,"href":"https:\/\/mersinekonomipolitikagazetesi.com\/index.php?rest_route=\/wp\/v2\/posts\/30858\/revisions"}],"predecessor-version":[{"id":30860,"href":"https:\/\/mersinekonomipolitikagazetesi.com\/index.php?rest_route=\/wp\/v2\/posts\/30858\/revisions\/30860"}],"wp:featuredmedia":[{"embeddable":true,"href":"https:\/\/mersinekonomipolitikagazetesi.com\/index.php?rest_route=\/wp\/v2\/media\/30859"}],"wp:attachment":[{"href":"https:\/\/mersinekonomipolitikagazetesi.com\/index.php?rest_route=%2Fwp%2Fv2%2Fmedia&parent=30858"}],"wp:term":[{"taxonomy":"category","embeddable":true,"href":"https:\/\/mersinekonomipolitikagazetesi.com\/index.php?rest_route=%2Fwp%2Fv2%2Fcategories&post=30858"},{"taxonomy":"post_tag","embeddable":true,"href":"https:\/\/mersinekonomipolitikagazetesi.com\/index.php?rest_route=%2Fwp%2Fv2%2Ftags&post=30858"}],"curies":[{"name":"wp","href":"https:\/\/api.w.org\/{rel}","templated":true}]}}