{"id":30864,"date":"2024-07-26T12:46:29","date_gmt":"2024-07-26T09:46:29","guid":{"rendered":"http:\/\/mersinekonomipolitikagazetesi.com\/?p=30864"},"modified":"2024-07-26T12:46:29","modified_gmt":"2024-07-26T09:46:29","slug":"buyuksehirin-uzman-kadrosu-dogru-ve-bilincli-tercih-yapmasi-icin-genclere-destek-oluyor","status":"publish","type":"post","link":"https:\/\/mersinekonomipolitikagazetesi.com\/?p=30864","title":{"rendered":"B\u00dcY\u00dcK\u015eEH\u0130R&#8217;\u0130N UZMAN KADROSU DO\u011eRU VE B\u0130L\u0130N\u00c7L\u0130 TERC\u0130H YAPMASI \u0130\u00c7\u0130N GEN\u00c7LERE DESTEK OLUYOR"},"content":{"rendered":"<p>Mersin B\u00fcy\u00fck\u015fehir Belediyesi, Y\u00fcksek\u00f6\u011fretim Kurumlar\u0131 S\u0131nav\u0131\u2019nda tercih d\u00f6neminin a\u00e7\u0131klanmas\u0131yla birlikte MERC\u0130 \u00d6\u011frenci Dan\u0131\u015fmanl\u0131k Merkezi arac\u0131l\u0131\u011f\u0131 ile \u00f6\u011frencilere \u00fccretsiz dan\u0131\u015fmanl\u0131k hizmeti vermeye ba\u015flad\u0131.<\/p>\n<p>&nbsp;<\/p>\n<p>S\u0131navda ba\u015far\u0131l\u0131 olup \u00fcniversite okumaya hak kazanan gen\u00e7lerin do\u011fru ve bilin\u00e7li bir \u015fekilde tercih yapmas\u0131 i\u00e7in B\u00fcy\u00fck\u015fehir, alan\u0131nda uzman e\u011fitim kadrosu ile Kongre ve Sergi Saray\u0131\u2019nda 2 A\u011fustos\u2019a kadar \u00fccretsiz bir \u015fekilde dan\u0131\u015fmanl\u0131k hizmetini s\u00fcrd\u00fcrecek.<\/p>\n<p><strong>\u00a0<\/strong><\/p>\n<p>&nbsp;<\/p>\n<p>\u00d6\u011frenci dostu belediyecilik anlay\u0131\u015f\u0131 ile hizmetlerini s\u00fcrd\u00fcren Mersin B\u00fcy\u00fck\u015fehir Belediyesi, Y\u00fcksek\u00f6\u011fretim Kurumlar\u0131 S\u0131nav\u0131\u2019nda (YKS) tercih d\u00f6neminin a\u00e7\u0131klanmas\u0131yla birlikte MERC\u0130 \u00d6\u011frenci Dan\u0131\u015fmanl\u0131k Merkezi arac\u0131l\u0131\u011f\u0131 ile \u00f6\u011frencilere \u00fccretsiz dan\u0131\u015fmanl\u0131k hizmeti vermeye ba\u015flad\u0131.<\/p>\n<p>&nbsp;<\/p>\n<p>E\u011fitim \u00d6\u011fretimi Destekleme Kurs Merkezleri ile y\u0131l boyunca \u00f6\u011frencilerin e\u011fitim hayat\u0131na destek olan ve ihtiya\u00e7 sahibi \u00f6\u011frencilerin s\u0131nav \u00fccretini \u00f6deyen B\u00fcy\u00fck\u015fehir, tercih d\u00f6neminde de \u00f6\u011frencileri yaln\u0131z b\u0131rakmad\u0131. \u00d6\u011frencilerin bundan sonraki e\u011fitim hayat\u0131n\u0131 \u015fekillendiren tercih d\u00f6neminde gen\u00e7lerin do\u011fru ve bilin\u00e7li bir \u015fekilde tercih yapabilmesi i\u00e7in B\u00fcy\u00fck\u015fehir, uzman kadrosu e\u015fli\u011finde Kongre ve Sergi Saray\u0131\u2019nda 2 A\u011fustos\u2019a kadar \u00fccretsiz bir \u015fekilde hizmet verecek. Devlet ve vak\u0131f \u00fcniversitelerinden temsilcilerinin ve tan\u0131t\u0131m stantlar\u0131n\u0131n yer ald\u0131\u011f\u0131 etkinlikte, gen\u00e7ler merak ettikleri \u00fcniversite ve b\u00f6l\u00fcmler hakk\u0131nda bilgi alma f\u0131rsat\u0131 da elde ediyor.<\/p>\n<p>&nbsp;<\/p>\n<p>Merkezde hafta boyunca sabah 09.00 ile ak\u015fam 18.00 saatleri aras\u0131nda verilen dan\u0131\u015fmanl\u0131k hizmeti, uzak il\u00e7elerde oturan ve merkeze gelemeyecek olan \u00f6\u011frenciler i\u00e7in de B\u00fcy\u00fck\u015fehir Belediyesi\u2019ne ba\u011fl\u0131 E\u011fitim ve \u00d6\u011fretimi Destekleme Kurs Merkezlerinde hafta i\u00e7i 08.00 ile 17.00 saatleri aras\u0131nda verilecek.<\/p>\n<p>&nbsp;<\/p>\n<p><strong>Y\u0131ld\u0131r\u0131m: \u201c\u00d6\u011frencilerimizin merak ettikleri konular hakk\u0131nda bilgiler veriyoruz\u201d<\/strong><\/p>\n<p>Sosyal Hizmetler Dairesi Ba\u015fkanl\u0131\u011f\u0131\u2019na ba\u011fl\u0131 E\u011fitim Hizmetleri \u015eube M\u00fcd\u00fcrl\u00fc\u011f\u00fc\u2019nde Rehber \u00d6\u011fretmen Canan Y\u0131ld\u0131r\u0131m, YKS tercih g\u00fcnlerinin ba\u015flamas\u0131yla birlikte \u00f6\u011frencilere \u00fccretsiz dan\u0131\u015fmanl\u0131k hizmeti vermeye ba\u015flad\u0131klar\u0131n\u0131 ifade etti. Bu hizmetin 2 A\u011fustos\u2019a kadar s\u00fcrece\u011fini kaydeden Y\u0131ld\u0131r\u0131m, <strong>\u201cYKS tercih hizmetimizde alan\u0131nda uzman rehber \u00f6\u011fretmenlerimizle birlikte \u00f6\u011frencilerimizin neleri merak ettiklerini, b\u00f6l\u00fcmler hakk\u0131nda ve bu b\u00f6l\u00fcmleri bitirdikten sonraki \u00e7al\u0131\u015fma alanlar\u0131, KPSS ve \u00fcniversiteler hakk\u0131nda bilgiler veriyoruz. Ayn\u0131 zamanda burada devlet ve baz\u0131 vak\u0131f \u00fcniversitelerimizden temsilcilerimiz de burada. \u00d6\u011frencilerimiz onlardan da \u00fcniversiteler hakk\u0131nda birebir bilgiler de alabiliyorlar\u201d<\/strong> dedi.<\/p>\n<p>&nbsp;<\/p>\n<p>Bu sene Y\u00d6K\u2019\u00fcn tercih d\u00f6nemi ile ilgili baz\u0131 de\u011fi\u015fiklikler yapt\u0131\u011f\u0131n\u0131 aktaran Y\u0131ld\u0131r\u0131m, <strong>\u201cG\u00f6r\u00fc\u015fmelerin bu sene y\u00fcz y\u00fcze yap\u0131lmas\u0131 bizim i\u00e7in \u00e7ok \u00e7ok \u00f6nemli. \u00c7\u00fcnk\u00fc bilindi\u011fi \u00fczere bu sene baz\u0131 de\u011fi\u015fiklikler var. \u0130kinci \u00f6\u011fretimler kald\u0131r\u0131ld\u0131. Baz\u0131 b\u00f6l\u00fcmlerin kontenjanlar\u0131nda de\u011fi\u015fiklikler var. Bu noktada tercih d\u00f6nemi bu y\u0131l daha da kritik. Bu y\u00fczden \u00f6\u011frencilerimizin tercih d\u00f6neminde bizlerle y\u00fcz y\u00fcze gelmelerini \u00f6nemle s\u00f6yl\u00fcyoruz\u201d<\/strong> ifadelerine yer verdi.<\/p>\n<p><strong>\u00a0<\/strong><\/p>\n<p><strong>Y\u0131l boyunca \u00f6\u011frencilere destek olan B\u00fcy\u00fck\u015fehir, tercih d\u00f6neminde de \u00f6\u011frencilerin yan\u0131nda<\/strong><\/p>\n<p>B\u00fcy\u00fck\u015fehir Belediyesi\u2019ne ait E\u011fitim ve \u00d6\u011fretimi Destekleme Kurs Merkezi\u2019nden faydalanan ve dereceye giren \u00f6\u011frencilerden \u00d6zg\u00fcr \u00c7elik, <strong>\u201cE\u015fit a\u011f\u0131rl\u0131kta 850. oldum. Ben daha \u00f6nce \u00f6zel dershanelerin de deneme derslerine girmi\u015ftim. Genel olarak oralar\u0131 be\u011fenmedim. B\u00fcy\u00fck\u015fehir Belediyesi\u2019nin kurs merkezinde \u00e7al\u0131\u015fma ortam\u0131 daha rahat oldu\u011fu i\u00e7in buray\u0131 tercih ettim. Birebir ders almak istedi\u011fimde veya kitap ihtiyac\u0131 olanlar i\u00e7in kitap deste\u011fi vard\u0131. Her zaman oldu\u011fu gibi dan\u0131\u015fmanl\u0131k s\u00fcrecinde de \u00f6\u011fretmenlerim yan\u0131mda oldu\u201d<\/strong> dedi.<\/p>\n<p>&nbsp;<\/p>\n<p>\u00d6\u011frencilerden \u0130lke Cem \u00c7atal, say\u0131salda ilk 76 bin aras\u0131na girdi\u011fini ve bunun da B\u00fcy\u00fck\u015fehir\u2019in e\u011fitime olan destekleri sayesinde oldu\u011funu vurgulayarak, <strong>\u201c\u00d6\u011fretmenlerimizle beraber ders \u00e7al\u0131\u015fma programlar\u0131 yapt\u0131k. Denemeler oldu, ders g\u00f6rd\u00fck. Hocalar\u0131m bana \u00e7ok destek oldular ve bu ba\u015far\u0131y\u0131 sa\u011flamamda bana yard\u0131mc\u0131 oldular. \u0130stedi\u011fim zaman onlara soru sorabiliyordum. \u00dccretsiz kitap, denemeler ve fotokopiler verdiler. Di\u011fer \u00f6zel kurs merkezlerinden hi\u00e7bir fark\u0131 yok hatta buras\u0131 daha iyi. Rehberlik hocam\u0131z burada oldu\u011fu ve tercihlerde de bizden daha \u00e7ok bilgi sahibi olduklar\u0131 i\u00e7in buray\u0131 tercih ettim\u201d<\/strong> ifadelerini kulland\u0131.<\/p>\n<p>&nbsp;<\/p>\n<p>B\u00fcy\u00fck\u015fehir\u2019in kurs merkezinden faydalanan bir ba\u015fka \u00f6\u011frenci Hasan Arda Turan ise, YKS s\u0131nav s\u00fcrecinin kendisi i\u00e7in stresli ve y\u0131prat\u0131c\u0131 oldu\u011funu ancak \u00f6\u011fretmenleri e\u015fli\u011finde bu problemi yendi\u011fini s\u00f6yleyerek, <strong>\u201cBu s\u0131nav biraz mantalite ve motivasyon s\u0131nav\u0131na ge\u00e7ti art\u0131k. \u00c7\u00fcnk\u00fc soru \u00e7\u00f6zmek zor de\u011fil ama psikolojik olarak haz\u0131r olmak \u00e7ok zor. O anlamda da \u00f6\u011fretmenlerim bana \u00e7ok yard\u0131mc\u0131 oldular. Ben \u00e7ok faydas\u0131n\u0131 g\u00f6rd\u00fcm. Hocalar\u0131m\u0131z samimi ve cana yak\u0131nlar. Bilgili olduklar\u0131n\u0131 hissedebiliyorsun. O y\u00fczden yine buray\u0131 tercih ettim\u201d<\/strong> diye konu\u015ftu.<\/p>\n<p>&nbsp;<\/p>\n<p>&nbsp;<\/p>\n<p>&nbsp;<\/p>\n<p>&nbsp;<\/p>\n","protected":false},"excerpt":{"rendered":"<p>Mersin B\u00fcy\u00fck\u015fehir Belediyesi, Y\u00fcksek\u00f6\u011fretim Kurumlar\u0131 S\u0131nav\u0131\u2019nda tercih d\u00f6neminin a\u00e7\u0131klanmas\u0131yla birlikte MERC\u0130 \u00d6\u011frenci Dan\u0131\u015fmanl\u0131k Merkezi arac\u0131l\u0131\u011f\u0131 ile \u00f6\u011frencilere \u00fccretsiz dan\u0131\u015fmanl\u0131k hizmeti vermeye ba\u015flad\u0131. &nbsp; S\u0131navda ba\u015far\u0131l\u0131 olup \u00fcniversite okumaya hak kazanan &hellip; <a href=\"https:\/\/mersinekonomipolitikagazetesi.com\/?p=30864\" class=\"more-link\">Devam\u0131n\u0131 Oku&#8230;<\/a><\/p>\n","protected":false},"author":2,"featured_media":30865,"comment_status":"open","ping_status":"open","sticky":false,"template":"","format":"standard","meta":[],"categories":[1,2,3],"tags":[],"_links":{"self":[{"href":"https:\/\/mersinekonomipolitikagazetesi.com\/index.php?rest_route=\/wp\/v2\/posts\/30864"}],"collection":[{"href":"https:\/\/mersinekonomipolitikagazetesi.com\/index.php?rest_route=\/wp\/v2\/posts"}],"about":[{"href":"https:\/\/mersinekonomipolitikagazetesi.com\/index.php?rest_route=\/wp\/v2\/types\/post"}],"author":[{"embeddable":true,"href":"https:\/\/mersinekonomipolitikagazetesi.com\/index.php?rest_route=\/wp\/v2\/users\/2"}],"replies":[{"embeddable":true,"href":"https:\/\/mersinekonomipolitikagazetesi.com\/index.php?rest_route=%2Fwp%2Fv2%2Fcomments&post=30864"}],"version-history":[{"count":1,"href":"https:\/\/mersinekonomipolitikagazetesi.com\/index.php?rest_route=\/wp\/v2\/posts\/30864\/revisions"}],"predecessor-version":[{"id":30866,"href":"https:\/\/mersinekonomipolitikagazetesi.com\/index.php?rest_route=\/wp\/v2\/posts\/30864\/revisions\/30866"}],"wp:featuredmedia":[{"embeddable":true,"href":"https:\/\/mersinekonomipolitikagazetesi.com\/index.php?rest_route=\/wp\/v2\/media\/30865"}],"wp:attachment":[{"href":"https:\/\/mersinekonomipolitikagazetesi.com\/index.php?rest_route=%2Fwp%2Fv2%2Fmedia&parent=30864"}],"wp:term":[{"taxonomy":"category","embeddable":true,"href":"https:\/\/mersinekonomipolitikagazetesi.com\/index.php?rest_route=%2Fwp%2Fv2%2Fcategories&post=30864"},{"taxonomy":"post_tag","embeddable":true,"href":"https:\/\/mersinekonomipolitikagazetesi.com\/index.php?rest_route=%2Fwp%2Fv2%2Ftags&post=30864"}],"curies":[{"name":"wp","href":"https:\/\/api.w.org\/{rel}","templated":true}]}}