{"id":30867,"date":"2024-07-26T12:49:33","date_gmt":"2024-07-26T09:49:33","guid":{"rendered":"http:\/\/mersinekonomipolitikagazetesi.com\/?p=30867"},"modified":"2024-07-26T12:49:33","modified_gmt":"2024-07-26T09:49:33","slug":"meski-2025-2029-stratejik-plan-calistayi-duzenledi","status":"publish","type":"post","link":"https:\/\/mersinekonomipolitikagazetesi.com\/?p=30867","title":{"rendered":"MESK\u0130, 2025-2029 STRATEJ\u0130K PLAN \u00c7ALI\u015eTAYI D\u00dcZENLED\u0130"},"content":{"rendered":"<p>Hizmette \u00f6nc\u00fc \u00e7al\u0131\u015fmalara imza atan MESK\u0130 Genel M\u00fcd\u00fcrl\u00fc\u011f\u00fc,\u00a0\u00a02025-2029 Stratejik Plan \u00c7al\u0131\u015ftay\u0131&#8217;n\u0131 ger\u00e7ekle\u015ftirdi. 2 oturum s\u00fcren \u00e7al\u0131\u015ftayda;\u00a0<b>&#8216;Temiz ve Kaliteli \u0130\u00e7me Suyu Temini&#8217;, &#8216;Ya\u011fmur Suyu ve Kanalizasyon Y\u00f6netimi&#8217;, &#8216;Ar\u0131tma ve \u00c7evresel Etkileri&#8217;, &#8216;Abone Hizmetleri Y\u00f6netimi&#8217;, &#8216;\u0130klim De\u011fi\u015fikli\u011fi Ve Afetlerin Su Y\u00f6netimine Etkisi&#8217;, &#8216;Teknolojik Yat\u0131r\u0131mlar&#8217;, &#8216;Kurumsal Kapasitenin Art\u0131r\u0131lmas\u0131-\u0130nsan Kaynaklar\u0131 ve Varl\u0131k Y\u00f6netimi&#8217;<\/b>\u00a0ile\u00a0<b>&#8216;Gelece\u011fe Dair Projeksiyon ve Talep Tahmini&#8217;\u00a0<\/b>konu ba\u015fl\u0131klar\u0131 tart\u0131\u015f\u0131ld\u0131. Bilgili olduklar\u0131 konular hakk\u0131ndaki g\u00f6r\u00fc\u015flerini payla\u015fan ve Mersin&#8217;in geli\u015fimine katk\u0131 sunan kentin \u00f6nde gelen payda\u015flar\u0131, moderat\u00f6rler taraf\u0131ndan yap\u0131lan de\u011ferlendirme konu\u015fmalar\u0131yla tamamlanan \u00e7al\u0131\u015ftaydan memnun ayr\u0131ld\u0131.<\/p>\n<p class=\"v1MsoNormal\">Mersin B\u00fcy\u00fck\u015fehir Belediyesi Mersin Su ve Kanalizasyon \u0130daresi (MESK\u0130) Genel M\u00fcd\u00fcrl\u00fc\u011f\u00fc,\u00a0\u00a02025-2029 Stratejik Plan \u00c7al\u0131\u015ftay\u0131 d\u00fczenledi. Mersin B\u00fcy\u00fck\u015fehir Belediyesi Kongre Merkezi Meclis Salonu&#8217;nda ger\u00e7ekle\u015fen 2025-2029 Stratejik Plan \u00c7al\u0131\u015ftay\u0131&#8217;nda MESK\u0130 Genel M\u00fcd\u00fcr\u00fc \u0130rfan Korkmaz, MESK\u0130 ve B\u00fcy\u00fck\u015fehir Belediyesi&#8217;nin birimlerinden temsilciler, il\u00e7e belediyeler, akademisyenler, farkl\u0131 disiplinlerdeki meslek gruplar\u0131 ve sekt\u00f6r temsilcileri,\u00a0\u00a0\u00f6zel ve resmi kurum y\u00f6neticileri, STK ve oda temsilcileri ile bir araya geldi.<\/p>\n<p class=\"v1MsoNormal\">\n<p class=\"v1MsoNormal\">2 oturum s\u00fcren 2025-2029 Stratejik Plan \u00c7al\u0131\u015ftay\u0131&#8217;nda;\u00a0<b>&#8216;Temiz ve Kaliteli \u0130\u00e7me Suyu Temini&#8217;, &#8216;Ya\u011fmur Suyu ve Kanalizasyon Y\u00f6netimi&#8217;, &#8216;Ar\u0131tma ve \u00c7evresel Etkileri&#8217;, &#8216;Abone Hizmetleri Y\u00f6netimi&#8217;, &#8216;\u0130klim De\u011fi\u015fikli\u011fi Ve Afetlerin Su Y\u00f6netimine Etkisi&#8217;, &#8216;Teknolojik Yat\u0131r\u0131mlar&#8217;, &#8216;Kurumsal Kapasitenin Art\u0131r\u0131lmas\u0131-\u0130nsan Kaynaklar\u0131 ve Varl\u0131k Y\u00f6netimi&#8217;<\/b>\u00a0ile\u00a0<b>&#8216;Gelece\u011fe Dair Projeksiyon ve Talep Tahmini&#8217;<\/b>\u00a0konu ba\u015fl\u0131klar\u0131 alt\u0131nda tart\u0131\u015f\u0131ld\u0131. \u00c7al\u0131\u015ftay, masa moderat\u00f6rleri taraf\u0131ndan yap\u0131lan de\u011ferlendirme konu\u015fmalar\u0131 ile sona erdi. Bilgili olduklar\u0131 konular \u00fczerinde g\u00f6r\u00fc\u015flerini sunan kentin \u00f6nde gelen payda\u015flar\u0131, \u00e7al\u0131\u015ftaydan memnun ayr\u0131ld\u0131.<\/p>\n<p class=\"v1MsoNormal\">\n<p class=\"v1MsoNormal\"><b>MESK\u0130 Genel M\u00fcd\u00fcr\u00fc \u0130rfan Korkmaz, MESK\u0130&#8217;nin \u00f6nemli yat\u0131r\u0131mlar\u0131n\u0131n bilgisini verdi<\/b><\/p>\n<p class=\"v1MsoNormal\">A\u00e7\u0131l\u0131\u015f konu\u015fmas\u0131nda stratejik plan\u0131n \u00f6nemine vurgu yapan MESK\u0130 Genel M\u00fcd\u00fcr\u00fc \u0130rfan Korkmaz, ge\u00e7mi\u015f 5 y\u0131ll\u0131k stratejik plan d\u00f6neminde ger\u00e7ekle\u015ftirdikleri \u00f6nemli yat\u0131r\u0131mlarla ilgili bilgiler payla\u015farak, \u015fu ifadeleri kulland\u0131:<\/p>\n<p class=\"v1MsoNormal\"><b>&#8220;\u0130leri Teknoloji \u0130zleme ve Kontrol Merkezimiz SCADA&#8217;da;\u00a0\u00a0&#8220;360\u00b0 Su Y\u00f6netimi&#8221; anlay\u0131\u015f\u0131 ile il n\u00fcfusunun %83&#8217;\u00fcn\u00fcn, toplam abone say\u0131s\u0131n\u0131n ise %70&#8217;inin i\u00e7mesuyu ihtiyac\u0131n\u0131n temin edildi\u011fi depolar\u0131 SCADA&#8217;dan 7\/24 izliyor ve y\u00f6netiyoruz. Ge\u00e7ti\u011fimiz aylarda devreye ald\u0131\u011f\u0131m\u0131z Enerji, Saya\u00e7 ve Su G\u00fcvenli\u011fi SCADA&#8217;lar\u0131 ile 430 tesisin enerji takibini, 66 bin abonenin uzaktan su t\u00fcketimlerini ve 150 lokasyondan al\u0131nan g\u00fcvenlik verileri ile toplamda 1156 tesisi SCADA&#8217;dan izliyoruz. 2020 y\u0131l\u0131nda kurdu\u011fumuz ALO TEKS\u0130N \u00c7a\u011fr\u0131 Merkezi ile kay\u0131p, ka\u00e7ak ve ar\u0131zalara \u00e7ok daha h\u0131zl\u0131 m\u00fcdahale ediyor, haftada 14 bin \u00e7a\u011fr\u0131yla merkezimize gelen taleplerin kategorisine g\u00f6re \u0131s\u0131 haritalar\u0131ndan yola \u00e7\u0131karak \u00e7\u00f6z\u00fcmc\u00fcl projeler \u00fcretiyoruz. Co\u011frafi Bilgi Sistemi (CBS) ile t\u00fcm altyap\u0131lar\u0131 b\u00fct\u00fcnc\u00fcl veri taban\u0131m\u0131za i\u015fliyoruz. Bakanl\u0131k\u00e7a yetkilendirilmi\u015f, M\u00fckemmel Sertifikal\u0131 ve 144 parametreden akredite edilmi\u015f laboratuvar\u0131m\u0131z sayesinde suyumuza gereken \u00f6zeni g\u00f6steriyor, her y\u0131l 45 bin \u00f6\u011frencimize ula\u015fma imk\u00e2n\u0131 buldu\u011fumuz okullarda, suyun \u00f6nemini &#8216;Su Tasarrufu E\u011fitimleri&#8217; ba\u015fl\u0131\u011f\u0131yla anlat\u0131yoruz. Barkod Sistemli Merkezi Stok Takibi ile bir \u00fcr\u00fcn\u00fcn sat\u0131n al\u0131nmas\u0131ndan hurdaya ayr\u0131lmas\u0131na kadar olan s\u00fcreci takip ederek, insan kayna\u011f\u0131ndan tasarruf ediyoruz. Evraks\u0131z Biyometrik \u0130mza veya e-Devlet \u00fczerinden online abonelik i\u015flemleri ile ak\u0131ll\u0131 veznelerimiz ve dijital ar\u015fivimiz sayesinde \u00e7al\u0131\u015fan ve abone memnuniyetini art\u0131r\u0131yoruz. Biyogazdan elde etti\u011fimiz enerji ve 2020-2024 y\u0131llar\u0131 aras\u0131nda kurdu\u011fumuz GES vas\u0131tas\u0131 ile elde edilen enerji ile toplam t\u00fcketimin % 8.3&#8217;\u00fcn\u00fc kar\u015f\u0131l\u0131yoruz&#8221;\u00a0<\/b><\/p>\n<p class=\"v1MsoNormal\">\n<p class=\"v1MsoNormal\"><b>Korkmaz: &#8220;Suyun korunmas\u0131n\u0131 ve takibini ancak bilimin \u0131\u015f\u0131\u011f\u0131nda ileri teknolojiyi kullanarak yapabiliriz&#8221;<\/b><\/p>\n<p class=\"v1MsoNormal\">Genel M\u00fcd\u00fcr Korkmaz, n\u00fcfus art\u0131\u015f\u0131, k\u00fcresel \u0131s\u0131nma, kurakl\u0131k, rezervlerin azalmas\u0131 ve su kaynaklar\u0131n\u0131n h\u0131zla kirlenmesinin beraberinde getirdi\u011fi su talebindeki art\u0131\u015f ile suyun do\u011fru y\u00f6netimi ve korunmas\u0131n\u0131n \u00f6nem kazand\u0131\u011f\u0131n\u0131 vurgulayarak, MESK\u0130&#8217;nin b\u00fcy\u00fck \u00e7aba verdi\u011finin alt\u0131n\u0131 \u00e7izdi. Korkmaz;\u00a0<b>&#8220;\u00d6l\u00e7emedi\u011finiz \u015feyi y\u00f6netemez ve geli\u015ftiremezsiniz. \u00d6l\u00e7\u00fcm ve analiz yapm\u0131yorsan\u0131z, hangi de\u011fi\u015fikliklerin en b\u00fcy\u00fck etkiyi yaratt\u0131\u011f\u0131n\u0131 bilme \u015fans\u0131n\u0131z yok. Ya\u015fam kayna\u011f\u0131m\u0131z olan suyun korunmas\u0131n\u0131 ve takibini ancak bilimin \u0131\u015f\u0131\u011f\u0131nda ileri teknolojiyi kullanarak yapabiliriz. Bu konuda MESK\u0130 Genel M\u00fcd\u00fcrl\u00fc\u011f\u00fc olarak do\u011fru yolda oldu\u011fumuzu ifade etmek isterim. S\u00f6zlerime son verirken bu imk\u00e2nlar\u0131n olu\u015fmas\u0131 i\u00e7in her daim yan\u0131m\u0131zda olan ba\u015fta B\u00fcy\u00fck\u015fehir Belediye Ba\u015fkan\u0131m\u0131z Say\u0131n Vahap Se\u00e7er&#8217;e ve emek veren MESK\u0130 ailesine \u015f\u00fckranlar\u0131m\u0131 sunuyorum. \u00c7al\u0131\u015ftay\u0131m\u0131za kat\u0131l\u0131m sa\u011flayarak bizleri onurland\u0131rd\u0131\u011f\u0131n\u0131z i\u00e7in hepinize ayr\u0131 ayr\u0131 te\u015fekk\u00fcr ediyor, sayg\u0131lar\u0131m\u0131 sunuyorum&#8221;\u00a0<\/b>ifadelerini kulland\u0131.<\/p>\n<p class=\"v1MsoNormal\">\n<p class=\"v1MsoNormal\"><b>\u00c7ingisiz: &#8220;Birlikte d\u00fc\u015f\u00fcnme ve sorgulama yetene\u011fini geli\u015ftirmeyi hedefliyoruz&#8221;<\/b><\/p>\n<p class=\"v1MsoNormal\">MESK\u0130&#8217;nin t\u00fcm payda\u015flar\u0131 \u00f6nemseyen kat\u0131l\u0131mc\u0131 y\u00f6netim anlay\u0131\u015f\u0131na sahip bir idare oldu\u011funun bilgisini kaydeden MESK\u0130 Strateji Geli\u015ftirme Dairesi Ba\u015fkan\u0131 Deniz \u00c7ingisiz;\u00a0<b>&#8220;Yeni d\u00f6nem stratejik plan \u00e7al\u0131\u015fmalar\u0131m\u0131za May\u0131s ay\u0131nda s\u00fcrecimize y\u00f6n veren genelgemizin \u00e7\u0131kar\u0131lmas\u0131yla ba\u015flanm\u0131\u015ft\u0131r. Arkas\u0131ndan strateji geli\u015ftirme kurulumuz ve haz\u0131rl\u0131k ekibimizin g\u00f6revlendirilmeleri ile stratejik plan \u00e7al\u0131\u015fmalar\u0131m\u0131za h\u0131z verilmi\u015ftir. Kurumumuz t\u00fcm payda\u015flar\u0131 \u00f6nemseyen, kat\u0131l\u0131mc\u0131 y\u00f6netim anlay\u0131\u015f\u0131na sahip bir idaredir. Bu anlay\u0131\u015fla en verimli payda\u015f analizi olarak \u00e7al\u0131\u015ftay d\u00fczenlemesi, strateji genel kurulundan daha dirsek temas\u0131yla \u00e7al\u0131\u015fman\u0131n, birbirimize bilgi al\u0131\u015fveri\u015finin bu \u015fekilde y\u00fcz y\u00fcze \u00e7al\u0131\u015ftay ortam\u0131nda yap\u0131lmas\u0131n\u0131n karar\u0131, Kurumumuz taraf\u0131ndan verilmi\u015ftir. \u0130daremizin etkile\u015fim i\u00e7erisinde oldu\u011fu taraflar\u0131n stratejik plan ile ilgili g\u00f6r\u00fc\u015flerinin al\u0131nmas\u0131, ayn\u0131 zamanda idaremizin ihtiya\u00e7 ve beklentilerinin de \u015fekillendirilece\u011fi \u00e7al\u0131\u015ftay ortam\u0131nda bir araya gelmi\u015f bulunmaktay\u0131z. \u00c7al\u0131\u015ftay\u0131m\u0131zda faaliyetlerimiz grupland\u0131r\u0131larak, 9 ba\u015fl\u0131k alt\u0131nda masalar\u0131m\u0131z olu\u015fturulmu\u015ftur. Mesleklerinde uzman arkada\u015flar\u0131m\u0131z konular\u0131nda payda\u015flar\u0131yla direkt temasa ge\u00e7erek, sizleri davet etmede bizlere son derece destek olmu\u015flard\u0131r. Ayr\u0131ca, kurumlar aras\u0131 ileti\u015fimin art\u0131r\u0131larak,\u00a0\u00a0kaynaklar\u0131n etkin ve verimli kullan\u0131lmas\u0131 amac\u0131na y\u00f6nelik birlikte d\u00fc\u015f\u00fcnme ve sorgulama yetene\u011fini geli\u015ftirmeyi hedeflemi\u015f bulunmaktay\u0131z. Yeni fikirleriyle, kurumumuza sa\u011flayaca\u011f\u0131 katk\u0131lara ortam yarataca\u011f\u0131 inanc\u0131 ile d\u00fczenledi\u011fimiz bu \u00e7al\u0131\u015ftay\u0131m\u0131zda eme\u011fi ge\u00e7en ba\u015fta Genel M\u00fcd\u00fcr\u00fcm\u00fcz Say\u0131n \u0130rfan Korkmaz olmak \u00fczere, MESK\u0130&#8217;nin t\u00fcm y\u00f6netici ve idareci arkada\u015flar\u0131ma, strateji geli\u015ftirme, kurulum ve haz\u0131rl\u0131k ekibim ile t\u00fcm kat\u0131l\u0131mc\u0131lara te\u015fekk\u00fcrlerimi sunuyorum.<\/b>\u00a0<b>De\u011ferli kat\u0131l\u0131mc\u0131lar, \u00e7al\u0131\u015ftay\u0131m\u0131z\u0131n ba\u015far\u0131l\u0131 ve sonu\u00e7 odakl\u0131 olmas\u0131n\u0131 temenni ederek, de\u011ferli katk\u0131lar\u0131n\u0131z i\u00e7in hepinize ayr\u0131 ayr\u0131 te\u015fekk\u00fcr ediyorum&#8221;<\/b>\u00a0dedi.<\/p>\n<p class=\"v1MsoNormal\">\n<p class=\"v1MsoNormal\"><b>Can: &#8220;\u00c7al\u0131\u015ftay, olduk\u00e7a verimli ge\u00e7ti&#8221;<\/b><\/p>\n<p class=\"v1MsoNormal\">\u0130klim de\u011fi\u015fikli\u011fi ve afetlerin sonu \u00fczerindeki etkileri konulu masan\u0131n moderat\u00f6rl\u00fc\u011f\u00fcn\u00fc ger\u00e7ekle\u015ftiren \u00c7evre M\u00fchendisleri Oda Ba\u015fkan\u0131 Dr. Sinan Can;\u00a0<b>&#8220;MESK\u0130 taraf\u0131ndan ger\u00e7ekle\u015ftirilen bu \u00e7al\u0131\u015ftay, olduk\u00e7a verimli ge\u00e7ti. Sivil toplum kurulu\u015flar\u0131ndan, kamu kurum ve kurulu\u015flar\u0131n\u0131n de\u011ferli temsilcilerinin bir araya geldi\u011fi bu g\u00fczel toplant\u0131n\u0131n ger\u00e7ekle\u015ftirilmesinde eme\u011fi olan t\u00fcm b\u00fcrokrat ve emektar arkada\u015flar\u0131m\u0131za te\u015fekk\u00fcrlerimi sunuyorum. Bizim masam\u0131za daha \u00e7ok su y\u00f6netiminin iklim de\u011fi\u015fikli\u011fi ve afetler \u00fczerindeki etkilerini ele ald\u0131k. 17 payda\u015f\u0131n ve kurumun bir araya geldi\u011fi toplant\u0131m\u0131zda iklim de\u011fi\u015fikli\u011finin etkileri, karbon ayak izi, su ayak izi, su y\u00f6netimi \u00fczerindeki etkiler, afetlerin su temininde ortaya \u00e7\u0131kard\u0131\u011f\u0131 aksakl\u0131klar, yenilebilir enerji kaynaklar\u0131 konular\u0131nda yap\u0131lmas\u0131 gereken \u00e7al\u0131\u015fmalar ele al\u0131nd\u0131. Bir dizi \u00f6nerilerimizi ve haz\u0131rlanacak olan stratejik planda yer almas\u0131 i\u00e7in de katk\u0131lar\u0131m\u0131z\u0131 MESK\u0130&#8217;ye sunduk&#8221;\u00a0<\/b>\u015feklinde konu\u015ftu.\u00a0<b>\u00a0<\/b><\/p>\n<p class=\"v1MsoNormal\"><b>\u00a0<\/b><\/p>\n<p class=\"v1MsoNormal\">Temiz ve Kaliteli \u0130\u00e7me Suyu Temini masas\u0131n\u0131n moderat\u00f6r\u00fc Mersin \u00dcniversitesi \u00c7evre M\u00fchendisli\u011fi B\u00f6l\u00fcm\u00fc \u00f6\u011fretim \u00fcyesi Do\u00e7.Dr. Mehmet Ali Kurt;\u00a0<b>&#8220;G\u00fczel bir \u00e7al\u0131\u015ftay organize edilmi\u015f. Bundan dolay\u0131 Mersin B\u00fcy\u00fck\u015fehir Belediyesi ve MESK\u0130&#8217;yi tebrik ediyorum. \u00c7ok say\u0131da masada, \u00e7ok say\u0131da suyla ilgili konu tart\u0131\u015f\u0131ld\u0131. Ben 1.masadayd\u0131m, verimli sonu\u00e7lar elde ettik.\u00a0\u00a0Umar\u0131m bu sonu\u00e7lar, g\u00fcn\u00fcm\u00fczdeki su s\u0131k\u0131nt\u0131s\u0131n\u0131 ve gelecekte artarak \u00e7o\u011falacak su s\u0131k\u0131nt\u0131s\u0131n\u0131 yok etmeye vesile olur. Bu anlamda g\u00fczel ve verimli bir \u00e7al\u0131\u015ftay oldu&#8221;\u00a0<\/b>diye konu\u015ftu.<b><\/b><\/p>\n<p class=\"v1MsoNormal\">\n<p class=\"v1MsoNormal\"><b>Ta\u015fk\u0131n: &#8220;Mersin&#8217;in gelece\u011fine olan etkisi \u00fczerinde g\u00fczel sonu\u00e7lar do\u011furaca\u011f\u0131na inan\u0131yorum&#8221;<\/b><\/p>\n<p class=\"v1MsoNormal\">\u0130n\u015faat Y\u00fcksek M\u00fchendisi Sayg\u0131n Ta\u015fk\u0131n, kurumlardan gelen payda\u015flar\u0131m\u0131zla beraber verimli bir sohbet ger\u00e7ekle\u015ftirdiklerini belirterek;\u00a0<b>&#8220;G\u00fczel bir \u00e7al\u0131\u015ftayda beraberdik. Payda\u015flar\u0131m\u0131zla beraber \u00e7ok g\u00fczel konulara de\u011findik. Kendi moderat\u00f6rl\u00fc\u011f\u00fcn\u00fc y\u00fcr\u00fctt\u00fc\u011f\u00fcm ya\u011fmur suyu ve kanalizasyon y\u00f6netimi konular\u0131nda di\u011fer kurumlardan olan payda\u015flar\u0131m\u0131zla beraber gayet verimli bir sohbet ger\u00e7ekle\u015ftirdik. Bunun Mersin&#8217;in gelece\u011fine olan etkisi \u00fczerinde g\u00fczel sonu\u00e7lar do\u011furaca\u011f\u0131na inan\u0131yorum. \u00c7al\u0131\u015ftay\u0131n sonu\u00e7lar\u0131nda di\u011fer kurumlar\u0131m\u0131z g\u00fczel tavsiyeler, g\u00fczel \u00f6nerilerde bulundu. Asl\u0131nda bir payla\u015f\u0131m ger\u00e7ekle\u015ftirdik. Bunu da hem kurumlar aras\u0131ndaki i\u015fbirli\u011fi a\u00e7\u0131s\u0131ndan hem de MESK\u0130&#8217;nin gelece\u011fi a\u00e7\u0131s\u0131ndan \u00e7ok de\u011ferli buluyorum&#8221;\u00a0<\/b>dedi.<\/p>\n<p class=\"v1MsoNormal\">\n<p class=\"v1MsoNormal\"><b>Arslan: &#8220;Bizler i\u00e7in son derece k\u0131ymetliydi&#8221;<\/b><\/p>\n<p class=\"v1MsoNormal\">Mersin \u00dcniversitesi \u00c7evre M\u00fchendisli\u011fi B\u00f6l\u00fcm\u00fc \u00f6\u011fretim \u00fcyesi Do\u00e7.Dr. H\u00fcdaverdi Arslan, Mersin&#8217;in t\u00fcm payda\u015flar\u0131n\u0131n toplanarak, su ve at\u0131k su y\u00f6netimi fikirlerinin de\u011ferlendirmesi hakk\u0131nda;<b>\u00a0\u00a0&#8220;Ortak \u00e7\u00f6z\u00fcm noktalar\u0131 bulmak i\u00e7in yol haritas\u0131 \u00e7izilmesi, g\u00fczel bir \u00e7al\u0131\u015fma oldu. Bu \u00e7al\u0131\u015fma kapsam\u0131nda farkl\u0131 kurumlardan kat\u0131l\u0131m sa\u011flayan arkada\u015flar\u0131m\u0131z\u0131n, meslekta\u015flar\u0131m\u0131z\u0131n ya da bu konuya e\u011filen insanlar\u0131n g\u00f6r\u00fc\u015flerini toparlam\u0131\u015f olduk. Bu kapsamda ilimizdeki sorunlar\u0131n t\u00fcm insanlar taraf\u0131ndan ya da ilin payda\u015flar\u0131 taraf\u0131ndan \u00f6nemsenmesi, bununla ilgili fikir beyan edilmesi, bizler i\u00e7in son derece k\u0131ymetliydi. Bu kapsamda \u015funu g\u00f6rd\u00fck; \u00f6n\u00fcm\u00fczdeki y\u0131llar i\u00e7erisinde ilimizin, iklim de\u011fi\u015fikli\u011fi ile su k\u0131tl\u0131\u011f\u0131 ya\u015fanacak iller aras\u0131nda yer almas\u0131, suyun tekrardan kullan\u0131m alternatiflerinin \u00e7al\u0131\u015f\u0131lmas\u0131 kapsam\u0131nda \u00f6nem arz edildi\u011fini, MESK\u0130&#8217;nin ve \u015ei\u015fecam grubunun bununla ilgili Karaduvar At\u0131k Su Ar\u0131tma Tesisi&#8217;nin suyunun de\u011ferlendirilmek \u00fczere bir \u00e7al\u0131\u015fma ba\u015flat\u0131ld\u0131\u011f\u0131n\u0131, bu kapsamda \u015ei\u015fecam grubunun kulland\u0131\u011f\u0131 suyun yeralt\u0131ndan ya da y\u00fczey suyu gibi Berdan&#8217;dan al\u0131nmaktan ziyade MESK\u0130&#8217;nin ar\u0131tt\u0131\u011f\u0131 suyu kullanarak bir su kullan\u0131m tasarrufunun ger\u00e7ekle\u015fece\u011fini g\u00f6rd\u00fck&#8221;\u00a0<\/b>\u015feklinde konu\u015ftu.\u00a0<b><\/b><\/p>\n<p class=\"v1MsoNormal\">\n<p class=\"v1MsoNormal\">\u00d6zellikle bat\u0131 b\u00f6lgede tar\u0131msal faaliyetlerin yo\u011fun oldu\u011fu alanlarda daha ileri ar\u0131t\u0131m teknolojileri ile ilgili yap\u0131lan \u00e7al\u0131\u015fmalar\u0131n oldu\u011funu, bu \u00e7al\u0131\u015fmalar kapsam\u0131nda suyun daha ileri d\u00fczeyde ar\u0131t\u0131laca\u011f\u0131 ve ar\u0131t\u0131lan sular\u0131n \u00f6zellikle b\u00f6lgedeki tar\u0131msal sulamada ye\u015fil alan ya da rekreasyon alanlar\u0131n\u0131n sulamas\u0131nda kullan\u0131labilece\u011fi ile ilgili \u00e7al\u0131\u015fmalar oldu\u011funu g\u00f6zlemledi\u011fini belirten Arslan;<b>\u00a0&#8220;\u0130limizde MESK\u0130&#8217;nin b\u00fcy\u00fck ar\u0131tma \u00e7amuru \u00fcreticisi niteli\u011finde oldu\u011fu, onun d\u0131\u015f\u0131nda end\u00fcstriyel ve di\u011fer tesislerden kaynaklanan ar\u0131tma \u00e7amurlar\u0131n\u0131n bertaraf edilmesi ile ilgili sorunlar oldu\u011fu ve bu sorunlarla ilgili \u00f6zellikle \u00c7evre, \u015eehircilik ve \u0130klim De\u011fi\u015fikli\u011fi Bakanl\u0131\u011f\u0131 organizasyonunda daha rantabl ve ortak \u00e7\u00f6z\u00fcmlerin geli\u015ftirilmesi gerekti\u011fi ile ilgili sonu\u00e7lara ula\u015ft\u0131\u011f\u0131m\u0131z\u0131 \u00f6zetleyebilirim. Ben kendim ve kurumum ad\u0131na b\u00f6yle bir \u00e7al\u0131\u015fmada yer almaktan mutluluk duyuyorum. Bu \u00e7al\u0131\u015fmay\u0131 d\u00fczenleyen MESK\u0130&#8217;ye ve MESK\u0130 ailesine te\u015fekk\u00fcr ediyorum&#8221;\u00a0<\/b>dedi.<\/p>\n<p class=\"v1MsoNormal\"><b>\u00a0<\/b><\/p>\n<p class=\"v1MsoNormal\">\u0130nsan Kaynaklar\u0131 ve E\u011fitim Dairesi Ba\u015fkan\u0131 \u015e\u00fckr\u00fc Ay\u00e7i\u00e7ek,\u00a0<b>&#8216;Kurumsal Kapasitenin Art\u0131r\u0131lmas\u0131&#8217;<\/b>\u00a0ba\u015fl\u0131\u011f\u0131 alt\u0131nda insan kaynaklar\u0131 y\u00f6netimini de\u011ferlendirdiklerini belirterek;\u00a0<b>&#8220;De\u011ferli d\u0131\u015f payda\u015flar\u0131m\u0131z, \u00f6zellikle sendika yetkilileri kat\u0131ld\u0131. Kurum i\u00e7inden arkada\u015flar\u0131m\u0131z kat\u0131ld\u0131. \u0130nsan kaynaklar\u0131 y\u00f6netimi, kurum k\u00fclt\u00fcr\u00fc ve e\u011fitim ana ba\u015fl\u0131klar\u0131nda bir \u00e7al\u0131\u015fma yapt\u0131k. D\u0131\u015f payda\u015flar\u0131m\u0131z \u00e7ok de\u011ferli katk\u0131lar sundular. \u00d6n\u00fcm\u00fczdeki 5 y\u0131lda bunlardan yararlanaca\u011f\u0131z&#8221;\u00a0<\/b>ifadelerini kulland\u0131.<b><\/b><\/p>\n<p class=\"v1MsoNormal\"><b>\u00a0<\/b><\/p>\n","protected":false},"excerpt":{"rendered":"<p>Hizmette \u00f6nc\u00fc \u00e7al\u0131\u015fmalara imza atan MESK\u0130 Genel M\u00fcd\u00fcrl\u00fc\u011f\u00fc,\u00a0\u00a02025-2029 Stratejik Plan \u00c7al\u0131\u015ftay\u0131&#8217;n\u0131 ger\u00e7ekle\u015ftirdi. 2 oturum s\u00fcren \u00e7al\u0131\u015ftayda;\u00a0&#8216;Temiz ve Kaliteli \u0130\u00e7me Suyu Temini&#8217;, &#8216;Ya\u011fmur Suyu ve Kanalizasyon Y\u00f6netimi&#8217;, &#8216;Ar\u0131tma ve \u00c7evresel Etkileri&#8217;, &hellip; <a href=\"https:\/\/mersinekonomipolitikagazetesi.com\/?p=30867\" class=\"more-link\">Devam\u0131n\u0131 Oku&#8230;<\/a><\/p>\n","protected":false},"author":2,"featured_media":30868,"comment_status":"open","ping_status":"open","sticky":false,"template":"","format":"standard","meta":[],"categories":[1,2,3],"tags":[],"_links":{"self":[{"href":"https:\/\/mersinekonomipolitikagazetesi.com\/index.php?rest_route=\/wp\/v2\/posts\/30867"}],"collection":[{"href":"https:\/\/mersinekonomipolitikagazetesi.com\/index.php?rest_route=\/wp\/v2\/posts"}],"about":[{"href":"https:\/\/mersinekonomipolitikagazetesi.com\/index.php?rest_route=\/wp\/v2\/types\/post"}],"author":[{"embeddable":true,"href":"https:\/\/mersinekonomipolitikagazetesi.com\/index.php?rest_route=\/wp\/v2\/users\/2"}],"replies":[{"embeddable":true,"href":"https:\/\/mersinekonomipolitikagazetesi.com\/index.php?rest_route=%2Fwp%2Fv2%2Fcomments&post=30867"}],"version-history":[{"count":1,"href":"https:\/\/mersinekonomipolitikagazetesi.com\/index.php?rest_route=\/wp\/v2\/posts\/30867\/revisions"}],"predecessor-version":[{"id":30869,"href":"https:\/\/mersinekonomipolitikagazetesi.com\/index.php?rest_route=\/wp\/v2\/posts\/30867\/revisions\/30869"}],"wp:featuredmedia":[{"embeddable":true,"href":"https:\/\/mersinekonomipolitikagazetesi.com\/index.php?rest_route=\/wp\/v2\/media\/30868"}],"wp:attachment":[{"href":"https:\/\/mersinekonomipolitikagazetesi.com\/index.php?rest_route=%2Fwp%2Fv2%2Fmedia&parent=30867"}],"wp:term":[{"taxonomy":"category","embeddable":true,"href":"https:\/\/mersinekonomipolitikagazetesi.com\/index.php?rest_route=%2Fwp%2Fv2%2Fcategories&post=30867"},{"taxonomy":"post_tag","embeddable":true,"href":"https:\/\/mersinekonomipolitikagazetesi.com\/index.php?rest_route=%2Fwp%2Fv2%2Ftags&post=30867"}],"curies":[{"name":"wp","href":"https:\/\/api.w.org\/{rel}","templated":true}]}}