{"id":30873,"date":"2024-07-26T12:54:43","date_gmt":"2024-07-26T09:54:43","guid":{"rendered":"http:\/\/mersinekonomipolitikagazetesi.com\/?p=30873"},"modified":"2024-07-26T12:54:43","modified_gmt":"2024-07-26T09:54:43","slug":"toroslar-edas-tan-rekor-sicaklarla-korakor-mucadele","status":"publish","type":"post","link":"https:\/\/mersinekonomipolitikagazetesi.com\/?p=30873","title":{"rendered":"Toroslar EDA\u015e \u2019tan rekor s\u0131caklarla korakor m\u00fccadele"},"content":{"rendered":"<p><strong>Kaliteli, kesintisiz ve s\u00fcrd\u00fcr\u00fclebilir enerji hedefi ile \u00e7al\u0131\u015fmalar\u0131n\u0131 s\u00fcrd\u00fcren Toroslar EDA\u015e, Adana\u2019da y\u00fcr\u00fctt\u00fc\u011f\u00fc bak\u0131m ve onar\u0131m faaliyetlerinin yan\u0131 s\u0131ra hayata ge\u00e7irdi\u011fi yat\u0131r\u0131mlar\u0131yla mevsim ortalamas\u0131n\u0131n \u00fczerinde seyreden hava s\u0131cakl\u0131klar\u0131n\u0131n olumsuz etkisinden elektrik \u015febekesini korumay\u0131 ba\u015fard\u0131. Hava s\u0131cakl\u0131klar\u0131n\u0131n \u015febekede elektrik y\u00fck\u00fcn\u00fc y\u00fczde 63 (468 MW\u2019l\u0131k) art\u0131rmas\u0131na ra\u011fmen \u015fehrin kesintisiz enerji ihtiyac\u0131 y\u00fcr\u00fct\u00fclen \u00e7al\u0131\u015fmalarla kar\u015f\u0131land\u0131.<\/strong><\/p>\n<p>S\u00fcrd\u00fcr\u00fclebilirli\u011fi stratejisinin merkezine koyarak, insan ve teknoloji oda\u011f\u0131yla projeler \u00fcreterek T\u00fcrkiye\u2019nin enerji d\u00f6n\u00fc\u015f\u00fcm\u00fcne \u00f6nc\u00fcl\u00fck eden Enerjisa Da\u011f\u0131t\u0131m \u015eirketleri\u2019nden Toroslar EDA\u015e, artan s\u0131cakl\u0131klar nedeniyle y\u00fckselen enerji t\u00fcketimini kar\u015f\u0131lamak i\u00e7in \u00e7al\u0131\u015fmalar\u0131na h\u0131z verdi.<\/p>\n<p>Toroslar EDA\u015e, t\u00fcm d\u00fcnyada yak\u0131n tarihin en s\u0131cak g\u00fcn\u00fc olarak kay\u0131tlara ge\u00e7en 21 Temmuz g\u00fcn\u00fc de dahil olmak \u00fczere, son g\u00fcnlerde artan s\u0131cakl\u0131klar ve klima kullan\u0131m\u0131 ile y\u00fckselen ve il baz\u0131ndaki rekor t\u00fcketimleri geride b\u0131rakan elektrik talebini kar\u015f\u0131lamak i\u00e7in 7 g\u00fcn 24 saat esas\u0131yla \u00e7al\u0131\u015fmalar\u0131n\u0131 s\u00fcrd\u00fcr\u00fcyor.<\/p>\n<p><strong>\u201cAbone say\u0131s\u0131 y\u00fczde 2, elektrik t\u00fcketim talebi y\u00fczde 63 artt\u0131.\u201d<\/strong><\/p>\n<p>Haziran 2024\u2019te bir \u00f6nceki y\u0131l\u0131n ayn\u0131 d\u00f6nemine g\u00f6re Adana\u2019da abone say\u0131s\u0131nda y\u00fczde 2\u2019lik art\u0131\u015f ya\u015fan\u0131rken, da\u011f\u0131t\u0131m \u015febekesinde artan t\u00fcketim nedeniyle enerji talebi y\u00fczde 63 art\u0131\u015f g\u00f6sterdi. Enerji talebindeki art\u0131\u015f miktar\u0131, yakla\u015f\u0131k 541 bin abonenin anl\u0131k enerji t\u00fcketimine veya 24 bin n\u00fcfuslu Karata\u015f il\u00e7esinin anl\u0131k enerji t\u00fcketiminin 21 kat\u0131 b\u00fcy\u00fckl\u00fc\u011f\u00fcne denk gelen 468 MW olarak ger\u00e7ekle\u015fti.<\/p>\n<p>Elektrik Da\u011f\u0131t\u0131m faaliyeti g\u00f6sterdi\u011fi Adana, Osmaniye, Gaziantep, Hatay, Kilis ve Mersin\u2019de 2013 y\u0131l\u0131ndan bu yana yat\u0131r\u0131mlar\u0131na devam eden ve EPDK verilerine g\u00f6re de\u00a02016-2020 y\u0131llar\u0131n\u0131 y\u0131llar\u0131 aras\u0131nda \u00fclkemizin elektrik altyap\u0131s\u0131na en fazla yat\u0131r\u0131m\u0131 yapan Toroslar EDA\u015e, 2021- 2023 y\u0131llar\u0131nda da yat\u0131r\u0131mlar\u0131n\u0131 hayata ge\u00e7irmeye devam etti. Kesintisiz enerji m\u00fccadelesini var g\u00fcc\u00fcyle s\u00fcrd\u00fcren Toroslar EDA\u015e, 5029 adedi kurum, 8075 adedi \u00f6zel olmak \u00fczere toplam 13.104 adet trafo merkezinin bulundu\u011fu Adana ilinde rekor s\u0131cakl\u0131klarda \u00e7al\u0131\u015fmalar\u0131na devam ediyor.<\/p>\n<p><strong>\u201cYat\u0131r\u0131mlar\u0131m\u0131z rekor s\u0131cakl\u0131klara ra\u011fmen devam ediyor\u2019\u2019\u00a0<\/strong><\/p>\n<p>\u0130klim de\u011fi\u015fikli\u011finin etkilerinin k\u00fcresel olarak hissedildi\u011fini ve rekor s\u0131cakl\u0131klar\u0131n kaydedildi\u011fini belirten\u00a0<strong>Enerjisa Da\u011f\u0131t\u0131m \u015eirketleri Genel M\u00fcd\u00fcr\u00fc O\u011fuzhan \u00d6zs\u00fcrekci<\/strong>\u00a0\u2018\u2019Hissedilen s\u0131cakl\u0131klar\u0131n ola\u011fan\u00fcst\u00fc art\u0131\u015f\u0131 sonras\u0131 trafolarda a\u015f\u0131r\u0131 y\u00fcklenme oldu\u011funu g\u00f6r\u00fcyoruz. Mevsim normallerinin \u00fczerinde seyreden y\u00fcksek s\u0131cakl\u0131klar nedeniyle ev ve i\u015f yerlerinde artan elektrikli alet kullan\u0131m\u0131, enerji t\u00fcketimini en \u00fcst noktaya ta\u015f\u0131yor. Bu d\u00f6nemde ya\u015fanan aksakl\u0131klar ise b\u00fcy\u00fck bir k\u0131sm\u0131 ka\u00e7ak elektrik kullan\u0131m\u0131n\u0131n da oldu\u011fu il\u00e7elerde ger\u00e7ekle\u015fti.\u00a0Toroslar EDA\u015e olarak, m\u00fc\u015fteri memnuniyetini birinci \u00f6ncelik olarak belirledik ve yat\u0131r\u0131mlar\u0131m\u0131za h\u0131z kesmeden devam ediyoruz.<\/p>\n<p>M\u00fc\u015fterilerimizin b\u00f6yle d\u00f6nemlerde s\u00f6zle\u015fme g\u00fcc\u00fcnde art\u0131\u015fa neden olacak, \u00f6zellikle y\u00fcksek g\u00fcce sahip elektrikli aletlerin kullan\u0131m\u0131 \u00f6ncesi g\u00f6revli elektrik da\u011f\u0131t\u0131m \u015firketine yap\u0131lacak g\u00fc\u00e7 art\u0131r\u0131m talepleri, elektrik altyap\u0131s\u0131 i\u00e7in gerekli yat\u0131r\u0131mlar\u0131n zaman\u0131nda yap\u0131lmas\u0131na olanak sa\u011flayacakt\u0131r\u2019\u2019 dedi<\/p>\n<p><strong><em>Toroslar EDA\u015e Hakk\u0131nda<\/em><\/strong><\/p>\n<p><em>Yat\u0131r\u0131m, teknoloji ve m\u00fc\u015fteri memnuniyeti gibi alanlarda elektrik da\u011f\u0131t\u0131m sekt\u00f6r\u00fcne \u00f6nc\u00fcl\u00fck eden Enerjisa Enerji Da\u011f\u0131t\u0131m \u015eirketleri, Ba\u015fkent EDA\u015e ve Ayeda\u015f ile birlikte 3 \u015firketinden biri olan Toroslar EDA\u015e; Adana, Gaziantep, Kilis, Mersin, Osmaniye ve Hatay\u2019da kaliteli ve kesintisiz elektrik hedefiyle \u00e7al\u0131\u015fmalar\u0131n\u0131 s\u00fcrd\u00fcr\u00fcyor. Enerjisa Enerji\u2019nin elektrik da\u011f\u0131t\u0131m sekt\u00f6r\u00fcndeki di\u011fer \u015firketleri Ba\u015fkent EDA\u015e, Ankara, Bart\u0131n, \u00c7ank\u0131r\u0131, Karab\u00fck, Kastamonu, K\u0131r\u0131kkale ve Zonguldak\u2019ta, Ayeda\u015f ise \u0130stanbul Anadolu Yakas\u0131\u2019nda hizmet veriyor.<\/em><\/p>\n","protected":false},"excerpt":{"rendered":"<p>Kaliteli, kesintisiz ve s\u00fcrd\u00fcr\u00fclebilir enerji hedefi ile \u00e7al\u0131\u015fmalar\u0131n\u0131 s\u00fcrd\u00fcren Toroslar EDA\u015e, Adana\u2019da y\u00fcr\u00fctt\u00fc\u011f\u00fc bak\u0131m ve onar\u0131m faaliyetlerinin yan\u0131 s\u0131ra hayata ge\u00e7irdi\u011fi yat\u0131r\u0131mlar\u0131yla mevsim ortalamas\u0131n\u0131n \u00fczerinde seyreden hava s\u0131cakl\u0131klar\u0131n\u0131n olumsuz etkisinden &hellip; <a href=\"https:\/\/mersinekonomipolitikagazetesi.com\/?p=30873\" class=\"more-link\">Devam\u0131n\u0131 Oku&#8230;<\/a><\/p>\n","protected":false},"author":2,"featured_media":30874,"comment_status":"open","ping_status":"open","sticky":false,"template":"","format":"standard","meta":[],"categories":[1,2,3],"tags":[],"_links":{"self":[{"href":"https:\/\/mersinekonomipolitikagazetesi.com\/index.php?rest_route=\/wp\/v2\/posts\/30873"}],"collection":[{"href":"https:\/\/mersinekonomipolitikagazetesi.com\/index.php?rest_route=\/wp\/v2\/posts"}],"about":[{"href":"https:\/\/mersinekonomipolitikagazetesi.com\/index.php?rest_route=\/wp\/v2\/types\/post"}],"author":[{"embeddable":true,"href":"https:\/\/mersinekonomipolitikagazetesi.com\/index.php?rest_route=\/wp\/v2\/users\/2"}],"replies":[{"embeddable":true,"href":"https:\/\/mersinekonomipolitikagazetesi.com\/index.php?rest_route=%2Fwp%2Fv2%2Fcomments&post=30873"}],"version-history":[{"count":1,"href":"https:\/\/mersinekonomipolitikagazetesi.com\/index.php?rest_route=\/wp\/v2\/posts\/30873\/revisions"}],"predecessor-version":[{"id":30875,"href":"https:\/\/mersinekonomipolitikagazetesi.com\/index.php?rest_route=\/wp\/v2\/posts\/30873\/revisions\/30875"}],"wp:featuredmedia":[{"embeddable":true,"href":"https:\/\/mersinekonomipolitikagazetesi.com\/index.php?rest_route=\/wp\/v2\/media\/30874"}],"wp:attachment":[{"href":"https:\/\/mersinekonomipolitikagazetesi.com\/index.php?rest_route=%2Fwp%2Fv2%2Fmedia&parent=30873"}],"wp:term":[{"taxonomy":"category","embeddable":true,"href":"https:\/\/mersinekonomipolitikagazetesi.com\/index.php?rest_route=%2Fwp%2Fv2%2Fcategories&post=30873"},{"taxonomy":"post_tag","embeddable":true,"href":"https:\/\/mersinekonomipolitikagazetesi.com\/index.php?rest_route=%2Fwp%2Fv2%2Ftags&post=30873"}],"curies":[{"name":"wp","href":"https:\/\/api.w.org\/{rel}","templated":true}]}}