{"id":30876,"date":"2024-07-26T12:56:23","date_gmt":"2024-07-26T09:56:23","guid":{"rendered":"http:\/\/mersinekonomipolitikagazetesi.com\/?p=30876"},"modified":"2024-07-26T12:56:23","modified_gmt":"2024-07-26T09:56:23","slug":"akdenizin-tarim-yollari-yenileniyor","status":"publish","type":"post","link":"https:\/\/mersinekonomipolitikagazetesi.com\/?p=30876","title":{"rendered":"AKDEN\u0130Z\u0130N TARIM YOLLARI YEN\u0130LEN\u0130YOR"},"content":{"rendered":"<p>Akdeniz Belediyesi, il\u00e7eye ba\u011fl\u0131 k\u0131rsal mahallelerin yollar\u0131 yenileyerek ba\u015fta \u00fcreticiler olmak \u00fczere t\u00fcm vatanda\u015flar\u0131n ula\u015f\u0131m\u0131n\u0131 kolayla\u015ft\u0131r\u0131yor. Fen \u0130\u015fleri M\u00fcd\u00fcrl\u00fc\u011f\u00fc ekipleri, son olarak Parmakkurdu ile Pu\u011fkaracada\u011f mahallelerinden ge\u00e7en 2 kilometrelik yolu sathi kaplama ile yeniledi.<\/p>\n<p>Haz\u0131rlad\u0131klar\u0131 plan ve program kapsam\u0131nda hizmetlerini s\u00fcrd\u00fcren Akdeniz Belediyesi Fen \u0130\u015fleri M\u00fcd\u00fcrl\u00fc\u011f\u00fc, kent merkezinde bulunan mahallelerin yan\u0131 s\u0131ra, k\u0131rsal b\u00f6lgelerde de yol yenileme \u00e7al\u0131\u015fmalar\u0131na aral\u0131ks\u0131z devam ediyor. Bu kapsamda ekipler, i\u015f makineleri deste\u011fiyle il\u00e7enin k\u0131rsal b\u00f6lgeleri olan Parmakkurdu ve Pu\u011fkaracada\u011f ile yak\u0131n yerle\u015fim yerleri aras\u0131nda kalan ve toplam uzunlu\u011fu 2 kilometre, geni\u015fli\u011fi 5 metre olan yolda sathi (so\u011fuk asfalt) kaplama \u00e7al\u0131\u015fmas\u0131 ger\u00e7ekle\u015ftirdi.<\/p>\n<p>\u0130htiya\u00e7 duyan her b\u00f6lgeye hizmet verilecek<\/p>\n<p>Sathi kaplama \u00e7al\u0131\u015fmas\u0131 \u00f6ncesi bin ton m\u0131c\u0131r serimi ve s\u0131k\u0131\u015ft\u0131rmas\u0131 da yapan ekipler, devam eden \u00e7al\u0131\u015fmalar kapsam\u0131nda Parmakkurdu Mahallesi\u2019nden ge\u00e7en tar\u0131m yoluna ikinci katman sathi kaplama da yapt\u0131. Ba\u015fta b\u00f6lge \u00fcreticileri ve mahalle sakinlerinin yaz-k\u0131\u015f ula\u015f\u0131m\u0131n\u0131 kolayla\u015ft\u0131ran hizmet ve \u00e7al\u0131\u015fmalar\u0131n aral\u0131ks\u0131z s\u00fcrece\u011fi bilgisini veren Fen \u0130\u015fleri M\u00fcd\u00fcrl\u00fc\u011f\u00fc yetkilileri, acil ihtiya\u00e7 duyan mahallelerde de \u00e7al\u0131\u015fmalar\u0131n en k\u0131sa s\u00fcrede ba\u015flat\u0131laca\u011f\u0131n\u0131 ve t\u00fcm tar\u0131m yollar\u0131n\u0131n yenilenece\u011fini a\u00e7\u0131klad\u0131.<\/p>\n","protected":false},"excerpt":{"rendered":"<p>Akdeniz Belediyesi, il\u00e7eye ba\u011fl\u0131 k\u0131rsal mahallelerin yollar\u0131 yenileyerek ba\u015fta \u00fcreticiler olmak \u00fczere t\u00fcm vatanda\u015flar\u0131n ula\u015f\u0131m\u0131n\u0131 kolayla\u015ft\u0131r\u0131yor. Fen \u0130\u015fleri M\u00fcd\u00fcrl\u00fc\u011f\u00fc ekipleri, son olarak Parmakkurdu ile Pu\u011fkaracada\u011f mahallelerinden ge\u00e7en 2 kilometrelik yolu &hellip; <a href=\"https:\/\/mersinekonomipolitikagazetesi.com\/?p=30876\" class=\"more-link\">Devam\u0131n\u0131 Oku&#8230;<\/a><\/p>\n","protected":false},"author":2,"featured_media":30877,"comment_status":"open","ping_status":"open","sticky":false,"template":"","format":"standard","meta":[],"categories":[1,2,3],"tags":[],"_links":{"self":[{"href":"https:\/\/mersinekonomipolitikagazetesi.com\/index.php?rest_route=\/wp\/v2\/posts\/30876"}],"collection":[{"href":"https:\/\/mersinekonomipolitikagazetesi.com\/index.php?rest_route=\/wp\/v2\/posts"}],"about":[{"href":"https:\/\/mersinekonomipolitikagazetesi.com\/index.php?rest_route=\/wp\/v2\/types\/post"}],"author":[{"embeddable":true,"href":"https:\/\/mersinekonomipolitikagazetesi.com\/index.php?rest_route=\/wp\/v2\/users\/2"}],"replies":[{"embeddable":true,"href":"https:\/\/mersinekonomipolitikagazetesi.com\/index.php?rest_route=%2Fwp%2Fv2%2Fcomments&post=30876"}],"version-history":[{"count":1,"href":"https:\/\/mersinekonomipolitikagazetesi.com\/index.php?rest_route=\/wp\/v2\/posts\/30876\/revisions"}],"predecessor-version":[{"id":30878,"href":"https:\/\/mersinekonomipolitikagazetesi.com\/index.php?rest_route=\/wp\/v2\/posts\/30876\/revisions\/30878"}],"wp:featuredmedia":[{"embeddable":true,"href":"https:\/\/mersinekonomipolitikagazetesi.com\/index.php?rest_route=\/wp\/v2\/media\/30877"}],"wp:attachment":[{"href":"https:\/\/mersinekonomipolitikagazetesi.com\/index.php?rest_route=%2Fwp%2Fv2%2Fmedia&parent=30876"}],"wp:term":[{"taxonomy":"category","embeddable":true,"href":"https:\/\/mersinekonomipolitikagazetesi.com\/index.php?rest_route=%2Fwp%2Fv2%2Fcategories&post=30876"},{"taxonomy":"post_tag","embeddable":true,"href":"https:\/\/mersinekonomipolitikagazetesi.com\/index.php?rest_route=%2Fwp%2Fv2%2Ftags&post=30876"}],"curies":[{"name":"wp","href":"https:\/\/api.w.org\/{rel}","templated":true}]}}