{"id":30879,"date":"2024-07-26T12:59:04","date_gmt":"2024-07-26T09:59:04","guid":{"rendered":"http:\/\/mersinekonomipolitikagazetesi.com\/?p=30879"},"modified":"2024-07-26T12:59:04","modified_gmt":"2024-07-26T09:59:04","slug":"deva-partisi-milletvekillerinden-ortak-tepki-meclisin-islevsizlestirilmesine-izin-vermeyecegiz","status":"publish","type":"post","link":"https:\/\/mersinekonomipolitikagazetesi.com\/?p=30879","title":{"rendered":"DEVA Partisi Milletvekillerinden Ortak Tepki: &#8220;Meclisin i\u015flevsizle\u015ftirilmesine \u0130zin Vermeyece\u011fiz&#8221;"},"content":{"rendered":"<p><b>DEVA Partisi milletvekilleri Burak Dalg\u0131n, Mehmet Emin Ekmen ve \u0130rfan Karatutlu, TBMM&#8217;de d\u00fczenledikleri ortak bas\u0131n toplant\u0131s\u0131nda, D\u0131\u015fi\u015fleri Komisyonu&#8217;nda ya\u015fanan olaylar ve meclisin i\u015fleyi\u015fine dair \u00f6nemli de\u011ferlendirmelerde bulundular. Milletvekilleri, meclisin demokratik i\u015fleyi\u015fi ve \u015feffafl\u0131k ilkelerinin ihlal edilmesine kar\u015f\u0131 durduklar\u0131n\u0131 belirttiler.<\/b><\/p>\n<p><b>Burak Dalg\u0131n: &#8220;Despotik Yap\u0131ya Boyun E\u011fmeyece\u011fiz&#8221;<\/b><\/p>\n<p>DEVA Partisi Bal\u0131kesir Milletvekili Burak Dalg\u0131n, toplant\u0131n\u0131n ba\u015flang\u0131c\u0131nda ya\u015fananlar\u0131 anlatarak \u015funlar\u0131 s\u00f6yledi:<\/p>\n<p>&#8220;Bu sabah D\u0131\u015fi\u015fleri Komisyonu&#8217;nda ya\u015fad\u0131\u011f\u0131m\u0131z meseleyle alakal\u0131 huzurunuzday\u0131z. Bu sadece tek bir konu de\u011fil. Meclisin genel i\u015fleyi\u015fiyle, ihtisas komisyonlar\u0131n\u0131n nas\u0131l \u00e7al\u0131\u015ft\u0131\u011f\u0131yla ve en \u00f6nemlisi y\u00fcz y\u0131ldan fazla s\u00fcren parlamenter demokrasinin nas\u0131l i\u015fleyece\u011fiyle alakal\u0131 konu\u015fmak istiyoruz.&#8221;<\/p>\n<p>&nbsp;<\/p>\n<p>Dalg\u0131n, D\u0131\u015fi\u015fleri Bakan\u0131 Hakan Fidan&#8217;\u0131n D\u0131\u015fi\u015fleri Komisyonu&#8217;nda bir bilgilendirme yapaca\u011f\u0131 toplant\u0131n\u0131n komisyon \u00fcyesi olmayan milletvekillerine kapal\u0131 olmas\u0131 karar\u0131n\u0131n, i\u00e7 t\u00fcz\u00fc\u011f\u00fcn nadiren kullan\u0131lan bir maddesine dayanarak al\u0131nd\u0131\u011f\u0131n\u0131 belirtti. &#8220;Bu karar davet metninde yoktu. Biz orada do\u011fal olarak Say\u0131n Bakan&#8217;\u0131 dinlemek istedik. Milletin vekilleri olarak komisyonda bulunmak ve Say\u0131n Bakan&#8217;la bir fikir teatisinde bulunmak amac\u0131ndayd\u0131k. Ancak D\u0131\u015fi\u015fleri Komisyon Ba\u015fkan\u0131 Say\u0131n Fuat Oktay, i\u00e7 t\u00fcz\u00fc\u011f\u00fcn nadiren kullan\u0131lan bir maddesine dayanarak komisyon \u00fcyesi olmayan milletvekillerini ve bas\u0131n mensuplar\u0131n\u0131 d\u0131\u015far\u0131 davet etti. Biz de milletin vekili oldu\u011fumuzu, vatanda\u015f\u0131n temsili itibariyle orada oturmaya devam edece\u011fimizi kendisine a\u00e7\u0131k\u00e7a ifade ettik.&#8221;<\/p>\n<p>Dalg\u0131n, Cumhuriyet Halk Partisi grubunun, Say\u0131n Bakan&#8217;\u0131n sunumunun a\u00e7\u0131k oturumda yap\u0131lmas\u0131, sonra gerekirse kapal\u0131 oturuma ge\u00e7ilmesi y\u00f6n\u00fcnde bir \u00f6neride bulundu\u011funu belirtti. &#8220;Say\u0131n komisyon ba\u015fkan\u0131 ba\u015flang\u0131\u00e7ta bu fikre s\u0131cak bakar gibiydi, ancak iktidar milletvekillerinin heyecana kap\u0131lmas\u0131 \u00fczerine daha sert bir tav\u0131r almay\u0131 tercih etti ve toplant\u0131n\u0131n kapal\u0131 olmas\u0131na karar verdi. Cumhuriyet Halk Partisi&#8217;nin \u00f6nerisi de reddedildi.&#8221;<\/p>\n<p>&nbsp;<\/p>\n<p>&nbsp;<\/p>\n<p><b>Parlamento \u0130tibar Kaybediyor<\/b><\/p>\n<p>Dalg\u0131n, meclisin kar\u015f\u0131s\u0131nda despotik bir yap\u0131 oldu\u011funa dikkat \u00e7ekerek \u015funlar\u0131 s\u00f6yledi: &#8220;Bu konu sadece bu sabah D\u0131\u015fi\u015fleri Komisyonu&#8217;nda olan bir olay de\u011fil. Son birka\u00e7 g\u00fcnd\u00fcr T\u00fcrkiye B\u00fcy\u00fck Millet Meclisi&#8217;nde ya\u015fananlara bir bak\u0131n. Kavga, iti\u015f kak\u0131\u015f, k\u00fcf\u00fcr. D\u0131\u015far\u0131dan bakan vatanda\u015flar\u0131m\u0131z\u0131n bu parlamentoya sayg\u0131s\u0131 kalmaz. \u00c7ok a\u00e7\u0131k s\u00f6yleyeyim, burada millet ad\u0131na ciddi bir m\u00fczakere yap\u0131lmas\u0131, do\u011fru kararlara var\u0131lmas\u0131, eksiklerin tamamlanmas\u0131, yanl\u0131\u015flar\u0131n d\u00fczeltilmesi m\u00fcmk\u00fcn olmaz. Bunun sonu iyiye gitmez. Do\u011fru kararlar\u0131n, kanunlar\u0131n buradan \u00e7\u0131kmas\u0131, meclisin itibar\u0131n\u0131n korunmas\u0131 m\u00fcmk\u00fcn olmaz. Unutmayal\u0131m, daha iki g\u00fcn \u00f6nce ikinci me\u015frutiyetin 116. y\u0131l\u0131yd\u0131. T\u00fcrkiye 116 y\u0131ll\u0131k kesintisiz bir parlamento deneyimine sahip. Bir as\u0131rdan fazla s\u00fcren bir deneyim bu \u015fekilde hoyrat\u00e7a harcanamaz.&#8221;<\/p>\n<p>&nbsp;<\/p>\n<p><b>Boyun E\u011fmeyece\u011fiz<\/b><\/p>\n<p>Dalg\u0131n, \u015feffafl\u0131k ve hesap verebilirlik ilkelerinin \u00f6nemine vurgu yaparak iktidar\u0131n neden \u00e7ekindi\u011fini sordu: &#8220;A\u00e7\u0131k s\u00f6yleyeyim biz buna boyun e\u011fmeyece\u011fiz. Ne yaparlarsa yaps\u0131nlar buna boyun e\u011fmeyece\u011fiz. Milletin hakk\u0131n\u0131, hukukunu, iradesini, temsil mesuliyetini sonuna kadar devam ettirece\u011fiz. \u0130kincisi, temel bir iyi y\u00f6netici prensibi olan hesap verebilirlik ve \u015feffafl\u0131k. \u0130ktidar neden \u00e7ekiniyor? Milletin vekillerine hangi konuda bilgi vermekten, hangi konuda hesap vermekten \u00e7ekiniyor? Bunu bir s\u00f6ylesinler. T\u00fcrkiye B\u00fcy\u00fck Millet Meclisi&#8217;nde bilgi vermeyeceklerse, T\u00fcrkiye B\u00fcy\u00fck Millet Meclisi&#8217;nde hesap vermeyeceklerse, milletin vekilleri ile konu\u015famayacaklarsa, nerede konu\u015facaklar, ne yapmak istiyorlar, onu da bir ifade etmelerinde yarar var.&#8221;<\/p>\n<p>Dalg\u0131n, komisyon salonunda b\u00fcrokratlar\u0131n kalmas\u0131na ra\u011fmen milletvekillerinin d\u0131\u015far\u0131 \u00e7\u0131kar\u0131lmas\u0131n\u0131n ac\u0131kl\u0131 bir durum oldu\u011funu belirtti: &#8220;\u00dc\u00e7\u00fcnc\u00fc ve en ac\u0131kl\u0131 nokta da belki o komisyon salonunda b\u00fcrokratlar\u0131n kalmas\u0131, milletin vekillerinden bir k\u0131sm\u0131n\u0131n o salona al\u0131nmamas\u0131yd\u0131. B\u00fcrokratik vesayet diye senelerdir konu\u015fan iktidar bug\u00fcn b\u00fcrokratik vesayete teslim olmu\u015f durumda. Biz b\u00fcrokratik vesayete kar\u015f\u0131 milletin hakk\u0131n\u0131, hukukunu savunaca\u011f\u0131z.&#8221;<\/p>\n<p>&nbsp;<\/p>\n<p><b>Mehmet Emin Ekmen: &#8220;Hoyratl\u0131k ve Nobranl\u0131\u011fa Kar\u015f\u0131 \u0130tiraz\u0131m\u0131z\u0131 Kayda Ge\u00e7iriyoruz&#8221;<\/b><\/p>\n<p>Mersin Milletvekili Mehmet Emin Ekmen, toplant\u0131da ya\u015fanan olay\u0131n parlamento gelene\u011fi a\u00e7\u0131s\u0131ndan istisnai bir durum oldu\u011funu belirtti:<\/p>\n<p>&#8220;Bug\u00fcn yap\u0131lan hoyratl\u0131\u011f\u0131n, bize kar\u015f\u0131 uygulanan nobranl\u0131\u011f\u0131n ve muamelenin T\u00fcrkiye B\u00fcy\u00fck Millet Meclisi tarihinde bir gelene\u011fe, bir team\u00fcle d\u00f6n\u00fc\u015fmemesi i\u00e7in itiraz\u0131m\u0131z\u0131 daha y\u00fcksek sesle kayda ge\u00e7irmek i\u00e7in buraday\u0131z. T\u00fcrkiye B\u00fcy\u00fck Millet Meclisi Genel Kurulu bug\u00fcn saat 14&#8217;te a\u00e7\u0131ld\u0131\u011f\u0131nda da Say\u0131n Ba\u015fkan&#8217;a hitaben tutanaklara ge\u00e7irmek \u00fczere bu itiraz\u0131m\u0131z\u0131 ifade ettik. \u015eu anda da buraday\u0131z. K\u0131ymetli milletvekili arkada\u015f\u0131m Say\u0131n Dalg\u0131n olay\u0131n geli\u015fimini anlatt\u0131. Anla\u015f\u0131l\u0131yor ki \u00f6nergede haz\u0131r ve imzal\u0131 oldu\u011funa g\u00f6re toplant\u0131dan \u00f6nce bu planlanm\u0131\u015f. Ancak bunun b\u00f6yle bir geli\u015fmeyle seyredece\u011fine dair bir bilgi \u00f6zenle yap\u0131lan ilanlarda ve di\u011fer milletvekillerinin bilgilendirmesinde g\u00f6zden ka\u00e7\u0131r\u0131lm\u0131\u015f.&#8221;<\/p>\n<p>Ekmen, \u00f6nergenin AK Parti&#8217;nin \u00e7o\u011funlu\u011fuyla h\u0131zl\u0131 bir \u015fekilde oylanarak kabul edildi\u011fini belirtti: &#8220;Bu \u00f6nerge zaten AK Parti&#8217;nin \u00e7o\u011funlu\u011fu var. Bir\u00e7ok yerde oylamalar\u0131 yapabiliyorlar. H\u0131zl\u0131 bir \u015fekilde oylan\u0131nca a\u00e7\u0131k\u00e7as\u0131 bir\u00e7ok ki\u015fi i\u00e7 t\u00fcz\u00fck 32. maddenin ne anlama geldi\u011fini bilmiyordu. Say\u0131n Ba\u015fkan i\u00e7 t\u00fcz\u00fck 32. maddeyi okuyarak komisyonun kapal\u0131 oturuma ge\u00e7ece\u011fini ifade etti. Biz de buna itirazen D\u0131\u015fi\u015fleri Bakan\u0131 Say\u0131n Hakan Fidan&#8217;\u0131n daha \u00f6nce Genel Kurulu&#8217;nu bilgilendirdi\u011fini, T\u00fcrkiye B\u00fcy\u00fck Millet Meclisi Genel Kurulu&#8217;nu bilgilendirdi\u011fini, Plan B\u00fct\u00e7e Komisyonu&#8217;nda b\u0131rak\u0131n\u0131z milletvekillerini medyan\u0131n ve ili\u015fkili payda\u015flar\u0131n huzurunda uzun uzun bakanl\u0131k politikalar\u0131n\u0131 anlatt\u0131\u011f\u0131n\u0131, bug\u00fcn anlataca\u011f\u0131 hangi hususun T\u00fcrkiye B\u00fcy\u00fck Millet Meclisi \u00fcyelerinden gizlenerek sadece komisyon \u00fcyelerine \u00f6zel bir g\u00fcndem olup olmad\u0131\u011f\u0131n\u0131n ifade edilmesi gerekti\u011fini ifade ettik.&#8221;<\/p>\n<p>&nbsp;<\/p>\n<p><b>Gizlilik Gerektirecek \u00d6zel Bir Durum Yoktu<\/b><\/p>\n<p>Ekmen, toplant\u0131da g\u00fcndeme getirilen konunun \u00f6zel bir durum olmad\u0131\u011f\u0131n\u0131 belirtti: &#8220;Siz buraya bir sava\u015f tezkeresi mi getirdiniz? Siz buraya bir s\u0131n\u0131r \u00f6tesi harekat tezkeresi mi getirdiniz? Siz, \u00f6rne\u011fin, T\u00fcrkiye&#8217;nin bir t\u00fcrl\u00fc m\u00fcdahil olamad\u0131\u011f\u0131 Lahey Adalet Divan\u0131&#8217;na m\u00fcdahil olman\u0131n teknik altyap\u0131s\u0131n\u0131 konu\u015fmak \u00fczere mi geldiniz? \u00d6rne\u011fin, T\u00fcrk savc\u0131lar\u0131n\u0131n Adalet Bakan\u0131&#8217;na ba\u015fvurdu\u011fu ve izin alamad\u0131\u011f\u0131, d\u00fcn Amerika&#8217;da utan\u00e7 verici bir tabloyla ayakta alk\u0131\u015flanan Netanyahu&#8217;nun T\u00fcrkiye&#8217;de yarg\u0131lanma izni verilmesiyle ilgili bir isti\u015fareye mi geldiniz? Hay\u0131r. Bakanl\u0131k faaliyetleri hakk\u0131nda genel bir bilgilendirme var. Peki anayasam\u0131z ne diyor? T\u00fcrkiye B\u00fcy\u00fck Millet Meclisi, sava\u015f ilan\u0131 yetkisine haizdir. Sava\u015f ilan\u0131 yetkisine haiz milletvekillerini D\u0131\u015fi\u015fleri Bakanl\u0131\u011f\u0131&#8217;n\u0131n bir isti\u015fari toplant\u0131s\u0131na dahil etmeyeceksiniz. Bunun bir izah\u0131 olamaz.&#8221;<\/p>\n<p>&nbsp;<\/p>\n<p><b>Y\u00fcr\u00fctme ile Yasaman\u0131n Ba\u011f\u0131 Koptu<\/b><\/p>\n<p>Ekmen, ba\u015fkanl\u0131k sistemi d\u00f6neminde y\u00fcr\u00fctme ile yasaman\u0131n aras\u0131ndaki ba\u011f\u0131n koptu\u011funu belirtti: &#8220;Ba\u015fkanl\u0131k sistemi d\u00f6neminde y\u00fcr\u00fctme ile yasaman\u0131n aras\u0131ndaki ba\u011f koptu. Say\u0131n Bakanlar bir tek plan b\u00fct\u00e7eye geliyor. Bu 15 ay i\u00e7erisinde de komisyonlara bilgilendirme amac\u0131yla gelen bakan say\u0131s\u0131 4&#8217;\u00fc 5&#8217;i bulmuyor. Bu 4-5 tane bakan\u0131n hi\u00e7bir toplant\u0131s\u0131nda yap\u0131lmayan bir uygulama.&#8221;<\/p>\n<p>&nbsp;<\/p>\n<p><b>Parlamento Tarihinde \u00d6rne\u011fi Yok<\/b><\/p>\n<p>Ekmen devamla:<\/p>\n<p>Geri d\u00f6nd\u00fck. T\u00fcrkiye B\u00fcy\u00fck Millet Meclisi&#8217;nin tarih\u00e7esine bakt\u0131k. 80 darbesinden bu yana bir komisyonun komisyon \u00fcyeleri d\u0131\u015f\u0131nda kapal\u0131 oturuma ge\u00e7mesi iki kere ya\u015fanm\u0131\u015f. 2004&#8217;te ve 2022&#8217;de. Orada da tutanaklar\u0131 hen\u00fcz elde edemedik. Misafir olmayan milletvekillerinin kat\u0131l\u0131m\u0131na engel bir durum yok. Kapal\u0131 oturum karar\u0131 alabilirsiniz. Ancak t\u0131pk\u0131 Say\u0131n Ba\u015fkan\u0131n burada izninizle h\u0131zl\u0131ca okuyay\u0131m: Kapal\u0131 oturumda komisyon \u00fcyelerinden ve Cumhurba\u015fkan\u0131 yard\u0131mc\u0131lar\u0131, bakanlar ile komisyon ba\u015fkan\u0131n\u0131n uygun g\u00f6rd\u00fc\u011f\u00fc bakan yard\u0131mc\u0131lar\u0131 ve \u00fcst d\u00fczey kamu y\u00f6neticileri oturuma devam edebilir deniliyor. Bu karar oyland\u0131\u011f\u0131nda komisyonda yedi milletvekiliydik, komisyon \u00fcyesi olmayan. CHP&#8217;li arkada\u015flar\u0131m\u0131z nas\u0131lsa CHP&#8217;nin temsiliyeti var diye \u00e7\u0131kt\u0131lar. Biz dedik ki DEVA Partisi&#8217;nin komisyon \u00fcyesi yok. Bizimle birlikte \u00d6mer Faruk Gergerlio\u011flu da bunun bir parlamenter hakk\u0131 oldu\u011funu ifade ederek orada durdu ve yakla\u015f\u0131k yar\u0131m saat AK Parti&#8217;nin milletvekilleri b\u00fcy\u00fck bir kibir, enaniyet ve nobranl\u0131k i\u00e7erisinde yar\u0131 tanr\u0131sal bir edayla CHP&#8217;nin verdi\u011fi hi\u00e7 olmazsa Say\u0131n Bakan&#8217;\u0131n sunu\u015f k\u0131sm\u0131nda komisyon \u00fcyesi olmayan milletvekillerinin kat\u0131lma hakk\u0131n\u0131 Say\u0131n Fuat Oktay&#8217;\u0131n da olumlu g\u00f6r\u00fc\u015f\u00fcne ra\u011fmen reddettiler. Asl\u0131nda AK Parti&#8217;nin toplumdan, milletten, parlamentodan koptu\u011funun \u00e7ok hazin \u00f6rneklerinden biri oldu.&#8221;<\/p>\n<p>&nbsp;<\/p>\n<p><b>Tutanak Dahi Tutulmad\u0131<\/b><\/p>\n<p>Ekmen, stenograflar\u0131n d\u0131\u015far\u0131 \u00e7\u0131kar\u0131lmas\u0131 nedeniyle ya\u015fananlar\u0131n kayd\u0131n\u0131n tutulmad\u0131\u011f\u0131n\u0131 belirtti: &#8220;B\u00f6yle detayl\u0131 anlat\u0131yorum \u00e7\u00fcnk\u00fc stenograflar yani tutanak m\u00fcmzileri d\u0131\u015far\u0131 \u00e7\u0131kart\u0131ld\u0131\u011f\u0131 i\u00e7in bu anlar\u0131n bir kayd\u0131 da olu\u015fmad\u0131. Biz \u015fu anda bu k\u00f6t\u00fc \u00f6rne\u011fin bir daha tekrarlanmamas\u0131 i\u00e7in tarihe not d\u00fc\u015fmek ad\u0131na bunu bildiriyoruz. Say\u0131n Dalg\u0131n d\u0131\u015far\u0131ya \u00e7\u0131kmamak konusunda \u0131srarc\u0131 davrand\u0131. Bunun \u00fczerine Meclis \u0130dare Amirli\u011finin daveti s\u00f6z konusu oldu. A\u00e7\u0131k\u00e7as\u0131 DEVA Partisi milletvekillerini kamuoyu iyi tan\u0131yor. \u015eov g\u00f6steri k\u0131sm\u0131ndan uzak duruyoruz. Meclisin onuru, \u015ferefi, haysiyeti bu kadar zedelenmesin de bir milletvekili, bir g\u00fcvenlik g\u00f6revlisinin e\u015fli\u011finde d\u0131\u015far\u0131 \u00e7\u0131kart\u0131l\u0131yor durumuna d\u00fc\u015fmesin diye oray\u0131 terk ettik. Oray\u0131 terk etme gayemiz dahi yine bu meclisin, bu milletvekillerinin, bu parlamentonun onurunu ve haysiyetini koruma kayg\u0131s\u0131yla oldu.&#8221;<\/p>\n<p>&nbsp;<\/p>\n<p><b>Numan Bey Parlamentonun Onurunu Korumal\u0131d\u0131r<\/b><\/p>\n<p>Ekmen, Meclis Ba\u015fkan\u0131 Numan Kurtulmu\u015f&#8217;a ve D\u0131\u015fi\u015fleri Komisyon Ba\u015fkan\u0131 Fuat Oktay&#8217;a seslendi: &#8220;Buradan Say\u0131n Meclis Ba\u015fkan\u0131m\u0131z Say\u0131n Numan Kurtulmu\u015f&#8217;a sesleniyorum. Say\u0131n Ba\u015fkan\u0131m, meclis \u00fcyelerinin onurunu korumak en fazla meclis ba\u015fkan\u0131m\u0131za yak\u0131\u015f\u0131r. \u0130\u00e7 t\u00fcz\u00fckte yer alan ama gerek\u00e7esiz ve keyfi bir \u015fekilde uygulanan bu durumun bir kez daha tekrarlanmamas\u0131 i\u00e7in l\u00fctfen tedbirlerinizi al\u0131n\u0131z. D\u0131\u015fi\u015fleri Komisyon Ba\u015fkan\u0131 Say\u0131n Fuat Oktay&#8217;a sesleniyorum. Say\u0131n Oktay, \u00f6yle anla\u015f\u0131l\u0131yor ki yeterince haz\u0131rl\u0131k yapmadan bir oldu bitti yapmak istediniz ama bizim direncimiz kar\u015f\u0131s\u0131nda siz bile durumun yanl\u0131\u015fl\u0131\u011f\u0131n\u0131n fark\u0131na var\u0131p esnek bir tutuma girmek istediniz ama di\u011fer \u00fcyeler buna m\u00fcsaade etmedi. G\u00f6n\u00fcl isterdi ki ba\u015fkanl\u0131k dirayetiyle \u00fcyelere bu konuda do\u011fru olan\u0131 tavsiye etmenizdi ama maalesef onu da yapamad\u0131n\u0131z.&#8221;<\/p>\n<p>&#8220;Zinhar ve zinhar bug\u00fcnden ileriye do\u011fru ne D\u0131\u015fi\u015fleri Komisyonu&#8217;nda ne ba\u015fka bir komisyonda bu ve benzeri bir hareketten uzak durulmas\u0131 hususunda b\u00fct\u00fcn komisyon ba\u015fkanlar\u0131m\u0131z\u0131n dikkatini \u00e7ekmek i\u00e7in buraday\u0131z. Bug\u00fcn Genel Kurulu a\u00e7\u0131ld\u0131\u011f\u0131nda Saadet Partisi Grup Ba\u015fkan Vekili Say\u0131n B\u00fclent Kaya da bu duruma dikkat \u00e7ekerek bunun yanl\u0131\u015flar\u0131n\u0131 ve \u00fcz\u00fcnt\u00fclerini payla\u015fm\u0131\u015flard\u0131r.&#8221;<\/p>\n<p><b>Bu Hak \u0130hlalidir<\/b><\/p>\n<p>Ekmen devamla: &#8220;Bu durumun asgari derecede nezaketsizlik ama asl\u0131nda b\u00fcy\u00fck bir sayg\u0131s\u0131zl\u0131k ve b\u00fcy\u00fck bir hak ihlali oldu\u011funu vurgulamak isterim. \u00c7\u00fcnk\u00fc bu milletin bize verdi\u011fi oyun bize tan\u0131d\u0131\u011f\u0131 yetkiler var. Bu bizim keyfimize g\u00f6re hareket edilecek bir durum de\u011fil. Bir polis memuru, bir emniyet m\u00fcd\u00fcr\u00fc, bir komisyon ba\u015fkan\u0131 diren\u00e7 g\u00f6steriyor diye biz bu yetkiden vazge\u00e7emeyiz. Vazge\u00e7ersek biz milletimize verilmi\u015f olan yetkiye ihanet etmi\u015f oluruz. Biz b\u00fct\u00fcn bu hususlar\u0131 kayda ge\u00e7irmek, ba\u015fta meclis ba\u015fkan\u0131m\u0131z olmak \u00fczere ilgili herkesin dikkatini \u00e7ekmek ve bu hususun bir kez daha ya\u015fanmamas\u0131n\u0131 temin etmek i\u00e7in huzurunuzday\u0131z.&#8221;<\/p>\n<p>&nbsp;<\/p>\n<p><b>\u0130rfan Karatutlu: &#8220;\u0130sti\u015farenin Ortak Akl\u0131n Kayboldu\u011fu Her Yerde Direnece\u011fiz&#8221;<\/b><\/p>\n<p>DEVA Partisi Kahramanmara\u015f Milletvekili Doktor \u0130rfan Karatutlu, isti\u015farenin \u00f6nemine vurgu yaparak \u015funlar\u0131 s\u00f6yledi:<\/p>\n<p>&#8220;1920&#8217;de ilk meclis a\u00e7\u0131ld\u0131\u011f\u0131nda Osmanl\u0131ca ibarede &#8216;onlar i\u015flerini isti\u015fareyle halleder&#8217; diye bir levha vard\u0131r. Dolay\u0131s\u0131yla isti\u015farenin ortak akl\u0131n kayboldu\u011fu her ne yer olursa olsun biz DEVA Partisi milletvekilleri olarak milletin bize verdi\u011fi bu g\u00f6rev birlikteli\u011fiyle her zaman direnece\u011fiz ve milletin hakk\u0131n\u0131, hukukunu gerek komisyonlarda gerek genel kurulda meclisin her kademesinde dile getirece\u011fimizi s\u00f6ylemek istiyorum.\u201d<\/p>\n","protected":false},"excerpt":{"rendered":"<p>DEVA Partisi milletvekilleri Burak Dalg\u0131n, Mehmet Emin Ekmen ve \u0130rfan Karatutlu, TBMM&#8217;de d\u00fczenledikleri ortak bas\u0131n toplant\u0131s\u0131nda, D\u0131\u015fi\u015fleri Komisyonu&#8217;nda ya\u015fanan olaylar ve meclisin i\u015fleyi\u015fine dair \u00f6nemli de\u011ferlendirmelerde bulundular. Milletvekilleri, meclisin demokratik &hellip; <a href=\"https:\/\/mersinekonomipolitikagazetesi.com\/?p=30879\" class=\"more-link\">Devam\u0131n\u0131 Oku&#8230;<\/a><\/p>\n","protected":false},"author":2,"featured_media":30880,"comment_status":"open","ping_status":"open","sticky":false,"template":"","format":"standard","meta":[],"categories":[1,2,3],"tags":[],"_links":{"self":[{"href":"https:\/\/mersinekonomipolitikagazetesi.com\/index.php?rest_route=\/wp\/v2\/posts\/30879"}],"collection":[{"href":"https:\/\/mersinekonomipolitikagazetesi.com\/index.php?rest_route=\/wp\/v2\/posts"}],"about":[{"href":"https:\/\/mersinekonomipolitikagazetesi.com\/index.php?rest_route=\/wp\/v2\/types\/post"}],"author":[{"embeddable":true,"href":"https:\/\/mersinekonomipolitikagazetesi.com\/index.php?rest_route=\/wp\/v2\/users\/2"}],"replies":[{"embeddable":true,"href":"https:\/\/mersinekonomipolitikagazetesi.com\/index.php?rest_route=%2Fwp%2Fv2%2Fcomments&post=30879"}],"version-history":[{"count":1,"href":"https:\/\/mersinekonomipolitikagazetesi.com\/index.php?rest_route=\/wp\/v2\/posts\/30879\/revisions"}],"predecessor-version":[{"id":30881,"href":"https:\/\/mersinekonomipolitikagazetesi.com\/index.php?rest_route=\/wp\/v2\/posts\/30879\/revisions\/30881"}],"wp:featuredmedia":[{"embeddable":true,"href":"https:\/\/mersinekonomipolitikagazetesi.com\/index.php?rest_route=\/wp\/v2\/media\/30880"}],"wp:attachment":[{"href":"https:\/\/mersinekonomipolitikagazetesi.com\/index.php?rest_route=%2Fwp%2Fv2%2Fmedia&parent=30879"}],"wp:term":[{"taxonomy":"category","embeddable":true,"href":"https:\/\/mersinekonomipolitikagazetesi.com\/index.php?rest_route=%2Fwp%2Fv2%2Fcategories&post=30879"},{"taxonomy":"post_tag","embeddable":true,"href":"https:\/\/mersinekonomipolitikagazetesi.com\/index.php?rest_route=%2Fwp%2Fv2%2Ftags&post=30879"}],"curies":[{"name":"wp","href":"https:\/\/api.w.org\/{rel}","templated":true}]}}