{"id":30885,"date":"2024-07-29T14:05:07","date_gmt":"2024-07-29T11:05:07","guid":{"rendered":"http:\/\/mersinekonomipolitikagazetesi.com\/?p=30885"},"modified":"2024-07-29T14:05:07","modified_gmt":"2024-07-29T11:05:07","slug":"uretimde-kadin-istihdami-destekleniyor","status":"publish","type":"post","link":"https:\/\/mersinekonomipolitikagazetesi.com\/?p=30885","title":{"rendered":"\u00dcretimde kad\u0131n istihdam\u0131 destekleniyor"},"content":{"rendered":"<p class=\"summary\">Mersinli kad\u0131nlar\u0131n, in\u015faat sekt\u00f6r\u00fcne y\u00f6nelik i\u015f d\u00fcnyas\u0131n\u0131n talep ve ihtiya\u00e7lar\u0131na cevap verebilecek nitelikte sekt\u00f6re kazand\u0131r\u0131lmas\u0131 ad\u0131na \u2018Mersin\u2019de \u0130n\u015faat Sekt\u00f6r\u00fcnde Kad\u0131n \u0130stihdam\u0131 Artt\u0131rma Projesi\u2019 hayata ge\u00e7iriliyor.<\/p>\n<p>Mersin Valili\u011fi himayelerinde, Mersin Ticaret ve Sanayi Odas\u0131 (MTSO), Mersin B\u00fcy\u00fck\u015fehir Belediyesi, Mersin \u0130\u015eKUR \u0130l M\u00fcd\u00fcrl\u00fc\u011f\u00fc, \u0130stanbul Ni\u015fanta\u015f\u0131 \u00dcniversitesi, Mersin Yap\u0131 M\u00fcteahhitleri Derne\u011fi (MERYAD), TOBB Mersin Kad\u0131n Giri\u015fimciler Kurulu ve Giri\u015fimci \u0130\u015f Kad\u0131nlar\u0131 Derne\u011fi (G\u0130\u015eKAD) i\u015f birli\u011finde \u201cMersin\u2019de \u0130n\u015faat Sekt\u00f6r\u00fcnde Kad\u0131n \u0130stihdam\u0131 Artt\u0131rma Projesi\u201d ba\u015flat\u0131l\u0131yor.<br \/>\nMersin Valisi Ali Hamza Pehlivan ba\u015fkanl\u0131\u011f\u0131nda, \u0130l \u0130stihdam ve Mesleki E\u011fitim Kurulu Toplant\u0131s\u0131\u2019nda karara ba\u011flanan \u2018\u00dcretimde Kad\u0131n Eli Projesi\u2019yle, \u00a0ba\u015fta kad\u0131nlar olmak \u00fczere in\u015faat alan\u0131nda meslek sahibi olmak isteyen ve 39 ya\u015f\u0131n\u0131 doldurmam\u0131\u015f bireyler proje ile sekt\u00f6re kazand\u0131r\u0131lacak. Teorik ve uygulamal\u0131 mesleki e\u011fitimleri i\u00e7eren ve 6 ay s\u00fcrecek proje, i\u015f garantili olup kat\u0131l\u0131mc\u0131lar, AB\u2019de ge\u00e7erlili\u011fi olan Mesleki Yeterlilik Belgesi sahibi olacak.<br \/>\nAyr\u0131ca \u0130stanbul Ni\u015fanta\u015f\u0131 \u00dcniversitesi, proje kapsam\u0131nda ba\u015far\u0131l\u0131 olan kad\u0131nlar\u0131n \u00e7ocuklar\u0131na, kendi okullar\u0131n\u0131 tercih etmeleri halinde lisans, y\u00fcksek lisans ve doktora alan\u0131nda burs imkan\u0131 sa\u011flayacak.<br \/>\nMTSO Y\u00f6netim Kurulu Ba\u015fkan Vekili Cem Bucuge\u2019nin kat\u0131ld\u0131\u011f\u0131 Mersin Valili\u011fi\u2019nde d\u00fczenlenen \u0130l \u0130stihdam ve Mesleki E\u011fitim Kurulu Toplant\u0131s\u0131\u2019nda Oda Genel Sekter Yard\u0131mc\u0131s\u0131 Fevzi Filik, projenin detaylar\u0131 hakk\u0131nda sunum ger\u00e7ekle\u015ftirdi. Toplant\u0131da, projede yer alan t\u00fcm payda\u015flar\u0131n projenin hedeflenen ba\u015far\u0131ya ula\u015fmas\u0131 i\u00e7in sunaca\u011f\u0131 katk\u0131lar de\u011ferlendirilip, karara ba\u011fland\u0131. Bu kapsamda Mersin Ticaret ve Sanayi Odas\u0131 mesleki e\u011fitimleri tamamlayan proje kat\u0131l\u0131mc\u0131lar\u0131n\u0131n Mesleki Yeterlilik Belgesi (MYK) s\u00fcre\u00e7lerinde aktif g\u00f6rev al\u0131p, i\u015fe yerle\u015ftirme ve tan\u0131t\u0131m \u00e7al\u0131\u015fmalar\u0131na da katk\u0131 sa\u011flayacak.<br \/>\n\u0130n\u015faat alan\u0131nda ba\u015flayacak olan proje ilerleyen s\u00fcre\u00e7te \u00e7e\u015fitli sekt\u00f6rlerde de uygulanmas\u0131 planlan\u0131yor.<\/p>\n","protected":false},"excerpt":{"rendered":"<p>Mersinli kad\u0131nlar\u0131n, in\u015faat sekt\u00f6r\u00fcne y\u00f6nelik i\u015f d\u00fcnyas\u0131n\u0131n talep ve ihtiya\u00e7lar\u0131na cevap verebilecek nitelikte sekt\u00f6re kazand\u0131r\u0131lmas\u0131 ad\u0131na \u2018Mersin\u2019de \u0130n\u015faat Sekt\u00f6r\u00fcnde Kad\u0131n \u0130stihdam\u0131 Artt\u0131rma Projesi\u2019 hayata ge\u00e7iriliyor. Mersin Valili\u011fi himayelerinde, Mersin Ticaret &hellip; <a href=\"https:\/\/mersinekonomipolitikagazetesi.com\/?p=30885\" class=\"more-link\">Devam\u0131n\u0131 Oku&#8230;<\/a><\/p>\n","protected":false},"author":2,"featured_media":30886,"comment_status":"open","ping_status":"open","sticky":false,"template":"","format":"standard","meta":[],"categories":[1,2,3],"tags":[],"_links":{"self":[{"href":"https:\/\/mersinekonomipolitikagazetesi.com\/index.php?rest_route=\/wp\/v2\/posts\/30885"}],"collection":[{"href":"https:\/\/mersinekonomipolitikagazetesi.com\/index.php?rest_route=\/wp\/v2\/posts"}],"about":[{"href":"https:\/\/mersinekonomipolitikagazetesi.com\/index.php?rest_route=\/wp\/v2\/types\/post"}],"author":[{"embeddable":true,"href":"https:\/\/mersinekonomipolitikagazetesi.com\/index.php?rest_route=\/wp\/v2\/users\/2"}],"replies":[{"embeddable":true,"href":"https:\/\/mersinekonomipolitikagazetesi.com\/index.php?rest_route=%2Fwp%2Fv2%2Fcomments&post=30885"}],"version-history":[{"count":1,"href":"https:\/\/mersinekonomipolitikagazetesi.com\/index.php?rest_route=\/wp\/v2\/posts\/30885\/revisions"}],"predecessor-version":[{"id":30887,"href":"https:\/\/mersinekonomipolitikagazetesi.com\/index.php?rest_route=\/wp\/v2\/posts\/30885\/revisions\/30887"}],"wp:featuredmedia":[{"embeddable":true,"href":"https:\/\/mersinekonomipolitikagazetesi.com\/index.php?rest_route=\/wp\/v2\/media\/30886"}],"wp:attachment":[{"href":"https:\/\/mersinekonomipolitikagazetesi.com\/index.php?rest_route=%2Fwp%2Fv2%2Fmedia&parent=30885"}],"wp:term":[{"taxonomy":"category","embeddable":true,"href":"https:\/\/mersinekonomipolitikagazetesi.com\/index.php?rest_route=%2Fwp%2Fv2%2Fcategories&post=30885"},{"taxonomy":"post_tag","embeddable":true,"href":"https:\/\/mersinekonomipolitikagazetesi.com\/index.php?rest_route=%2Fwp%2Fv2%2Ftags&post=30885"}],"curies":[{"name":"wp","href":"https:\/\/api.w.org\/{rel}","templated":true}]}}