{"id":30897,"date":"2024-07-29T14:11:32","date_gmt":"2024-07-29T11:11:32","guid":{"rendered":"http:\/\/mersinekonomipolitikagazetesi.com\/?p=30897"},"modified":"2024-07-29T14:11:32","modified_gmt":"2024-07-29T11:11:32","slug":"deva-partili-ekmenden-kayseri-olaylarinda-istihbarat-zafiyeti-sorusu","status":"publish","type":"post","link":"https:\/\/mersinekonomipolitikagazetesi.com\/?p=30897","title":{"rendered":"DEVA Partili Ekmen\u2019den Kayseri olaylar\u0131nda istihbarat zafiyeti sorusu"},"content":{"rendered":"<p><strong>DEVA Partisi Genel Ba\u015fkan Yard\u0131mc\u0131s\u0131 ve Mersin Milletvekili Mehmet Emin Ekmen, \u0130\u00e7i\u015fleri Bakan\u0131 Ali Yerlikaya<\/strong><strong><span dir=\"RTL\">\u2019<\/span><\/strong><strong>n\u0131n kat\u0131ld\u0131\u011f\u0131 \u0130nsan Haklar\u0131 Komisyonunda g\u00f6\u00e7men kar\u015f\u0131tl\u0131\u011f\u0131 ve istisnai vatanda\u015fl\u0131klar\u0131n iptaliyle ilgili\u00a0<\/strong><strong>\u00f6<\/strong><strong>nemli konulara de\u011findi. Ekmen, istisnai vatanda\u015fl\u0131k verilen baz\u0131 Suriyelilerin istihbarat notuyla vatanda\u015fl\u0131klar\u0131n\u0131n iptal edilmesinin yaratt\u0131\u011f\u0131 sorunlara de\u011findi.<\/strong><\/p>\n<p><strong>\u00a0<\/strong><\/p>\n<p><strong>G\u00f6\u00e7men kar\u015f\u0131t\u0131 olaylarda Emniyet zaafiyeti var m\u0131<\/strong><strong>?<\/strong><\/p>\n<p>Ekmen, Kayseri ba\u015fta olmak \u00fczere baz\u0131 illerde ya\u015fanan g\u00f6\u00e7men kar\u015f\u0131t\u0131 hareketlerde istihbarat zafiyeti olup olmad\u0131\u011f\u0131n\u0131 sorgulad\u0131: &#8220;Ge\u00e7en y\u0131l Alt\u0131nda\u011f&#8217;da, bu y\u0131l Kayseri, Hatay, Bursa ve di\u011fer illerde ya\u015fanan g\u00f6\u00e7men kar\u015f\u0131t\u0131 hareketlerle ilgili olarak istihbarat zafiyeti oldu\u011funu d\u00fc\u015f\u00fcn\u00fcyor musunuz? M\u00fcdahalelerin ge\u00e7 yap\u0131ld\u0131\u011f\u0131 konusundaki fikriniz nedir ve\u00a0\u00f6zellikle bizim b\u00f6lgemizde s\u0131kl\u0131kla kar\u015f\u0131lanan, Valili\u011fin idari bir kararla eylem yasa\u011f\u0131 ve soka\u011fa \u00e7\u0131kma yasa\u011f\u0131 kararlar\u0131n\u0131n s\u00f6z konusu Suriyeli m\u00fclteci kar\u015f\u0131t\u0131 olaylarda etkin bir \u015fekilde kullan\u0131l\u0131p kullan\u0131lmad\u0131\u011f\u0131 hususunda bir tefti\u015f incelemesi var m\u0131d\u0131r?&#8221;<\/p>\n<p>&nbsp;<\/p>\n<p><strong>\u0130stisnai vatanda\u015fl\u0131klar\u0131n iptali<\/strong><\/p>\n<p>Di\u011fer soruda Ekmen &#8220;\u0130stisnai vatanda\u015fl\u0131k verilen Suriyelilerden baz\u0131lar\u0131n\u0131n vatanda\u015fl\u0131\u011f\u0131n\u0131n iptal edildi\u011fini biliyoruz; bir sabah e-devlette iptal edildi\u011fini g\u00f6r\u00fcyorlar. Muhtemelen bu, bizim uygulamam\u0131z a\u00e7\u0131s\u0131ndan yeni bir durum. Ge\u00e7ici koruma stat\u00fcs\u00fcn\u00fcn kayb\u0131, \u00e7ocuklar\u0131n e\u011fitim durumu gibi sorunlar ortaya \u00e7\u0131kmaktad\u0131r. Bir anda stat\u00fcs\u00fcz duruma d\u00fc\u015fen bu ki\u015filerle ilgili yaln\u0131zca bir istihbarat notuyla de\u011fil, idare hukuku g\u00f6z\u00fc ve bir m\u00fclki idare bak\u0131\u015f a\u00e7\u0131s\u0131yla de\u011ferlendirme yap\u0131lmas\u0131 gerekti\u011fini ifade etmek istiyorum&#8221; dedi.<\/p>\n","protected":false},"excerpt":{"rendered":"<p>DEVA Partisi Genel Ba\u015fkan Yard\u0131mc\u0131s\u0131 ve Mersin Milletvekili Mehmet Emin Ekmen, \u0130\u00e7i\u015fleri Bakan\u0131 Ali Yerlikaya\u2019n\u0131n kat\u0131ld\u0131\u011f\u0131 \u0130nsan Haklar\u0131 Komisyonunda g\u00f6\u00e7men kar\u015f\u0131tl\u0131\u011f\u0131 ve istisnai vatanda\u015fl\u0131klar\u0131n iptaliyle ilgili\u00a0\u00f6nemli konulara de\u011findi. Ekmen, istisnai &hellip; <a href=\"https:\/\/mersinekonomipolitikagazetesi.com\/?p=30897\" class=\"more-link\">Devam\u0131n\u0131 Oku&#8230;<\/a><\/p>\n","protected":false},"author":2,"featured_media":30640,"comment_status":"open","ping_status":"open","sticky":false,"template":"","format":"standard","meta":[],"categories":[1,2,3],"tags":[],"_links":{"self":[{"href":"https:\/\/mersinekonomipolitikagazetesi.com\/index.php?rest_route=\/wp\/v2\/posts\/30897"}],"collection":[{"href":"https:\/\/mersinekonomipolitikagazetesi.com\/index.php?rest_route=\/wp\/v2\/posts"}],"about":[{"href":"https:\/\/mersinekonomipolitikagazetesi.com\/index.php?rest_route=\/wp\/v2\/types\/post"}],"author":[{"embeddable":true,"href":"https:\/\/mersinekonomipolitikagazetesi.com\/index.php?rest_route=\/wp\/v2\/users\/2"}],"replies":[{"embeddable":true,"href":"https:\/\/mersinekonomipolitikagazetesi.com\/index.php?rest_route=%2Fwp%2Fv2%2Fcomments&post=30897"}],"version-history":[{"count":1,"href":"https:\/\/mersinekonomipolitikagazetesi.com\/index.php?rest_route=\/wp\/v2\/posts\/30897\/revisions"}],"predecessor-version":[{"id":30898,"href":"https:\/\/mersinekonomipolitikagazetesi.com\/index.php?rest_route=\/wp\/v2\/posts\/30897\/revisions\/30898"}],"wp:featuredmedia":[{"embeddable":true,"href":"https:\/\/mersinekonomipolitikagazetesi.com\/index.php?rest_route=\/wp\/v2\/media\/30640"}],"wp:attachment":[{"href":"https:\/\/mersinekonomipolitikagazetesi.com\/index.php?rest_route=%2Fwp%2Fv2%2Fmedia&parent=30897"}],"wp:term":[{"taxonomy":"category","embeddable":true,"href":"https:\/\/mersinekonomipolitikagazetesi.com\/index.php?rest_route=%2Fwp%2Fv2%2Fcategories&post=30897"},{"taxonomy":"post_tag","embeddable":true,"href":"https:\/\/mersinekonomipolitikagazetesi.com\/index.php?rest_route=%2Fwp%2Fv2%2Ftags&post=30897"}],"curies":[{"name":"wp","href":"https:\/\/api.w.org\/{rel}","templated":true}]}}