{"id":30899,"date":"2024-07-29T14:13:47","date_gmt":"2024-07-29T11:13:47","guid":{"rendered":"http:\/\/mersinekonomipolitikagazetesi.com\/?p=30899"},"modified":"2024-07-29T14:13:47","modified_gmt":"2024-07-29T11:13:47","slug":"mezitli-halki-baskan-tuncere-yogun-ilgi-gosterdi-mahalle-calistaylari-tamamlandi","status":"publish","type":"post","link":"https:\/\/mersinekonomipolitikagazetesi.com\/?p=30899","title":{"rendered":"MEZ\u0130TL\u0130 HALKI BA\u015eKAN TUNCER&#8217;E YO\u011eUN \u0130LG\u0130 G\u00d6STERD\u0130, MAHALLE \u00c7ALI\u015eTAYLARI TAMAMLANDI!"},"content":{"rendered":"<p class=\"v1MsoNormal\">Mezitli Belediyesi taraf\u0131ndan 2025-2029 Stratejik Plan haz\u0131rl\u0131klar\u0131 kapsam\u0131nda d\u00fczenlenen mahalle \u00e7al\u0131\u015ftaylar\u0131 tamamland\u0131. Ba\u015fkan Tuncer, toplamda 12 farkl\u0131 noktada, 40 mahalle sakini ile birebir g\u00f6r\u00fc\u015ferek halk\u0131n taleplerini ve \u00f6nerilerini dinledi.\u00a0 \u00c7al\u0131\u015ftaylar halk\u0131n yo\u011fun ilgisi ile kar\u015f\u0131land\u0131.Mezitli Belediye Ba\u015fkan\u0131 Ahmet Serkan Tuncer, &#8220;Mezitli&#8217;yi hep birlikte daha iyi bir yer haline getirece\u011fiz&#8221; dedi.<\/p>\n<p class=\"v1MsoNormal\">Ba\u015fkan Tuncer&#8217;in halkla birebir ileti\u015fime ge\u00e7erek sorunlar\u0131n\u0131 ve beklentilerini dinledi\u011fi \u00e7al\u0131\u015ftaylar, Mezitli&#8217;nin gelece\u011fi i\u00e7in at\u0131lan \u00f6nemli ad\u0131mlardan biri oldu. Vatanda\u015flar\u0131n do\u011frudan Ba\u015fkan Tuncer&#8217;e ula\u015farak \u00f6nerilerini sunma f\u0131rsat\u0131 buldu\u011fu mahalle toplant\u0131lar\u0131 ile, Mezitli Belediyesi&#8217;nin 5 y\u0131ll\u0131k hizmet gelece\u011fine katk\u0131 sa\u011fland\u0131. Toplant\u0131larda, Ba\u015fkan Tuncer&#8217;in halk\u0131n sorular\u0131na yan\u0131t vermesi ve \u00f6nerilerini dinlemesi, Mezitli&#8217;nin gelece\u011fine y\u00f6nelik stratejik planlar\u0131n olu\u015fturulmas\u0131nda \u00f6nemli bir rol oynad\u0131. Mahalle \u00e7al\u0131\u015ftaylar\u0131na kat\u0131lan vatanda\u015flar, Ba\u015fkan Tuncer&#8217;in ula\u015f\u0131labilir olmas\u0131ndan ve halkla i\u00e7 i\u00e7e olmas\u0131ndan duyduklar\u0131 memnuniyeti dile getirdiler.<\/p>\n<p class=\"v1MsoNormal\"><b>&#8220;BA\u015eKANIMIZA TALEPLER\u0130M\u0130Z\u0130 DO\u011eRUDAN AKTARDIK&#8221;<\/b><\/p>\n<p class=\"v1MsoNormal\">Akdeniz Mahalle sakini Ay\u015fe Ak\u00e7akoca, &#8220;Ba\u015fkan\u0131m\u0131z\u0131n bizi dinlemesi ve sorunlar\u0131m\u0131za \u00e7\u00f6z\u00fcm aramas\u0131 ger\u00e7ekten \u00e7ok \u00f6nemli. Onunla do\u011frudan konu\u015fabilmek b\u00fcy\u00fck bir avantaj&#8221; dedi. Tece Mahalle sakini Mehmet G\u00fcndo\u011fdu ise, &#8220;Ba\u015fkan Tuncer&#8217;in halk\u0131n i\u00e7inde olmas\u0131 ve taleplerimizi dinlemesi Mezitli&#8217;nin geli\u015fimi i\u00e7in \u00e7ok de\u011ferli. Onun sayesinde sesimizi duyurabiliyoruz&#8221; \u015feklinde konu\u015ftu. Toplant\u0131lar, d\u0131\u015f payda\u015f ve i\u00e7 payda\u015f g\u00f6r\u00fc\u015fmeleri ile devam edecek. Toplant\u0131lar\u0131n ard\u0131ndan, Mezitli Belediyesi&#8217;nin 5 y\u0131ll\u0131k stratejik takvimi belirlenecek.<\/p>\n","protected":false},"excerpt":{"rendered":"<p>Mezitli Belediyesi taraf\u0131ndan 2025-2029 Stratejik Plan haz\u0131rl\u0131klar\u0131 kapsam\u0131nda d\u00fczenlenen mahalle \u00e7al\u0131\u015ftaylar\u0131 tamamland\u0131. Ba\u015fkan Tuncer, toplamda 12 farkl\u0131 noktada, 40 mahalle sakini ile birebir g\u00f6r\u00fc\u015ferek halk\u0131n taleplerini ve \u00f6nerilerini dinledi.\u00a0 \u00c7al\u0131\u015ftaylar &hellip; <a href=\"https:\/\/mersinekonomipolitikagazetesi.com\/?p=30899\" class=\"more-link\">Devam\u0131n\u0131 Oku&#8230;<\/a><\/p>\n","protected":false},"author":2,"featured_media":30900,"comment_status":"open","ping_status":"open","sticky":false,"template":"","format":"standard","meta":[],"categories":[1,2,3],"tags":[],"_links":{"self":[{"href":"https:\/\/mersinekonomipolitikagazetesi.com\/index.php?rest_route=\/wp\/v2\/posts\/30899"}],"collection":[{"href":"https:\/\/mersinekonomipolitikagazetesi.com\/index.php?rest_route=\/wp\/v2\/posts"}],"about":[{"href":"https:\/\/mersinekonomipolitikagazetesi.com\/index.php?rest_route=\/wp\/v2\/types\/post"}],"author":[{"embeddable":true,"href":"https:\/\/mersinekonomipolitikagazetesi.com\/index.php?rest_route=\/wp\/v2\/users\/2"}],"replies":[{"embeddable":true,"href":"https:\/\/mersinekonomipolitikagazetesi.com\/index.php?rest_route=%2Fwp%2Fv2%2Fcomments&post=30899"}],"version-history":[{"count":1,"href":"https:\/\/mersinekonomipolitikagazetesi.com\/index.php?rest_route=\/wp\/v2\/posts\/30899\/revisions"}],"predecessor-version":[{"id":30901,"href":"https:\/\/mersinekonomipolitikagazetesi.com\/index.php?rest_route=\/wp\/v2\/posts\/30899\/revisions\/30901"}],"wp:featuredmedia":[{"embeddable":true,"href":"https:\/\/mersinekonomipolitikagazetesi.com\/index.php?rest_route=\/wp\/v2\/media\/30900"}],"wp:attachment":[{"href":"https:\/\/mersinekonomipolitikagazetesi.com\/index.php?rest_route=%2Fwp%2Fv2%2Fmedia&parent=30899"}],"wp:term":[{"taxonomy":"category","embeddable":true,"href":"https:\/\/mersinekonomipolitikagazetesi.com\/index.php?rest_route=%2Fwp%2Fv2%2Fcategories&post=30899"},{"taxonomy":"post_tag","embeddable":true,"href":"https:\/\/mersinekonomipolitikagazetesi.com\/index.php?rest_route=%2Fwp%2Fv2%2Ftags&post=30899"}],"curies":[{"name":"wp","href":"https:\/\/api.w.org\/{rel}","templated":true}]}}