{"id":30905,"date":"2024-07-30T13:42:07","date_gmt":"2024-07-30T10:42:07","guid":{"rendered":"http:\/\/mersinekonomipolitikagazetesi.com\/?p=30905"},"modified":"2024-07-30T13:42:07","modified_gmt":"2024-07-30T10:42:07","slug":"cukurova-uluslararasi-havalimani-10-agustosta-aciliyor","status":"publish","type":"post","link":"https:\/\/mersinekonomipolitikagazetesi.com\/?p=30905","title":{"rendered":"\u00c7UKUROVA ULUSLARARASI HAVAL\u0130MANI 10 A\u011eUSTOS\u2019TA A\u00c7ILIYOR"},"content":{"rendered":"<p class=\"v1MsoNormal\"><b>ULA\u015eTIRMA VE ALTYAPI BAKANI URALO\u011eLU:<\/b><\/p>\n<p class=\"v1MsoNormal\"><b>\u00a0<\/b><\/p>\n<p class=\"v1MsoNormal\"><b>-&#8220;\u00c7UKUROVA ULUSLARARASI HAVAL\u0130MANI&#8217;NIN A\u00c7ILI\u015eINI 10 A\u011eUSTOS&#8217;TA SAYIN CUMHURBA\u015eKANIMIZIN TE\u015eR\u0130FLER\u0130YLE GER\u00c7EKLE\u015eT\u0130RECE\u011e\u0130Z&#8221;<\/b><\/p>\n<p class=\"v1MsoNormal\"><b>\u00a0<\/b><\/p>\n<p class=\"v1MsoNormal\"><b>-&#8220;\u00c7UKUROVA HAVAL\u0130MANI T\u00dcRK\u0130YE&#8217;N\u0130N ORTADO\u011eU \u00dcLKELER\u0130NE A\u00c7ILAN KAPISI OLACAK&#8221;<\/b><\/p>\n<p class=\"v1MsoNormal\"><b>\u00a0<\/b><\/p>\n<p class=\"v1MsoNormal\"><b>-&#8220;HAVAL\u0130MANIMIZDAN 25 YIL \u0130\u00c7ER\u0130S\u0130NDE 297 M\u0130LYON 100 B\u0130N AVRO K\u0130RA BEDEL\u0130 ELDE EDECE\u011e\u0130Z&#8221;<\/b><\/p>\n<p class=\"v1MsoNormal\"><b>\u00a0<\/b><\/p>\n<p class=\"v1MsoNormal\"><b>&#8220;\u00dcLKEM\u0130Z\u0130N HAVACILIK ALANINDA ULUSLARARASI B\u0130R AKTARMA MERKEZ\u0130 OLMASI ADINA T\u00dcM PROJE VE H\u0130ZMETLERE DESTEK VERMEYE DEVAM EDECE\u011e\u0130Z&#8221;<\/b><\/p>\n<p class=\"v1MsoNormal\"><b>\u00a0<\/b><\/p>\n<p class=\"v1MsoNormal\"><b>Ula\u015ft\u0131rma ve Altyap\u0131 Bakan\u0131 Abdulkadir Uralo\u011flu, \u00c7ukurova Uluslararas\u0131 Havaliman\u0131&#8217;nda incelemelerde bulunmas\u0131n\u0131n ard\u0131ndan yapt\u0131\u011f\u0131 a\u00e7\u0131klamada, &#8220;Y\u0131ll\u0131k 9 milyon yolcu kapasitesiyle en geni\u015f g\u00f6vdeli u\u00e7aklar\u0131n da inebilece\u011fi \u00c7ukurova Uluslararas\u0131 Havaliman\u0131m\u0131z\u0131n resmi a\u00e7\u0131l\u0131\u015f\u0131n\u0131 10 A\u011fustos Cumartesi g\u00fcn\u00fc Say\u0131n Cumhurba\u015fkan\u0131m\u0131z\u0131n te\u015frifleriyle ger\u00e7ekle\u015ftirmeyi planl\u0131yoruz.&#8221; dedi. \u00c7ukurova Uluslararas\u0131 Havaliman\u0131&#8217;n\u0131n b\u00f6lgesel olmas\u0131 niteli\u011fiyle havac\u0131l\u0131k alan\u0131ndaki en \u00f6nemli altyap\u0131 yat\u0131r\u0131mlar\u0131ndan biri oldu\u011funun alt\u0131n\u0131 \u00e7izen Bakan Uralo\u011flu, &#8220;A\u00e7\u0131l\u0131\u015f\u0131na kalan son 12 g\u00fcnde de son dokunu\u015flar\u0131 ger\u00e7ekle\u015ftirece\u011fiz. \u015eunun alt\u0131n\u0131 \u00e7izmek istiyorum ki \u00c7ukurova Havaliman\u0131 T\u00fcrkiye&#8217;nin Ortado\u011fu \u00fclkelerine a\u00e7\u0131lan kap\u0131s\u0131 olacakt\u0131r.&#8221; diye konu\u015ftu.<\/b><\/p>\n<p class=\"v1MsoNormal\">\n<p class=\"v1MsoNormal\">Ula\u015ft\u0131rma ve Altyap\u0131 Bakan\u0131 Abdulkadir Uralo\u011flu, \u00c7ukurova Uluslararas\u0131 Havaliman\u0131&#8217;nda incelemelerde bulundu. Burada yapt\u0131\u011f\u0131 a\u00e7\u0131klamalarda, 800 hektar \u00fczerine in\u015fa edilen havaliman\u0131na y\u0131ll\u0131k 9 milyon yolcu kapasitesiyle en geni\u015f g\u00f6vdeli u\u00e7aklar\u0131n dahi ini\u015f yapabilece\u011fini bildirerek, &#8220;\u00c7ukurova Uluslararas\u0131 Havaliman\u0131m\u0131z\u0131n resmi a\u00e7\u0131l\u0131\u015f\u0131n\u0131 10 A\u011fustos Cumartesi g\u00fcn\u00fc Say\u0131n Cumhurba\u015fkan\u0131m\u0131z\u0131n te\u015frifleriyle ger\u00e7ekle\u015ftirmeyi planl\u0131yoruz.&#8221; dedi.<\/p>\n<p class=\"v1MsoNormal\">\n<p class=\"v1MsoNormal\">Bakan Uralo\u011flu, T\u00fcrkiye&#8217;nin co\u011frafi bak\u0131mdan \u00fc\u00e7 k\u0131tan\u0131n ortas\u0131ndaki kilit konumuyla, geli\u015fmi\u015f pazarlarla, geli\u015fmekte olan pazarlar aras\u0131ndaki u\u00e7u\u015f rotalar\u0131 \u00fczerinde yer ald\u0131\u011f\u0131n\u0131 an\u0131msatarak, &#8220;T\u00fcrkiye olarak 4 saatlik u\u00e7u\u015f s\u00fcresiyle 1,4 milyar insan\u0131n ya\u015fad\u0131\u011f\u0131 67 \u00fclkenin merkezinde avantajl\u0131 ve muhte\u015fem bir lokasyona sahibiz. 2002 y\u0131l\u0131ndan sonra havac\u0131l\u0131\u011f\u0131m\u0131z\u0131 \u00f6zel sekt\u00f6r i\u015fletmelerine a\u00e7arak rekabet ortam\u0131 olu\u015fturduk. \u0130stanbul Havaliman\u0131 ba\u015fta olmak \u00fczere yeni havalimanlar\u0131 in\u015fa ettik. B\u00f6ylece i\u00e7 hatlardaki aktif havaliman\u0131 say\u0131m\u0131z\u0131n 26&#8217;dan 57&#8217;ye y\u00fckselttik. 2053 hedeflerimiz kapsam\u0131nda mevcutta 57 olan aktif havaliman\u0131 say\u0131m\u0131z\u0131 da 61&#8217;e \u00e7\u0131karaca\u011f\u0131z. Hava ula\u015ft\u0131rma anla\u015fmam\u0131z bulunan \u00fclke say\u0131s\u0131 ise 81&#8217;den 174&#8217;e \u00e7\u0131km\u0131\u015f, 2002 y\u0131l\u0131nda 50 \u00fclkede 60 noktaya u\u00e7u\u015f ger\u00e7ekle\u015ftiriliyorken, bug\u00fcn 131 \u00fclkede 346 noktaya ula\u015ft\u0131k.&#8221; ifadelerini kulland\u0131.<\/p>\n<p class=\"v1MsoNormal\">\n<p class=\"v1MsoNormal\"><b>\u0130stanbul Havaliman\u0131 Avrupa&#8217;n\u0131n Zirvesinde<\/b><\/p>\n<p class=\"v1MsoNormal\">\n<p class=\"v1MsoNormal\">2023 y\u0131l\u0131nda 57 havaliman\u0131m\u0131zda 214 milyon insan\u0131n yolculuk yapt\u0131\u011f\u0131n\u0131 vurgulayan Uralo\u011flu, Avrupa Hava Seyr\u00fcsefer Emniyeti Te\u015fkilat\u0131&#8217;n\u0131n (Eurocontrol) Avrupa Havac\u0131l\u0131k Genel Bak\u0131\u015f Raporu&#8217;nu de\u011ferlendirerek, &#8220;15-21 Temmuz tarihleri aras\u0131nda \u00fclkemiz g\u00fcnl\u00fck ortalama 3 bin 959 u\u00e7u\u015f ile Avrupa&#8217;da en yo\u011fun trafik hacmine sahip \u00fclkeler aras\u0131nda \u0130talya&#8217;n\u0131n ard\u0131ndan 6. s\u0131rada yer ald\u0131. \u0130stanbul Havaliman\u0131m\u0131z ise g\u00fcnl\u00fck ortalama bin 485 u\u00e7u\u015f ile Avrupa&#8217;n\u0131n en yo\u011fun havaliman\u0131 olarak y\u0131llard\u0131r sahip oldu\u011fu birincili\u011fi s\u00fcrd\u00fcrd\u00fc. Antalya Havaliman\u0131&#8217;m\u0131z ise g\u00fcnl\u00fck ortalama bin 36 u\u00e7u\u015f ile ayn\u0131 listede 8. s\u0131rada yer ald\u0131.&#8221; \u015feklinde konu\u015ftu. Uralo\u011flu, 27 Temmuz tarihinde Antalya Havaliman\u0131&#8217;nda i\u00e7 ve d\u0131\u015f hatlarda toplam 217 bin 141 yolcu ve bin 186 u\u00e7a\u011fa hizmet vererek, 2024 y\u0131l\u0131n\u0131n rekorunun k\u0131r\u0131ld\u0131\u011f\u0131n\u0131 da hat\u0131rlatarak, d\u00fcnyan\u0131n en iyi 25 k\u00fcresel havaliman\u0131 u\u00e7ak kalk\u0131\u015flar\u0131 de\u011ferlendirmesinde ise \u0130stanbul Havaliman\u0131&#8217;n\u0131n d\u00fcnya genelinde 7. s\u0131rada yer ald\u0131\u011f\u0131n\u0131 vurgulad\u0131.<\/p>\n<p class=\"v1MsoNormal\">\n<p class=\"v1MsoNormal\"><b>&#8220;\u00c7ukurova Uluslararas\u0131 Havaliman\u0131 Havac\u0131l\u0131k Alan\u0131ndaki En \u00d6nemli Altyap\u0131 Yat\u0131r\u0131mlar\u0131ndan&#8221;<\/b><\/p>\n<p class=\"v1MsoNormal\">\n<p class=\"v1MsoNormal\">\u00c7ukurova Uluslararas\u0131 Havaliman\u0131&#8217;n\u0131n b\u00f6lgesel olmas\u0131 niteli\u011fiyle havac\u0131l\u0131k alan\u0131ndaki en \u00f6nemli altyap\u0131 yat\u0131r\u0131mlar\u0131ndan biri oldu\u011funu belirten Uralo\u011flu, b\u00f6lgesel havalimanlar\u0131n\u0131n \u00fclke hizmet ihracat\u0131na ve in\u015fa edildikleri b\u00f6lgenin hizmet sekt\u00f6r\u00fcne ciddi oranda katk\u0131 sa\u011flad\u0131\u011f\u0131n\u0131n alt\u0131n\u0131 \u00e7izerek, &#8220;Ayn\u0131 anda 2 ya da 3 \u015fehre hizmet edecek \u015fekilde hayata ge\u00e7irilmi\u015f olmalar\u0131 da \u00fclke kaynaklar\u0131n\u0131n verimli kullan\u0131lmas\u0131 a\u00e7\u0131s\u0131ndan \u00e7ok faydal\u0131d\u0131r. Bug\u00fcne kadar \u00fclkemizde Ordu-Giresun ve Rize-Artvin Havalimanlar\u0131 bu yakla\u015f\u0131m\u0131n g\u00fczel \u00f6rnekleridir. Yine b\u00f6lgesel bir havaliman\u0131 olan Bayburt-G\u00fcm\u00fc\u015fhane Havaliman\u0131 ve Yozgat Havaliman\u0131 projelerimizin \u00e7al\u0131\u015fmalar\u0131na da h\u0131zla devam ediyoruz.&#8221; dedi.<\/p>\n<p class=\"v1MsoNormal\">\n<p class=\"v1MsoNormal\">Uralo\u011flu, Kayseri&#8217;ye yeni terminal kazand\u0131rd\u0131klar\u0131n\u0131 hat\u0131rlatarak, Malatya&#8217;ya yeni bir terminal binas\u0131 yap\u0131ld\u0131\u011f\u0131n\u0131 ve Trabzon Yeni Havaliman\u0131 ile ilgili \u00e7al\u0131\u015fmalar\u0131n da devam etti\u011fini belirtti. Uralo\u011flu, &#8220;Mersin ve Adana&#8217;ya hizmet edecek \u00c7ukurova Uluslararas\u0131 Havaliman\u0131 da bu y\u00fcksek vizyonun en g\u00fczel \u00fcr\u00fcnlerinden biri olmu\u015ftur.&#8221; ifadelerini kulland\u0131.<\/p>\n<p class=\"v1MsoNormal\">\n<p class=\"v1MsoNormal\"><b>&#8220;Altyap\u0131 \u0130n\u015faat\u0131n\u0131 \u00d6z Kaynaklar\u0131m\u0131zla H\u0131zl\u0131ca Bitirdik&#8221;<\/b><\/p>\n<p class=\"v1MsoNormal\">\n<p class=\"v1MsoNormal\">\u00c7ukurova&#8217;n\u0131n tarih, k\u00fclt\u00fcr ve medeniyetin en eski merkezlerinden birisi oldu\u011funu s\u00f6yleyen Uralo\u011flu, &#8220;B\u00f6ylesine muhte\u015fem imkana ve bereketli topraklara sahip olan bu b\u00f6lgenin daha da d\u00fcnyaya a\u00e7\u0131lmas\u0131, de\u011ferine de\u011fer katmas\u0131 i\u00e7in ula\u015f\u0131m ve ileti\u015fim yollar\u0131n\u0131n geli\u015ftirilmesi gerekiyor. Bu noktada hem Adanal\u0131lar\u0131n hem de Mersinlilerin bir an evvel a\u00e7\u0131lmas\u0131n\u0131 bekledi\u011fi \u00c7ukurova Uluslararas\u0131 Havaliman\u0131&#8217;n\u0131n a\u00e7\u0131l\u0131\u015f\u0131 i\u00e7in b\u00f6lge insan\u0131m\u0131z\u0131 daha fazla bekletmemek ad\u0131na altyap\u0131 in\u015faat\u0131n\u0131 \u00f6z kaynaklar\u0131m\u0131zla h\u0131zl\u0131ca bitirdik.&#8221; diye konu\u015ftu.<\/p>\n<p class=\"v1MsoNormal\">\n<p class=\"v1MsoNormal\"><b>&#8220;A\u00e7\u0131l\u0131\u015fa Kalan Son 12 G\u00fcnde de Son Dokunu\u015flar\u0131 Ger\u00e7ekle\u015ftirece\u011fiz&#8221;<\/b><\/p>\n<p class=\"v1MsoNormal\">\n<p class=\"v1MsoNormal\">Uralo\u011flu, CAT-II standard\u0131nda 3 bin 500 metre uzunlu\u011funda ve 60 metre g\u00f6vde geni\u015fli\u011fi ile ana pistin in\u015fa edildi\u011fini belirterek, pistin bu durumuyla en geni\u015f g\u00f6vdeli yolcu u\u00e7aklar\u0131n\u0131n dahi ini\u015f ve kalk\u0131\u015f\u0131na imk\u00e2n sa\u011flayaca\u011f\u0131n\u0131 vurgulad\u0131. Uralo\u011flu, &#8220;Yine altyap\u0131 projesi kapsam\u0131nda; 3 bin 500 metre uzunlu\u011funda ve 45 metre g\u00f6vde geni\u015fli\u011fi ile acil durumlar i\u00e7in de uygun olan yard\u0131mc\u0131 pisti, 2 adet y\u00fcksek s\u00fcrat taksiyolu, terminal apronu, kargo apronu, \u00f6zel u\u00e7aklar b\u00f6lgesi apronu, 2 adet yer hizmetleri ara\u00e7 park yeri, n\u00f6bet\u00e7i kul\u00fcbeleri ve \u00e7evre g\u00fcvenlik yolu gibi imalatlar\u0131 da tamamlad\u0131k. 3 etap olacak \u015fekilde planlanan \u00fcstyap\u0131 tesislerimizin yap\u0131m \u00e7al\u0131\u015fmalar\u0131n\u0131 da art\u0131k bitirdik. A\u00e7\u0131l\u0131\u015f\u0131na kalan son 12 g\u00fcnde de son dokunu\u015flar\u0131 ger\u00e7ekle\u015ftirece\u011fiz.&#8221; ifadelerini kulland\u0131.<\/p>\n<p class=\"v1MsoNormal\">\n<p class=\"v1MsoNormal\"><b>&#8220;25 Y\u0131l \u0130\u00e7erisinde 297 Milyon 100 Bin Avro Kira Bedeli Elde Edece\u011fiz&#8221;<\/b><\/p>\n<p class=\"v1MsoNormal\">\n<p class=\"v1MsoNormal\">Uralo\u011flu, birinci ve ikinci etaplar\u0131n toplam kapal\u0131 alan\u0131 179 bin180 metrekare, \u00fc\u00e7\u00fcnc\u00fc etab\u0131n ise 35 bin metrekare oldu\u011fu bilgisini vererek, &#8220;Toplam kapal\u0131 alan 214 bin 180 metrekare. T\u00fcm etaplar\u0131n toplam sabit yat\u0131r\u0131m bedeli yakla\u015f\u0131k 244 milyon 515 bin Avro&#8217;dur. 244,5 milyon Avro yat\u0131r\u0131mla hayata ge\u00e7en havaliman\u0131m\u0131zdan 25 y\u0131l i\u00e7erisinde de 297 milyon 100 bin Avro kira bedeli elde edece\u011fiz.&#8221; diye konu\u015ftu.<\/p>\n<p class=\"v1MsoNormal\">\n<p class=\"v1MsoNormal\">Yo\u011funluklu olarak temizlik ve peyzaj \u00e7al\u0131\u015fmalar\u0131n\u0131n devam etti\u011fini s\u00f6yleyen Bakan Uralo\u011flu, havaliman\u0131n\u0131n karayolu ba\u011flant\u0131s\u0131n\u0131 sa\u011flayan yol \u00e7al\u0131\u015fmalar\u0131n\u0131n da bitti\u011fini bildirerek, &#8220;Yolumuzu 15,9 km uzunlu\u011funda, bit\u00fcml\u00fc s\u0131cak kar\u0131\u015f\u0131m kaplamal\u0131 b\u00f6l\u00fcnm\u00fc\u015f yol standard\u0131nda tamamlad\u0131k. Bu projemiz kapsam\u0131nda toplam 258 metre uzunlu\u011funda 6 adet tek k\u00f6pr\u00fc, 90 metre uzunlu\u011funda 2 adet \u00e7ift k\u00f6pr\u00fc ve 127 metre uzunlu\u011funda farkl\u0131 seviyeli kav\u015fak in\u015fa ettik.&#8221; dedi.<\/p>\n<p class=\"v1MsoNormal\">\n<p class=\"v1MsoNormal\"><b>&#8220;\u00c7ukurova Havaliman\u0131 T\u00fcrkiye&#8217;nin Ortado\u011fu \u00dclkelerine A\u00e7\u0131lan Kap\u0131s\u0131 Olacakt\u0131r&#8221;<\/b><\/p>\n<p class=\"v1MsoNormal\">\n<p class=\"v1MsoNormal\">\u00c7ukurova Havaliman\u0131&#8217;n\u0131n T\u00fcrkiye&#8217;nin Ortado\u011fu \u00fclkelerine a\u00e7\u0131lan kap\u0131s\u0131 olaca\u011f\u0131n\u0131 belirten Uralo\u011flu, b\u00f6lgedeki i\u015fletmelerin havayoluyla daha h\u0131zl\u0131 ve etkin bir \u015fekilde mal ta\u015f\u0131mas\u0131n\u0131, yerel i\u015fletmelerin k\u00fcresel tedarik zincirlerine entegrasyonunu kolayla\u015ft\u0131raca\u011f\u0131n\u0131n alt\u0131n\u0131 \u00e7izdi. Uralo\u011flu, &#8220;Bu da b\u00f6lgedeki i\u015fletmelerin daha geni\u015f pazarlara a\u00e7\u0131lmas\u0131n\u0131 ve ihracat potansiyellerini art\u0131rmas\u0131n\u0131 sa\u011flayacak uluslararas\u0131 arenada rekabet g\u00fcc\u00fcn\u00fc artt\u0131racakt\u0131r. Havayoluyla ta\u015f\u0131mac\u0131l\u0131k, \u00f6zellikle acil ve kritik malzemelerin zaman\u0131nda teslimat\u0131n\u0131 sa\u011flayarak tedarik zincirlerinin kesintisiz i\u015flemesine yard\u0131mc\u0131 olmaktad\u0131r. \u00d6zellikle tar\u0131m faaliyetlerinin geli\u015fmi\u015fli\u011fiyle bilinen \u00c7ukurova B\u00f6lgemizin art\u0131k \u00fcretti\u011fi tar\u0131m \u00fcr\u00fcnleri gibi h\u0131zl\u0131 bozulan ve zaman\u0131nda teslimat gerektiren mallar\u0131n ta\u015f\u0131nmas\u0131nda hava yoluyla lojistik avantajlar sa\u011flayacakt\u0131r.&#8221; \u015feklinde konu\u015ftu.<\/p>\n<p class=\"v1MsoNormal\">\n<p class=\"v1MsoNormal\">\u00c7ukurova Havaliman\u0131&#8217;n\u0131n hizmete a\u00e7\u0131ld\u0131\u011f\u0131nda b\u00f6lge ve \u00fclke genelinde do\u011frudan ve dolayl\u0131 olarak yakla\u015f\u0131k 3 bin ki\u015finin istihdam\u0131na katk\u0131s\u0131 olaca\u011f\u0131n\u0131 belirten Bakan Uralo\u011flu s\u00f6zlerine \u015fu \u015fekilde devam etti:<\/p>\n<p class=\"v1MsoNormal\">\n<p class=\"v1MsoNormal\">&#8220;Mersin ve Adana ba\u015fta olmak \u00fczere \u00e7evre illere ekonomik, ticari ve turizm a\u00e7\u0131s\u0131ndan b\u00fcy\u00fck katk\u0131 sa\u011flayacakt\u0131r. Bu g\u00fcnlere ve ba\u015far\u0131lara ula\u015fmak i\u00e7in var g\u00fcc\u00fcm\u00fczle \u00e7al\u0131\u015ft\u0131k. Vizyon projelerimizi bir bir hayata ge\u00e7irdik. \u00dclkemizin geli\u015fmesi ve havac\u0131l\u0131k alan\u0131nda uluslararas\u0131 bir aktarma merkezi olmas\u0131 ad\u0131na ak\u0131lc\u0131 ve milletimizin ihtiya\u00e7lar\u0131na cevap veren t\u00fcm proje ve hizmetlere destek vermeye de devam edece\u011fiz. Bu d\u00fc\u015f\u00fcnceler ile s\u00f6zlerime son veriyor, \u00c7ukurova Uluslararas\u0131 Havaliman\u0131 \u00fcstyap\u0131 tesisleri yap\u0131m \u00e7al\u0131\u015fmalar\u0131n\u0131 bu a\u015famaya getiren t\u00fcm y\u00fcklenici ve DHM\u0130 \u00e7al\u0131\u015fanlar\u0131na te\u015fekk\u00fcr ediyor, ba\u015far\u0131lar\u0131n\u0131n devam\u0131n\u0131 temenni ediyorum.&#8221;<\/p>\n","protected":false},"excerpt":{"rendered":"<p>ULA\u015eTIRMA VE ALTYAPI BAKANI URALO\u011eLU: \u00a0 -&#8220;\u00c7UKUROVA ULUSLARARASI HAVAL\u0130MANI&#8217;NIN A\u00c7ILI\u015eINI 10 A\u011eUSTOS&#8217;TA SAYIN CUMHURBA\u015eKANIMIZIN TE\u015eR\u0130FLER\u0130YLE GER\u00c7EKLE\u015eT\u0130RECE\u011e\u0130Z&#8221; \u00a0 -&#8220;\u00c7UKUROVA HAVAL\u0130MANI T\u00dcRK\u0130YE&#8217;N\u0130N ORTADO\u011eU \u00dcLKELER\u0130NE A\u00c7ILAN KAPISI OLACAK&#8221; \u00a0 -&#8220;HAVAL\u0130MANIMIZDAN 25 YIL \u0130\u00c7ER\u0130S\u0130NDE &hellip; <a href=\"https:\/\/mersinekonomipolitikagazetesi.com\/?p=30905\" class=\"more-link\">Devam\u0131n\u0131 Oku&#8230;<\/a><\/p>\n","protected":false},"author":2,"featured_media":30906,"comment_status":"open","ping_status":"open","sticky":false,"template":"","format":"standard","meta":[],"categories":[1,2,3],"tags":[],"_links":{"self":[{"href":"https:\/\/mersinekonomipolitikagazetesi.com\/index.php?rest_route=\/wp\/v2\/posts\/30905"}],"collection":[{"href":"https:\/\/mersinekonomipolitikagazetesi.com\/index.php?rest_route=\/wp\/v2\/posts"}],"about":[{"href":"https:\/\/mersinekonomipolitikagazetesi.com\/index.php?rest_route=\/wp\/v2\/types\/post"}],"author":[{"embeddable":true,"href":"https:\/\/mersinekonomipolitikagazetesi.com\/index.php?rest_route=\/wp\/v2\/users\/2"}],"replies":[{"embeddable":true,"href":"https:\/\/mersinekonomipolitikagazetesi.com\/index.php?rest_route=%2Fwp%2Fv2%2Fcomments&post=30905"}],"version-history":[{"count":1,"href":"https:\/\/mersinekonomipolitikagazetesi.com\/index.php?rest_route=\/wp\/v2\/posts\/30905\/revisions"}],"predecessor-version":[{"id":30907,"href":"https:\/\/mersinekonomipolitikagazetesi.com\/index.php?rest_route=\/wp\/v2\/posts\/30905\/revisions\/30907"}],"wp:featuredmedia":[{"embeddable":true,"href":"https:\/\/mersinekonomipolitikagazetesi.com\/index.php?rest_route=\/wp\/v2\/media\/30906"}],"wp:attachment":[{"href":"https:\/\/mersinekonomipolitikagazetesi.com\/index.php?rest_route=%2Fwp%2Fv2%2Fmedia&parent=30905"}],"wp:term":[{"taxonomy":"category","embeddable":true,"href":"https:\/\/mersinekonomipolitikagazetesi.com\/index.php?rest_route=%2Fwp%2Fv2%2Fcategories&post=30905"},{"taxonomy":"post_tag","embeddable":true,"href":"https:\/\/mersinekonomipolitikagazetesi.com\/index.php?rest_route=%2Fwp%2Fv2%2Ftags&post=30905"}],"curies":[{"name":"wp","href":"https:\/\/api.w.org\/{rel}","templated":true}]}}