{"id":30931,"date":"2024-07-31T13:41:27","date_gmt":"2024-07-31T10:41:27","guid":{"rendered":"http:\/\/mersinekonomipolitikagazetesi.com\/?p=30931"},"modified":"2024-07-31T13:41:27","modified_gmt":"2024-07-31T10:41:27","slug":"baskan-boltac-muhtarlarla-bir-araya-geldi","status":"publish","type":"post","link":"https:\/\/mersinekonomipolitikagazetesi.com\/?p=30931","title":{"rendered":"BA\u015eKAN BOLTA\u00c7 MUHTARLARLA B\u0130R ARAYA GELD\u0130"},"content":{"rendered":"<p>Tarsus Belediye Ba\u015fkan\u0131 Ali Bolta\u00e7, T\u00fcrkiye Muhtarlar Derne\u011fi Tarsus \u015eube Ba\u015fkan\u0131 Turgay Benli ve y\u00f6netim kurulu \u00fcyeleri ile bir araya geldi. \u00a0Ba\u015fkan Bolta\u00e7, \u201cBizim vatanda\u015flar\u0131m\u0131zla olan en b\u00fcy\u00fck diyalog kanal\u0131m\u0131z sizlersiniz. \u0130n\u015fallah kalan g\u00fcnlerde en g\u00fczel i\u015fleri yapaca\u011f\u0131z. Emin ellerdesiniz merak etmeyin.\u201d dedi.<\/p>\n<p>&nbsp;<\/p>\n<p>Ba\u015fkan Bolta\u00e7, T\u00fcrkiye Muhtarlar Derne\u011fi Tarsus \u015eubesi y\u00f6netim kurulu \u00fcyeleri ile Belediye Meclis Salonu\u2019nda bulu\u015ftu. Toplant\u0131da muhtarlar\u0131n talep ve \u00f6nerilerini dinleyen Ba\u015fkan Bolta\u00e7, muhtarlarla i\u015f birli\u011fi i\u00e7inde \u00e7al\u0131\u015facaklar\u0131n\u0131 vurgulad\u0131. Her muhtar\u0131n kendi mahallesindeki ihtiya\u00e7lar\u0131 en iyi bilen ve \u00e7\u00f6z\u00fcmler \u00fcreten birer payda\u015f oldu\u011funu ifade etti. Konu\u015fmalar\u0131n ard\u0131ndan Bakan Bolta\u00e7\u2019a plaket takdimi yap\u0131ld\u0131.<\/p>\n<p>&nbsp;<\/p>\n<p><strong>\u201cEN G\u00dcZEL \u0130\u015eLER\u0130 B\u0130RL\u0130KTE YAPACA\u011eIZ\u201d<\/strong><\/p>\n<p>Hep birlikte koordineli bir \u015fekilde hareket edilmesi gerekti\u011fini vurgulayan Ba\u015fkan Bolta\u00e7 \u201cSizler bir g\u00f6rev i\u00e7in yola \u00e7\u0131kt\u0131n\u0131z. Bu g\u00f6rev parayla yap\u0131lacak bir g\u00f6rev de\u011fil. Sizlerin vermi\u015f oldu\u011fu hizmetler mahallenize duydu\u011funuz sevgiden \u00f6t\u00fcr\u00fc. Bizde bunun fark\u0131nday\u0131z. \u00a0Bizim vatanda\u015flar\u0131m\u0131zla olan en b\u00fcy\u00fck diyalog kanal\u0131m\u0131z sizlersiniz. \u0130n\u015fallah kalan g\u00fcnlerde en g\u00fczel i\u015fleri birlikte yapaca\u011f\u0131z. Emin ellerdesiniz merak etmeyin.\u201d diye ifade etti.<\/p>\n<p>&nbsp;<\/p>\n","protected":false},"excerpt":{"rendered":"<p>Tarsus Belediye Ba\u015fkan\u0131 Ali Bolta\u00e7, T\u00fcrkiye Muhtarlar Derne\u011fi Tarsus \u015eube Ba\u015fkan\u0131 Turgay Benli ve y\u00f6netim kurulu \u00fcyeleri ile bir araya geldi. \u00a0Ba\u015fkan Bolta\u00e7, \u201cBizim vatanda\u015flar\u0131m\u0131zla olan en b\u00fcy\u00fck diyalog kanal\u0131m\u0131z &hellip; <a href=\"https:\/\/mersinekonomipolitikagazetesi.com\/?p=30931\" class=\"more-link\">Devam\u0131n\u0131 Oku&#8230;<\/a><\/p>\n","protected":false},"author":2,"featured_media":30933,"comment_status":"open","ping_status":"open","sticky":false,"template":"","format":"standard","meta":[],"categories":[1,2,3],"tags":[],"_links":{"self":[{"href":"https:\/\/mersinekonomipolitikagazetesi.com\/index.php?rest_route=\/wp\/v2\/posts\/30931"}],"collection":[{"href":"https:\/\/mersinekonomipolitikagazetesi.com\/index.php?rest_route=\/wp\/v2\/posts"}],"about":[{"href":"https:\/\/mersinekonomipolitikagazetesi.com\/index.php?rest_route=\/wp\/v2\/types\/post"}],"author":[{"embeddable":true,"href":"https:\/\/mersinekonomipolitikagazetesi.com\/index.php?rest_route=\/wp\/v2\/users\/2"}],"replies":[{"embeddable":true,"href":"https:\/\/mersinekonomipolitikagazetesi.com\/index.php?rest_route=%2Fwp%2Fv2%2Fcomments&post=30931"}],"version-history":[{"count":1,"href":"https:\/\/mersinekonomipolitikagazetesi.com\/index.php?rest_route=\/wp\/v2\/posts\/30931\/revisions"}],"predecessor-version":[{"id":30934,"href":"https:\/\/mersinekonomipolitikagazetesi.com\/index.php?rest_route=\/wp\/v2\/posts\/30931\/revisions\/30934"}],"wp:featuredmedia":[{"embeddable":true,"href":"https:\/\/mersinekonomipolitikagazetesi.com\/index.php?rest_route=\/wp\/v2\/media\/30933"}],"wp:attachment":[{"href":"https:\/\/mersinekonomipolitikagazetesi.com\/index.php?rest_route=%2Fwp%2Fv2%2Fmedia&parent=30931"}],"wp:term":[{"taxonomy":"category","embeddable":true,"href":"https:\/\/mersinekonomipolitikagazetesi.com\/index.php?rest_route=%2Fwp%2Fv2%2Fcategories&post=30931"},{"taxonomy":"post_tag","embeddable":true,"href":"https:\/\/mersinekonomipolitikagazetesi.com\/index.php?rest_route=%2Fwp%2Fv2%2Ftags&post=30931"}],"curies":[{"name":"wp","href":"https:\/\/api.w.org\/{rel}","templated":true}]}}