{"id":30935,"date":"2024-07-31T13:43:16","date_gmt":"2024-07-31T10:43:16","guid":{"rendered":"http:\/\/mersinekonomipolitikagazetesi.com\/?p=30935"},"modified":"2024-07-31T13:43:16","modified_gmt":"2024-07-31T10:43:16","slug":"ruzgar-ve-zeytin-buyuksehir-veterinerlerinin-sevgisiyle-hayata-tutundu","status":"publish","type":"post","link":"https:\/\/mersinekonomipolitikagazetesi.com\/?p=30935","title":{"rendered":"R\u00dcZGAR VE ZEYT\u0130N, B\u00dcY\u00dcK\u015eEH\u0130R VETER\u0130NERLER\u0130N\u0130N SEVG\u0130S\u0130YLE HAYATA TUTUNDU"},"content":{"rendered":"<p class=\"v1MsoNoSpacing\">B\u00fcnyesinde y\u00fczlerce sahipsiz hayvan\u0131n misafir oldu\u011fu, her y\u0131l binlerce patili dostun tedavi edilip k\u0131s\u0131rla\u015ft\u0131r\u0131ld\u0131\u011f\u0131 Ka\u015fl\u0131 Ge\u00e7ici Hayvan Bak\u0131mevi her g\u00fcn yeni bir mucizeye ev sahipli\u011fi yap\u0131yor. O mucizelerden biri R\u00fczgar di\u011feri de Zeytin. Aya\u011f\u0131nda k\u0131r\u0131k ve gen\u00e7lik hastal\u0131\u011f\u0131na yakalanm\u0131\u015f bir \u015fekilde Bak\u0131mevi&#8217;ne getirilen R\u00fczgar da, ayn\u0131 kaderi payla\u015fan Zeytin de B\u00fcy\u00fck\u015fehir Belediyesi veterinerlerinin do\u011fru, sevgi ve \u015fefkat dolu tedavisiyle sa\u011fl\u0131\u011f\u0131na kavu\u015ftu.<\/p>\n<p class=\"v1MsoNoSpacing\">Mersin B\u00fcy\u00fck\u015fehir Belediyesi Tar\u0131msal Hizmetler Dairesi Ba\u015fkanl\u0131\u011f\u0131 b\u00fcnyesinde y\u00fczlerce sahipsiz hayvan\u0131n misafir oldu\u011fu, her y\u0131l binlerce patili dostun tedavi edilip k\u0131s\u0131rla\u015ft\u0131r\u0131ld\u0131\u011f\u0131 Ka\u015fl\u0131 Ge\u00e7ici Hayvan Bak\u0131mevi her g\u00fcn yeni bir mucizeye ev sahipli\u011fi yap\u0131yor. O mucizelerden biri yakla\u015f\u0131k 6 ay \u00f6nce Bak\u0131mevi&#8217;ne aya\u011f\u0131 k\u0131r\u0131k ve gen\u00e7lik hastal\u0131\u011f\u0131 kapm\u0131\u015f bir \u015fekilde getirilen R\u00fczgar, di\u011feri ise yine gen\u00e7lik hastal\u0131\u011f\u0131na yakalanm\u0131\u015f bir \u015fekilde gelen Zeytin oldu. \u0130kisi de Labrador melezi olan ve 1 ya\u015flar\u0131nda olan R\u00fczgar ve Zeytin&#8217;in isimlerini Bak\u0131mevi personeli koydu. Ka\u015fl\u0131 Bak\u0131mevi veterinerlerinin do\u011fru, \u015fefkatli ve sevgi dolu tedavisiyle iyile\u015fen Zeytin ve R\u00fczgar, sahiplenilmeyi bekliyor.<\/p>\n<p class=\"v1MsoNoSpacing\">\n<p class=\"v1MsoNoSpacing\"><b>\u0130kisi de viral hastal\u0131kla sava\u015f\u0131yordu<\/b><\/p>\n<p class=\"v1MsoNoSpacing\">Hayvanseverler taraf\u0131ndan Bak\u0131mevi&#8217;ne getirilen R\u00fczgar&#8217;\u0131n \u00f6nce k\u0131r\u0131k aya\u011f\u0131 al\u00e7\u0131ya al\u0131nd\u0131, ard\u0131ndan gen\u00e7lik hastal\u0131\u011f\u0131yla ilgili gerekli tedaviler yap\u0131ld\u0131. Ayakta durmakta ve mamas\u0131n\u0131 yemekte bile g\u00fc\u00e7l\u00fck \u00e7eken R\u00fczgar, Bak\u0131mevi personeli sayesinde yeniden ayakland\u0131. R\u00fczgar&#8217;la birlikte getirilen Zeytin de, R\u00fczgar&#8217;la ayn\u0131 kaderi payla\u015f\u0131yordu. Gen\u00e7lik hastas\u0131 olan ve aya\u011fa kalkma kabiliyetini bile kaybeden Zeytin, Bak\u0131mevi&#8217;nde g\u00f6rd\u00fc\u011f\u00fc tedaviyle sa\u011fl\u0131\u011f\u0131na kavu\u015ftu.<\/p>\n<p class=\"v1MsoNoSpacing\">\n<p class=\"v1MsoNoSpacing\">Yo\u011fun bir tedavi s\u00fcrecinin ard\u0131ndan sa\u011fl\u0131\u011f\u0131na kavu\u015fan, olduk\u00e7a hareketlenen ve oyunlar oynayan iki k\u00f6pek de Bak\u0131mevi&#8217;nde mutlu bir \u015fekilde hayat\u0131na devam ediyor. K\u0131s\u0131rla\u015ft\u0131r\u0131lan k\u00f6pekler sahiplendirilmek i\u00e7in bekliyor.<\/p>\n<p class=\"v1MsoNoSpacing\">\n<p class=\"v1MsoNoSpacing\"><b>Benli: &#8220;R\u00fczgar da Zeytin de sa\u011fl\u0131\u011f\u0131na kavu\u015ftu&#8221;<\/b><\/p>\n<p class=\"v1MsoNoSpacing\">Ka\u015fl\u0131 Ge\u00e7ici Bak\u0131mevi&#8217;nde g\u00f6rev yapan Sorumlu Veteriner Hekim \u00d6mer Benli, Bak\u0131mevi&#8217;ne gelen kedi ve k\u00f6peklerin bir k\u0131sm\u0131n\u0131n sokak hayvan\u0131 oldu\u011funu belirtirken, bir k\u0131sm\u0131n\u0131 da sahibinin terk etti\u011fini kaydetti. Bak\u0131mevi&#8217;ne gelen her kedi ve k\u00f6pe\u011fi detayl\u0131 sa\u011fl\u0131k kontrol\u00fcnden ge\u00e7irdiklerini belirten Benli,\u00a0<b>&#8220;Gelen patili dostumuz gebeyse ultrason cihaz\u0131yla kontrol ediliyor ve gebe b\u00f6l\u00fcm\u00fcne al\u0131n\u0131yor. K\u0131r\u0131k, \u00e7atlak durumlar\u0131na g\u00f6re r\u00f6ntgen cihaz\u0131yla, hastal\u0131k durumlar\u0131nda hemogram cihazlar\u0131yla, h\u0131zl\u0131 test kitleriyle kontrol ederek s\u00fcrece ba\u015fl\u0131yoruz&#8221;<\/b>\u00a0dedi.<\/p>\n<p class=\"v1MsoNoSpacing\">\n<p class=\"v1MsoNoSpacing\"><b>&#8220;\u00d6zel kliniklerde olan t\u00fcm imkanlara sahibiz&#8221;<\/b><\/p>\n<p class=\"v1MsoNoSpacing\">Yak\u0131n tarihte Bak\u0131mevi&#8217;ne hayvanseverler taraf\u0131ndan b\u0131rak\u0131lan Zeytin ve R\u00fczgar&#8217;\u0131n iyile\u015fme \u00f6yk\u00fcs\u00fcn\u00fc anlatan Benli,\u00a0<b>&#8220;R\u00fczgar&#8217;da gen\u00e7lik hastal\u0131\u011f\u0131 ve aya\u011f\u0131nda k\u0131r\u0131k vard\u0131. Zeytin&#8217;de sadece gen\u00e7lik hastal\u0131\u011f\u0131 vard\u0131. Tedavi s\u00fcrecine ba\u015flad\u0131k. Tedavileri h\u0131zl\u0131 bir \u015fekilde olumlu sonu\u00e7land\u0131.6 ayl\u0131k bir s\u00fcre\u00e7 sonucunda bu dostlar\u0131m\u0131z sa\u011fl\u0131\u011f\u0131na kavu\u015ftu ve ikisinin de k\u0131s\u0131rla\u015ft\u0131rmalar\u0131n\u0131 yapt\u0131k. Sahiplenmeye uygunlar&#8221;<\/b>\u00a0diye konu\u015ftu.<\/p>\n<p class=\"v1MsoNoSpacing\">\n<p class=\"v1MsoNoSpacing\"><b>&#8220;Viral hastal\u0131klarda iyile\u015ftirme oran\u0131m\u0131z \u00e7ok y\u00fcksek&#8221;<\/b><\/p>\n<p class=\"v1MsoNoSpacing\">Gen\u00e7lik hastal\u0131\u011f\u0131nda hastay\u0131 kaybetme oranlar\u0131n\u0131n y\u00fczde 70 ve 80&#8217;ler aras\u0131nda oldu\u011funu s\u00f6zlerine ekleyen Benli, Ka\u015fl\u0131 Bak\u0131mevi&#8217;nde kaybetme oran\u0131n\u0131n gittik\u00e7e d\u00fc\u015ft\u00fc\u011f\u00fcn\u00fc, bu oran\u0131n\u0131n y\u00fczde 50&#8217;lerde oldu\u011funu belirtti. Benli,\u00a0<b>&#8220;Burada y\u00fczde 50&#8217;lere varan ba\u015far\u0131 oranlar\u0131yla viral \u00f6l\u00fcmc\u00fcl hastal\u0131klar\u0131n tedavisini yap\u0131yoruz. Biz burada, vatanda\u015flar\u0131n \u00f6zel kliniklerde ald\u0131klar\u0131 t\u00fcm tedavi imkanlar\u0131na; te\u00e7hizat, ekipman ve ila\u00e7 olarak sahibiz. B\u00fct\u00fcn tedavilerini yap\u0131yoruz&#8221;<\/b>\u00a0diye belirtti.<\/p>\n<p class=\"v1MsoNoSpacing\">\n<p class=\"v1MsoNoSpacing\">Bak\u0131mevi&#8217;nde yap\u0131lan k\u0131s\u0131rla\u015ft\u0131rma rakamlar\u0131n\u0131 da payla\u015fan Benli,\u00a0<b>&#8220;2021 y\u0131l\u0131nda 4 bin 268, 2022&#8217;de 5 bin 900, 2023&#8217;te 6 bin adet patili dostumuzu k\u0131s\u0131rla\u015ft\u0131rd\u0131k. 2024&#8217;\u00fcn ilk 6 ay\u0131nda 3 bin 450 adet k\u0131s\u0131rla\u015ft\u0131rma yapt\u0131k. Bu say\u0131 giderek art\u0131yor. Yapt\u0131\u011f\u0131m\u0131z \u00e7al\u0131\u015fmalar\u0131n ba\u015far\u0131s\u0131 bu say\u0131lardan da g\u00f6r\u00fcl\u00fcyor&#8221;<\/b>\u00a0ifadelerine yer verdi.<\/p>\n<p class=\"v1MsoNoSpacing\">\n<p class=\"v1MsoNoSpacing\"><b>&#8220;Biz sadece sokak hayvanlar\u0131na hizmet ediyoruz&#8221;<\/b><\/p>\n<p class=\"v1MsoNoSpacing\">Benli son olarak, tedavi ve k\u0131s\u0131rla\u015ft\u0131rma \u00fccretlerini fazla bulan evcil hayvan sahiplerinin, kendi hayvanlar\u0131n\u0131 sokak hayvan\u0131 olarak g\u00f6stererek tedaviye getirdi\u011fine de de\u011finerek bu vatanda\u015flara \u00e7a\u011fr\u0131da bulundu. Benli,\u00a0<b>&#8220;Belediyenin bu imkanlar\u0131n\u0131 suiistimal etmek isteyen insanlar da var. Biz bunlar\u0131 zaten \u00f6n elemelerde eliyoruz. Acil olan durumlarda ilk m\u00fcdahalesini yap\u0131p daha sonra \u00f6zel kliniklere y\u00f6nlendiriyoruz. Sahipli olan k\u00f6pekleri, kedileri bize getirmesinler. Biz 5199 say\u0131l\u0131 yasayla \u00e7al\u0131\u015fan bir yap\u0131y\u0131z ve sadece sokak hayvanlar\u0131na hizmet ediyoruz&#8221;<\/b>\u00a0dedi.<\/p>\n<p class=\"v1MsoNoSpacing\">\n","protected":false},"excerpt":{"rendered":"<p>B\u00fcnyesinde y\u00fczlerce sahipsiz hayvan\u0131n misafir oldu\u011fu, her y\u0131l binlerce patili dostun tedavi edilip k\u0131s\u0131rla\u015ft\u0131r\u0131ld\u0131\u011f\u0131 Ka\u015fl\u0131 Ge\u00e7ici Hayvan Bak\u0131mevi her g\u00fcn yeni bir mucizeye ev sahipli\u011fi yap\u0131yor. O mucizelerden biri R\u00fczgar &hellip; <a href=\"https:\/\/mersinekonomipolitikagazetesi.com\/?p=30935\" class=\"more-link\">Devam\u0131n\u0131 Oku&#8230;<\/a><\/p>\n","protected":false},"author":2,"featured_media":30936,"comment_status":"open","ping_status":"open","sticky":false,"template":"","format":"standard","meta":[],"categories":[1,2,3],"tags":[],"_links":{"self":[{"href":"https:\/\/mersinekonomipolitikagazetesi.com\/index.php?rest_route=\/wp\/v2\/posts\/30935"}],"collection":[{"href":"https:\/\/mersinekonomipolitikagazetesi.com\/index.php?rest_route=\/wp\/v2\/posts"}],"about":[{"href":"https:\/\/mersinekonomipolitikagazetesi.com\/index.php?rest_route=\/wp\/v2\/types\/post"}],"author":[{"embeddable":true,"href":"https:\/\/mersinekonomipolitikagazetesi.com\/index.php?rest_route=\/wp\/v2\/users\/2"}],"replies":[{"embeddable":true,"href":"https:\/\/mersinekonomipolitikagazetesi.com\/index.php?rest_route=%2Fwp%2Fv2%2Fcomments&post=30935"}],"version-history":[{"count":1,"href":"https:\/\/mersinekonomipolitikagazetesi.com\/index.php?rest_route=\/wp\/v2\/posts\/30935\/revisions"}],"predecessor-version":[{"id":30937,"href":"https:\/\/mersinekonomipolitikagazetesi.com\/index.php?rest_route=\/wp\/v2\/posts\/30935\/revisions\/30937"}],"wp:featuredmedia":[{"embeddable":true,"href":"https:\/\/mersinekonomipolitikagazetesi.com\/index.php?rest_route=\/wp\/v2\/media\/30936"}],"wp:attachment":[{"href":"https:\/\/mersinekonomipolitikagazetesi.com\/index.php?rest_route=%2Fwp%2Fv2%2Fmedia&parent=30935"}],"wp:term":[{"taxonomy":"category","embeddable":true,"href":"https:\/\/mersinekonomipolitikagazetesi.com\/index.php?rest_route=%2Fwp%2Fv2%2Fcategories&post=30935"},{"taxonomy":"post_tag","embeddable":true,"href":"https:\/\/mersinekonomipolitikagazetesi.com\/index.php?rest_route=%2Fwp%2Fv2%2Ftags&post=30935"}],"curies":[{"name":"wp","href":"https:\/\/api.w.org\/{rel}","templated":true}]}}