{"id":31681,"date":"2024-10-06T18:02:54","date_gmt":"2024-10-06T15:02:54","guid":{"rendered":"http:\/\/mersinekonomipolitikagazetesi.com\/?p=31681"},"modified":"2024-10-06T18:02:54","modified_gmt":"2024-10-06T15:02:54","slug":"deva-partili-ekmen-merkez-bankasi-baskani-karahana-sordu-tarihin-en-buyuk-servet-transferinin-maliyeti-nedir-2","status":"publish","type":"post","link":"https:\/\/mersinekonomipolitikagazetesi.com\/?p=31681","title":{"rendered":"DEVA Partili Ekmen, Merkez Bankas\u0131 Ba\u015fkan\u0131 Karahan\u2019a sordu: Tarihin en b\u00fcy\u00fck servet transferinin maliyeti nedir?"},"content":{"rendered":"<p><strong>DEVA Partisi Genel Ba\u015fkan Yard\u0131mc\u0131s\u0131 Mehmet Emin Ekmen, TBMM Plan ve B\u00fct\u00e7e Komisyonunda sunum yapan Merkez Bankas\u0131 Ba\u015fkan\u0131 Fatih Karahan<\/strong><strong><span dir=\"RTL\" lang=\"AR-SA\">\u2019<\/span><\/strong><strong>a vatanda\u015f\u0131n s\u0131rt\u0131nda a\u011f\u0131r y\u00fck olu\u015fturan kur korumal\u0131 mevduat sisteminin maliyetini sordu.<\/strong><strong>Karahan<\/strong><strong><span dir=\"RTL\" lang=\"AR-SA\">\u2019<\/span><\/strong><strong>a her y\u0131l milyarlarca lira faiz\u00a0<\/strong><strong><span lang=\"SV\">\u00f6<\/span><\/strong><strong>demesinin yap\u0131ld\u0131\u011f\u0131 kur korumal\u0131 mevduat sisteminde neden \u0131srar edildi\u011fini soran Ekmen,\u00a0<\/strong><strong><span dir=\"RTL\" lang=\"AR-SA\">\u201c<\/span><\/strong><strong>Bu model nedeniyle 21 Aral\u0131k 2001 tarihinden bu yana Hazine ve Merkez Bankas\u0131 arac\u0131l\u0131\u011f\u0131yla\u00a0<\/strong><strong><span lang=\"SV\">\u00f6<\/span><\/strong><strong><span lang=\"DE\">denen toplam faiz miktar<\/span><\/strong><strong>\u0131 nedir? Ba\u015fkanl\u0131\u011f\u0131n\u0131z \u015feffaf davranarak bu maliyeti a\u00e7\u0131klamay\u0131 d\u00fc\u015f\u00fcn\u00fcr m\u00fc\u00a0<\/strong><strong><span lang=\"ES-TRAD\">acaba?<\/span><\/strong><strong>\u201d ifadesini kulland\u0131.\u00a0<\/strong><\/p>\n<p><strong>\u00a0<\/strong><\/p>\n<p>DEVA Partisi Genel Ba\u015fkan Yard\u0131mc\u0131s\u0131 ve Mersin Milletvekili Mehmet Emin Ekmen, TBMM Plan ve B\u00fct\u00e7e Komisyonunda sunum yapan Merkez Bankas\u0131 Ba\u015fkan\u0131 Fatih Karahan<span dir=\"RTL\" lang=\"AR-SA\">\u2019<\/span>a vatanda\u015f\u0131n ve devletin s\u0131rt\u0131nda a\u011f\u0131r bir y\u00fck olu\u015fturan Kur Korumal\u0131 Mevduat (KKM) sistemiyle ilgili sorular y<span lang=\"SV\">\u00f6<\/span>neltti.<\/p>\n<p>&nbsp;<\/p>\n<p><strong>KKM<\/strong><strong><span dir=\"RTL\" lang=\"AR-SA\">\u2019<\/span><\/strong><strong><span lang=\"DE\">YE SON VERMEMEKTE NEDEN ISRAR ED<\/span><\/strong><strong>\u0130YORSUNUZ!<\/strong><\/p>\n<p>Ekmen hem piyasalar\u0131n hem de toplumun g\u00fcvenin ancak \u015feffafl\u0131kla m\u00fcmk\u00fcn oldu\u011funa dikkati \u00e7ekerek,\u00a0<span dir=\"RTL\" lang=\"AR-SA\">\u201c<\/span>21 Aral\u0131k 2021 tarihinde ba\u015flayan, elli d<span lang=\"SV\">\u00f6<\/span>rt y\u0131l\u00a0<span lang=\"SV\">\u00f6<\/span><span lang=\"DE\">nce denenmi<\/span>\u015f, rahmetli Turgut \u00d6zal&#8217;\u0131n bu modele son verirken\u00a0<span dir=\"RTL\" lang=\"AR-SA\">\u2018<\/span>kendilerini ak\u0131ll\u0131, uyan\u0131k salanlar b<span lang=\"SV\">\u00f6<\/span>yle bir yol buldular. Halbuki bilgisizli\u011fin vesikas\u0131. \u0130n\u015fallah sonraki iktidarlar ders al\u0131r<span dir=\"RTL\" lang=\"AR-SA\">\u2019\u00a0<\/span>ifadelerini kulland\u0131\u011f\u0131 kur korumal\u0131 mevduat modelinin a\u011f\u0131rl\u0131\u011f\u0131n\u0131n sistemde azald\u0131\u011f\u0131n\u0131 belirttiniz ama buna kati bir \u015fekilde son vermemekte neden \u0131srar ediyorsunuz\u201d ifadelerini kulland\u0131.<\/p>\n<p>&nbsp;<\/p>\n<p><strong>\u00d6<\/strong><strong><span lang=\"DE\">DENEN FA<\/span><\/strong><strong>\u0130Z M\u0130<\/strong><strong><span lang=\"EN-US\">KTARI NED<\/span><\/strong><strong>\u0130<\/strong><strong><span lang=\"ZH-TW\">R?<\/span><\/strong><\/p>\n<p>Ekmen konu\u015f<span lang=\"PT\">mas<\/span>\u0131n\u0131n devam\u0131nda Merkez Bankas\u0131 Ba\u015fkan\u0131 Fatih Karahan<span dir=\"RTL\" lang=\"AR-SA\">\u2019<\/span>a kur korumal\u0131 mevduat sistemiyle ilgili \u015fu sorular\u0131 y<span lang=\"SV\">\u00f6<\/span>neltti;\u00a0<span dir=\"RTL\" lang=\"AR-SA\">\u201c<\/span>Bu model nedeniyle 21 Aral\u0131k 2001 tarihinden bu yana Hazine ve Merkez Bankas\u0131 arac\u0131l\u0131\u011f\u0131yla\u00a0<span lang=\"SV\">\u00f6<\/span>denen toplam faiz miktar\u0131 nedir? Hi\u00e7bir \u015feffaf ve a\u00e7\u0131k verinin a\u00e7\u0131k kaynaklarda olmad\u0131\u011f\u0131 bu hususta Ba\u015fkanl\u0131\u011f\u0131n\u0131z \u015feffaf davranarak bu maliyeti a\u00e7\u0131klamay\u0131 d\u00fc\u015f\u00fcn\u00fcr m\u00fc acaba? Tarihin en b\u00fcy\u00fck servet transferi olarak adland\u0131r\u0131lan bu model nedeniyle yap\u0131lan\u00a0<span lang=\"SV\">\u00f6<\/span>deme ve zorunlu para basma durumunun enflasyona etkisi ve i\u00e7inde bulundu\u011fumuz ekonomik duruma maliyeti hakk\u0131ndaki kanaatlerinizi payla\u015fabilir misiniz?\u201d<\/p>\n","protected":false},"excerpt":{"rendered":"<p>DEVA Partisi Genel Ba\u015fkan Yard\u0131mc\u0131s\u0131 Mehmet Emin Ekmen, TBMM Plan ve B\u00fct\u00e7e Komisyonunda sunum yapan Merkez Bankas\u0131 Ba\u015fkan\u0131 Fatih Karahan\u2019a vatanda\u015f\u0131n s\u0131rt\u0131nda a\u011f\u0131r y\u00fck olu\u015fturan kur korumal\u0131 mevduat sisteminin maliyetini &hellip; <a href=\"https:\/\/mersinekonomipolitikagazetesi.com\/?p=31681\" class=\"more-link\">Devam\u0131n\u0131 Oku&#8230;<\/a><\/p>\n","protected":false},"author":2,"featured_media":30640,"comment_status":"open","ping_status":"open","sticky":false,"template":"","format":"standard","meta":[],"categories":[1,2,3],"tags":[],"_links":{"self":[{"href":"https:\/\/mersinekonomipolitikagazetesi.com\/index.php?rest_route=\/wp\/v2\/posts\/31681"}],"collection":[{"href":"https:\/\/mersinekonomipolitikagazetesi.com\/index.php?rest_route=\/wp\/v2\/posts"}],"about":[{"href":"https:\/\/mersinekonomipolitikagazetesi.com\/index.php?rest_route=\/wp\/v2\/types\/post"}],"author":[{"embeddable":true,"href":"https:\/\/mersinekonomipolitikagazetesi.com\/index.php?rest_route=\/wp\/v2\/users\/2"}],"replies":[{"embeddable":true,"href":"https:\/\/mersinekonomipolitikagazetesi.com\/index.php?rest_route=%2Fwp%2Fv2%2Fcomments&post=31681"}],"version-history":[{"count":1,"href":"https:\/\/mersinekonomipolitikagazetesi.com\/index.php?rest_route=\/wp\/v2\/posts\/31681\/revisions"}],"predecessor-version":[{"id":31682,"href":"https:\/\/mersinekonomipolitikagazetesi.com\/index.php?rest_route=\/wp\/v2\/posts\/31681\/revisions\/31682"}],"wp:featuredmedia":[{"embeddable":true,"href":"https:\/\/mersinekonomipolitikagazetesi.com\/index.php?rest_route=\/wp\/v2\/media\/30640"}],"wp:attachment":[{"href":"https:\/\/mersinekonomipolitikagazetesi.com\/index.php?rest_route=%2Fwp%2Fv2%2Fmedia&parent=31681"}],"wp:term":[{"taxonomy":"category","embeddable":true,"href":"https:\/\/mersinekonomipolitikagazetesi.com\/index.php?rest_route=%2Fwp%2Fv2%2Fcategories&post=31681"},{"taxonomy":"post_tag","embeddable":true,"href":"https:\/\/mersinekonomipolitikagazetesi.com\/index.php?rest_route=%2Fwp%2Fv2%2Ftags&post=31681"}],"curies":[{"name":"wp","href":"https:\/\/api.w.org\/{rel}","templated":true}]}}