{"id":5170,"date":"2020-11-04T18:25:36","date_gmt":"2020-11-04T15:25:36","guid":{"rendered":"http:\/\/mersinekonomipolitikagazetesi.com\/?p=5170"},"modified":"2020-11-04T18:25:36","modified_gmt":"2020-11-04T15:25:36","slug":"secer-meclis-uyeleriyle-bir-araya-geldi","status":"publish","type":"post","link":"https:\/\/mersinekonomipolitikagazetesi.com\/?p=5170","title":{"rendered":"Se\u00e7er, meclis \u00fcyeleriyle bir araya geldi"},"content":{"rendered":"<p>Mersin B\u00fcy\u00fck\u015fehir Belediye Ba\u015fkan\u0131 Vahap Se\u00e7er, belediye meclisindeki \u00e7al\u0131\u015fmalardan memnun oldu\u011funu belirterek, &#8220;Zaman zaman kar\u015f\u0131 duru\u015flar oluyor. Siyaset yap\u0131yoruz. Siyasetin realitesi var ama temelde B\u00fcy\u00fck\u015fehir Meclisinde g\u00f6rev yapan herkesin ortak paydas\u0131 Mersin. Ben insan ili\u015fkilerine \u00f6nem veriyorum. Bu benim genetiklerimde var. Gayret edelim, diyaloglar\u0131m\u0131z\u0131 geli\u015ftirelim, T\u00fcrkiye&#8217;ye \u00f6rnek bir meclis olal\u0131m&#8221; dedi.\u00a0 \u00a0<br \/>\n\u00a0 Se\u00e7er, B\u00fcy\u00fck\u015fehir Belediyesi meclis \u00fcyeleri ile geleneksel b\u00fct\u00e7e yeme\u011finde bir araya geldi. Baz\u0131 il\u00e7e belediye ba\u015fkanlar\u0131n\u0131n da kat\u0131ld\u0131\u011f\u0131 programda konu\u015fan Se\u00e7er, yeni y\u0131l itibariyle hizmette 9 aylar\u0131n\u0131 tamamlayacaklar\u0131n\u0131 hat\u0131rlatarak, \u201cBen belediye ba\u015fkanlar\u0131m\u0131z\u0131, benim partimden, di\u011fer siyasi partiden diye asla ay\u0131rm\u0131yorum. Hatta \u00f6yle diyaloglar geli\u015fiyor ki, ayn\u0131 siyasi partiden de\u011filsiniz ama hakikaten ayn\u0131 dili, ayn\u0131 lisan\u0131 kullan\u0131yorsunuz. Aran\u0131zda bir g\u00f6n\u00fcl, sevgi ba\u011f\u0131 olu\u015fuyor. B\u00f6yle belediye ba\u015fkanlar\u0131m\u0131z da var bunu kabul etmek laz\u0131m. 9 ay asl\u0131nda hepimiz ad\u0131na, Mersinimiz ad\u0131na \u00f6yle \u00e7ok olumsuz an\u0131lar\u0131m\u0131z\u0131n oldu\u011fu bir s\u00fcre\u00e7 olmad\u0131. Bu \u00f6nemli ve de\u011ferlidir. Bu dengeyi kurmak \u00f6yle kolay de\u011fildir. B\u00f6lgeyi, Mersin\u2019i bilen herkes, Mersin\u2019in T\u00fcrkiye a\u00e7\u0131s\u0131ndan, her a\u00e7\u0131dan stratejik bir kent oldu\u011funu bilir\u201d diye konu\u015ftu.\u00a0<br \/>\n\u00a0 Dostluk, birlik ve beraberlik duygular\u0131n\u0131n \u00f6nemine dikkat \u00e7eken Se\u00e7er, meclisten bu a\u00e7\u0131dan memnun oldu\u011funu ve bunu da her zaman, her platformda dile getirdi\u011fini s\u00f6yledi. Se\u00e7er, \u201cDostlu\u011fun en iyisini biz bilece\u011fiz. Beraberli\u011fin, birli\u011fin, karde\u015fli\u011fin, ho\u015fg\u00f6r\u00fcn\u00fcn en iyisini biz bilmek zorunday\u0131z. Ben Mersin&#8217;de meclisimden son derece memnunum. Anl\u0131yorum, tabii ki zaman zaman kar\u015f\u0131 duru\u015flar oluyor. Siyaset yap\u0131yoruz. Siyasetin realitesi var ama temelde B\u00fcy\u00fck\u015fehir Meclisinde g\u00f6rev yapan herkesin ortak paydas\u0131 Mersin. Emin olun buna y\u00fcrekten inan\u0131yorum\u201d ifadelerini kulland\u0131.\u00a0<br \/>\n\u00a0 \u201cBenim rakibimsiniz ama de\u011ferli rakiplerimsiniz\u201d\u00a0<br \/>\n\u00a0 Mecliste baz\u0131 zorluklar\u0131 da hep birlikte a\u015ft\u0131klar\u0131n\u0131n alt\u0131n\u0131 \u00e7izen Se\u00e7er, \u201cBor\u00e7lanma yetkisinde zorland\u0131k. Baz\u0131 kararlar al\u0131rken zorland\u0131k ama bir \u015fekilde bunlar\u0131 a\u015ft\u0131k ve a\u015fmaya da devam ediyoruz. Benim rakibimsiniz ama de\u011ferli rakiplerimsiniz. Allah nasip eder, sa\u011fl\u0131\u011f\u0131m bozulmaz, partim beni aday g\u00f6sterir, de\u011ferli hizmetlerim olur, buna lay\u0131k bir belediye ba\u015fkan\u0131 olurum, \u00e7\u0131kar\u0131z m\u00fccadele ederiz. Adab-\u0131 mua\u015feret kurallar\u0131 ile. Ama bu yap\u0131 o se\u00e7imin de s\u00fckunetini sa\u011flayacak. Bunu unutmay\u0131n. Biz bu 5 y\u0131l\u0131 b\u00f6yle g\u00f6t\u00fcrsek, 5 y\u0131l sonra Mersin&#8217;de yine nezaketli bir se\u00e7im olaca\u011f\u0131n\u0131n garantisi biz oluruz. Asaletle \u00e7\u0131kar\u0131z yar\u0131\u015f\u0131r\u0131z. Kavga olmaz, d\u00f6v\u00fc\u015f olmaz, ayr\u0131mc\u0131l\u0131k olmaz, birbirimize parmak sallama, \u00e7emkirme olamaz. Onun i\u00e7in bu 78 ki\u015finin de\u011ferini bilmek laz\u0131m&#8221; \u015feklinde konu\u015ftu.\u00a0<br \/>\n\u00a0 \u201cMersin&#8217;de bir 5 y\u0131l kaybetme l\u00fcks\u00fcm\u00fcz yok\u201d\u00a0<br \/>\n\u00a0 Meclis \u00fcyelerine bug\u00fcne kadar meclise yapt\u0131klar\u0131 desteklerden \u00f6t\u00fcr\u00fc te\u015fekk\u00fcr eden Se\u00e7er, \u201cG\u00fczel i\u015fler yapt\u0131k. Projeleri ger\u00e7ekle\u015ftirmemiz laz\u0131m, \u00e7al\u0131\u015f\u0131yoruz. Ba\u015far\u0131s\u0131z olmam gelecek se\u00e7imleri kazanman\u0131z a\u00e7\u0131s\u0131ndan size bir avantaj sa\u011flayabilir ama Mersin bir 5 y\u0131l daha kaybeder. Onun i\u00e7in Mersin&#8217;de bir 5 y\u0131l kaybetme l\u00fcks\u00fcm\u00fcz yok\u201d dedi.\u00a0<br \/>\n\u00a0 Mersin\u2019e yapmay\u0131 planlad\u0131klar\u0131 \u00f6nemli projelerin bir k\u0131sm\u0131n\u0131 anlatan ve bilgiler veren Se\u00e7er, metro projesi \u00fczerinde yapt\u0131klar\u0131 revizyonlar\u0131, ula\u015f\u0131mda ve g\u00fczergahlarda ya\u015fanan s\u0131k\u0131nt\u0131lar\u0131 yeni alacaklar\u0131 otob\u00fcsler ile \u00e7\u00f6zeceklerini ve bunun i\u00e7in 3 Ocak\u2019ta ihaleye \u00e7\u0131kacaklar\u0131n\u0131 s\u00f6yledi. Se\u00e7er, ayr\u0131ca alt yap\u0131, MESK\u0130 projeleri, temiz i\u00e7me suyu \u015febekeleri, kanalizasyon, ar\u0131tma gibi alanlarda, \u00f6zellikle de k\u0131rsalda var olan sorunlar\u0131n \u00e7\u00f6z\u00fcm\u00fc ad\u0131na her t\u00fcrl\u00fc proje \u00e7al\u0131\u015fmalar\u0131n\u0131n devam etti\u011fini ifade etti.\u00a0<br \/>\n\u00a0 \u201cT\u00fcrkiye&#8217;ye \u00f6rnek bir meclis olal\u0131m\u201d\u00a0<br \/>\n\u00a0 Meclis \u00fcyeleri ile aralar\u0131nda bir diyalog noksanl\u0131\u011f\u0131n\u0131n varl\u0131\u011f\u0131ndan s\u00f6z eden Se\u00e7er, \u015f\u00f6yle devam etti: \u201cBen \u015funu istiyorum, benim il\u00e7e belediye ba\u015fkan\u0131m, b\u00fcy\u00fck\u015fehir belediye ba\u015fkan\u0131n\u0131 gecenin 12&#8217;sinde aras\u0131n, 11&#8217;inde aras\u0131n. Kim istiyorsa aras\u0131n. Ben de onu arayabileyim. Aram\u0131zda arac\u0131lar olmas\u0131n. Ayn\u0131 konu meclis \u00fcyelerimiz i\u00e7in de ge\u00e7erli. Diyalog olmazsa insanlar anla\u015famaz. B\u00fcy\u00fck bir sorun, \u2018Bana ne karde\u015fim, benim dedi\u011fim do\u011frudur\u2019 dedi\u011finiz zaman, o sorun orada kal\u0131r, onu k\u00fc\u00e7\u00fcltemezsiniz. Ama diyalog kurdu\u011funuz zaman k\u00fc\u00e7\u00fcc\u00fck bir sorunmu\u015f, fark edersiniz. Bunun tam tersi, k\u00fc\u00e7\u00fcc\u00fck bir sorun diyalog kurulmazsa kocaman da\u011f gibi bir sorun gibi insan\u0131n g\u00f6z\u00fcne g\u00f6r\u00fcn\u00fcr. Bunlar\u0131 ortadan kald\u0131ral\u0131m. Ben insan ili\u015fkilerine \u00f6nem veriyorum. Bu benim genetiklerimde var. Gayret edelim diyaloglar\u0131m\u0131z\u0131 geli\u015ftirelim, T\u00fcrkiye&#8217;ye \u00f6rnek bir meclis olal\u0131m. Ben bunu istiyorum. Yine rekabet edelim, tatl\u0131 bir rekabet i\u00e7erisinde olal\u0131m ama mutlaka biz bu diyalogu ger\u00e7ekle\u015ftirelim.\u201d\u00a0<br \/>\n\u00a0 \u0130\u015f\u00e7i \u00e7\u0131karmalar\u0131 konusuna da de\u011finen Se\u00e7er, kimsenin ekme\u011fiyle oynamak gibi bir dertlerinin olmad\u0131\u011f\u0131n\u0131n alt\u0131n\u0131 bir kez daha \u00e7izdi. Meclis \u00fcyelerinden belediye hizmetlerini meclis d\u0131\u015f\u0131nda da denetlemelerini isteyen Se\u00e7er, \u201cBu sizin hakk\u0131n\u0131z. Benim yapaca\u011f\u0131m hata parti olarak gelecek se\u00e7imlerde aday\u0131n\u0131za prim kazand\u0131rabilir ama yapt\u0131\u011f\u0131m hata, yapt\u0131\u011f\u0131m israf, yapt\u0131\u011f\u0131m gereksiz i\u015fler, projeler Mersin\u2019in gelece\u011finden bir \u015feyler \u00e7almakt\u0131r. Mersin\u2019in gelece\u011fini tehlikeye atmakt\u0131r. Meclis \u00fcyelerim bunu mecliste siyaseten ele\u015ftirsin, hi\u00e7bir laf\u0131m yok. Siyasetin do\u011fas\u0131nda bu vard\u0131r ama Ayd\u0131nc\u0131k&#8217;ta, \u00c7aml\u0131yayla&#8217;da, Mut&#8217;ta, nerede ise B\u00fcy\u00fck\u015fehir Belediyesi&#8217;nin yetki ve sorumluluk alan\u0131ndaki b\u00f6lgelerde ortaya \u00e7\u0131kan ar\u0131zalar\u0131 l\u00fctfen benimle payla\u015fs\u0131nlar. Benim kap\u0131m a\u00e7\u0131k. Randevuya gerek yok. Telefonumuz 24 saat a\u00e7\u0131k. L\u00fctfen bizlere aktar\u0131n\u201d diye konu\u015ftu.\u00a0<br \/>\n\u00a0 Se\u00e7er, yeni logoyu anlatt\u0131\u00a0<br \/>\n\u00a0 Programda yeni logonun hangi \u015fekillerden esinlenerek ortaya \u00e7\u0131kar\u0131ld\u0131\u011f\u0131n\u0131 a\u00e7\u0131klayan bir video g\u00f6sterimi de yap\u0131ld\u0131. Logoya bak\u0131ld\u0131\u011f\u0131nda, bir\u00e7ok farkl\u0131 \u015fekilden \u00e7a\u011fr\u0131\u015f\u0131mlar\u0131n elde edildi\u011fini s\u00f6zlerine ekleyen Se\u00e7er, \u201cDaha \u00f6nce size bir sunum yapt\u0131m. Asl\u0131nda \u00f6zenle \u00e7al\u0131\u015f\u0131lm\u0131\u015f bir logo bu. Bu filmde verilen kavramlar da bizim logomuzu ifade ediyor. Kentin t\u00fcm farkl\u0131 \u00f6zelliklerini, farkl\u0131 g\u00fczelliklerini dile getiriyor. Bu \u00e7izimler milimetrik olarak usta ellerden \u00e7\u0131km\u0131\u015f. Birli\u011fimizi, beraberli\u011fimizi, Toros da\u011flar\u0131n\u0131, g\u00fczelli\u011fimizi, tevhitimizi ifade eden bir logo\u201d ifadelerini kulland\u0131.\u00a0<\/p>\n","protected":false},"excerpt":{"rendered":"<p>Mersin B\u00fcy\u00fck\u015fehir Belediye Ba\u015fkan\u0131 Vahap Se\u00e7er, belediye meclisindeki \u00e7al\u0131\u015fmalardan memnun oldu\u011funu belirterek, &#8220;Zaman zaman kar\u015f\u0131 duru\u015flar oluyor. Siyaset yap\u0131yoruz. Siyasetin realitesi var ama temelde B\u00fcy\u00fck\u015fehir Meclisinde g\u00f6rev yapan herkesin ortak &hellip; <a href=\"https:\/\/mersinekonomipolitikagazetesi.com\/?p=5170\" class=\"more-link\">Devam\u0131n\u0131 Oku&#8230;<\/a><\/p>\n","protected":false},"author":1,"featured_media":0,"comment_status":"open","ping_status":"open","sticky":false,"template":"","format":"standard","meta":[],"categories":[],"tags":[],"_links":{"self":[{"href":"https:\/\/mersinekonomipolitikagazetesi.com\/index.php?rest_route=\/wp\/v2\/posts\/5170"}],"collection":[{"href":"https:\/\/mersinekonomipolitikagazetesi.com\/index.php?rest_route=\/wp\/v2\/posts"}],"about":[{"href":"https:\/\/mersinekonomipolitikagazetesi.com\/index.php?rest_route=\/wp\/v2\/types\/post"}],"author":[{"embeddable":true,"href":"https:\/\/mersinekonomipolitikagazetesi.com\/index.php?rest_route=\/wp\/v2\/users\/1"}],"replies":[{"embeddable":true,"href":"https:\/\/mersinekonomipolitikagazetesi.com\/index.php?rest_route=%2Fwp%2Fv2%2Fcomments&post=5170"}],"version-history":[{"count":0,"href":"https:\/\/mersinekonomipolitikagazetesi.com\/index.php?rest_route=\/wp\/v2\/posts\/5170\/revisions"}],"wp:attachment":[{"href":"https:\/\/mersinekonomipolitikagazetesi.com\/index.php?rest_route=%2Fwp%2Fv2%2Fmedia&parent=5170"}],"wp:term":[{"taxonomy":"category","embeddable":true,"href":"https:\/\/mersinekonomipolitikagazetesi.com\/index.php?rest_route=%2Fwp%2Fv2%2Fcategories&post=5170"},{"taxonomy":"post_tag","embeddable":true,"href":"https:\/\/mersinekonomipolitikagazetesi.com\/index.php?rest_route=%2Fwp%2Fv2%2Ftags&post=5170"}],"curies":[{"name":"wp","href":"https:\/\/api.w.org\/{rel}","templated":true}]}}