{"id":5171,"date":"2020-11-04T18:25:36","date_gmt":"2020-11-04T15:25:36","guid":{"rendered":"http:\/\/mersinekonomipolitikagazetesi.com\/?p=5171"},"modified":"2020-11-04T18:25:36","modified_gmt":"2020-11-04T15:25:36","slug":"kaldirimlar-taksi-park-alani-mi-yoksa-yaya-yolu-mu","status":"publish","type":"post","link":"https:\/\/mersinekonomipolitikagazetesi.com\/?p=5171","title":{"rendered":"KALDIRIMLAR TAKS\u0130 PARK ALANI MI? YOKSA YAYA YOLU MU?"},"content":{"rendered":"<p>Mersin B\u00fcy\u00fck\u015fehir Belediyesi Taksi \u0130\u015fgaline Dur Demeyecek Mi?<\/p>\n<p>Taksi duraklar\u0131ndaki kul\u00fcbelerin b\u00fcy\u00fck alan kaplamas\u0131 ve olu\u015fturdu\u011fu g\u00f6r\u00fcnt\u00fc kirlili\u011fi tepkilere neden oluyor. Mersin\u2019de vatanda\u015flar taksi duraklar\u0131n\u0131n kald\u0131r\u0131m i\u015fgaline kar\u015f\u0131 ilgili kurumlar\u0131n harekete ge\u00e7mesini istiyor.<br \/>\n\u00a0<br \/>\nAl\u0131\u015fveri\u015f merkezleri, otel, motel, e\u011flence yerleri, sosyal tesisler, hastaneler, kalabal\u0131k cadde, sokak giri\u015f \u00e7\u0131k\u0131\u015flar\u0131nda bulunan ve vatanda\u015flar\u0131n daha h\u0131zl\u0131 \u015fekilde ula\u015f\u0131m\u0131n\u0131 ama\u00e7layan taksilerin kald\u0131r\u0131m i\u015fgali \u00f6nlenemiyor. Standart \u00f6l\u00e7\u00fclerde yap\u0131lmas\u0131 gereken duraklar\u0131n devasa b\u00fcy\u00fckl\u00fc\u011f\u00fc ve sebep oldu\u011fu g\u00f6r\u00fcnt\u00fc kirlili\u011fi merkez ve il\u00e7elerde tepkiye neden oluyor. Konuyla ilgili konu\u015fan ve \u015fikayetlerini dile getiren vatanda\u015flar, \u201cTaksilere kar\u015f\u0131 de\u011filiz fakat kald\u0131r\u0131mlar\u0131n \u00fczerinde veya en i\u015flek yerin k\u00f6\u015fesinde neredeyse salon b\u00fcy\u00fckl\u00fc\u011f\u00fcnde yap\u0131lan duraklar hem g\u00f6r\u00fcnt\u00fc kirlili\u011fi yarat\u0131yor hem de yaya ge\u00e7idini engelliyor.\u201d dedi.<\/p>\n<p>\u201cMadde Yeniden D\u00fczenlenmeli!\u201d<br \/>\n\u00a0<br \/>\nMersin B\u00fcy\u00fck\u015fehir Belediyesi Ula\u015f\u0131m Koordinasyon Merkezi (UKOME) taraf\u0131ndan kontrol edilmesi gereken alanlar\u0131n standartlara uymamas\u0131 ve kald\u0131r\u0131m i\u015fgali ve g\u00f6r\u00fcnt\u00fc kirlili\u011fine sessiz kal\u0131nd\u0131\u011f\u0131 iddia edildi.<br \/>\nMersin B\u00fcy\u00fck\u015fehir Belediyesi\u2019nin yay\u0131mlad\u0131\u011f\u0131 \u2018Taksi Y\u00f6netmeli\u011fi\u2019 esas al\u0131n\u0131ld\u0131\u011f\u0131nda a\u00e7\u0131klanan \u00fc\u00e7\u00fcnc\u00fc b\u00f6l\u00fcm 4\u2019\u00fcnc\u00fc maddede, \u201cBekleme yerleri iki dura\u011f\u0131 ortak s\u0131n\u0131r\u0131na, bulvar, ana caddelere ve yaya yollar\u0131na konulamaz. Ancak bekleme yap\u0131lmas\u0131 istenilen b\u00f6lgede uygun yer olmamas\u0131 durumunda, talep UKOME Genel Kurulu taraf\u0131ndan de\u011ferlendirilir. \u0130htiya\u00e7 durumunda gerekli fiziki d\u00fczenlemeler yap\u0131labilir.\u201d \u015feklinde belirtilmesi yaya yolu i\u015fgalini ve trafikteki yaya-ara\u00e7 d\u00fczenini bozacak \u015fekilde sorunlara neden oluyor.<br \/>\n\u00c7ok say\u0131daki taksi duraklar\u0131na, yerlerine ve durakta bekletilen fazla say\u0131daki taksilere tepki g\u00f6steren vatanda\u015flar, &#8220;Madde \u00fczerinden bizlere bir a\u00e7\u0131klama yap\u0131labilir. Bu uygulanan \u00e7al\u0131\u015fmalar\u0131n do\u011frulu\u011funu g\u00f6stermez. Maddede yer alan, &#8216;\u0130htiya\u00e7 durumunda gerekli fiziki d\u00fczenlemeler yap\u0131labilir&#8217; c\u00fcmlesi esas al\u0131nd\u0131\u011f\u0131nda kald\u0131r\u0131m \u00fczerine park edilsin kavram\u0131 zihinlerde yer etmi\u015f olacak ki, hemen her yerde bu uygulan\u0131yor. UKOME maddeleri yeniden olu\u015fturulmal\u0131, taksi duraklar\u0131 yerleri, say\u0131s\u0131, kul\u00fcbeler yeniden dizayn ve kontrol edilmelidir. Yap\u0131lacak de\u011fi\u015fiklikler ve yeniden tasar\u0131m \u015fehrimize estetik katacakt\u0131r.&#8221; diye konu\u015ftu.<\/p>\n<p>\u201cMersin g\u00f6r\u00fcnt\u00fc kirlili\u011finden ve kald\u0131r\u0131m i\u015fgalinden kurtar\u0131lmal\u0131!\u201d<br \/>\n\u00a0<br \/>\nKald\u0131r\u0131m \u00fczerine \u00fc\u00e7 ve daha fazla ara\u00e7la ge\u00e7i\u015fe izin vermeyen taksiler ve taksi duraklar\u0131n devasa b\u00fcy\u00fckl\u00fckleri nedeniyle yaya yolunu rahat kullanamayan vatanda\u015flar taraf\u0131ndan sert bir dille ele\u015ftirilerken, \u201cYaya kald\u0131r\u0131mlar\u0131 s\u00fcrekli olarak taksilere veriliyor. Fiziki d\u00fczenleme kavramlar\u0131 bu kadar m\u0131? Hemen hemen her yerde, her yaya kald\u0131r\u0131m\u0131nda ge\u00e7i\u015fleri kapatan, y\u00fcr\u00fcme yollar\u0131n\u0131 ve ana trafi\u011fi i\u015fgal eden taksi ve duraklar\u0131n\u0131 g\u00f6rebilirsiniz. UKOME bu konuda acil olarak \u00e7al\u0131\u015fmal\u0131. Mersin g\u00f6r\u00fcnt\u00fc kirlili\u011finden ve kald\u0131r\u0131m i\u015fgalinden kurtar\u0131lmal\u0131.\u201d diyerek tepkilerini g\u00f6sterdi.<\/p>\n","protected":false},"excerpt":{"rendered":"<p>Mersin B\u00fcy\u00fck\u015fehir Belediyesi Taksi \u0130\u015fgaline Dur Demeyecek Mi? Taksi duraklar\u0131ndaki kul\u00fcbelerin b\u00fcy\u00fck alan kaplamas\u0131 ve olu\u015fturdu\u011fu g\u00f6r\u00fcnt\u00fc kirlili\u011fi tepkilere neden oluyor. Mersin\u2019de vatanda\u015flar taksi duraklar\u0131n\u0131n kald\u0131r\u0131m i\u015fgaline kar\u015f\u0131 ilgili kurumlar\u0131n &hellip; <a href=\"https:\/\/mersinekonomipolitikagazetesi.com\/?p=5171\" class=\"more-link\">Devam\u0131n\u0131 Oku&#8230;<\/a><\/p>\n","protected":false},"author":1,"featured_media":0,"comment_status":"open","ping_status":"open","sticky":false,"template":"","format":"standard","meta":[],"categories":[],"tags":[],"_links":{"self":[{"href":"https:\/\/mersinekonomipolitikagazetesi.com\/index.php?rest_route=\/wp\/v2\/posts\/5171"}],"collection":[{"href":"https:\/\/mersinekonomipolitikagazetesi.com\/index.php?rest_route=\/wp\/v2\/posts"}],"about":[{"href":"https:\/\/mersinekonomipolitikagazetesi.com\/index.php?rest_route=\/wp\/v2\/types\/post"}],"author":[{"embeddable":true,"href":"https:\/\/mersinekonomipolitikagazetesi.com\/index.php?rest_route=\/wp\/v2\/users\/1"}],"replies":[{"embeddable":true,"href":"https:\/\/mersinekonomipolitikagazetesi.com\/index.php?rest_route=%2Fwp%2Fv2%2Fcomments&post=5171"}],"version-history":[{"count":0,"href":"https:\/\/mersinekonomipolitikagazetesi.com\/index.php?rest_route=\/wp\/v2\/posts\/5171\/revisions"}],"wp:attachment":[{"href":"https:\/\/mersinekonomipolitikagazetesi.com\/index.php?rest_route=%2Fwp%2Fv2%2Fmedia&parent=5171"}],"wp:term":[{"taxonomy":"category","embeddable":true,"href":"https:\/\/mersinekonomipolitikagazetesi.com\/index.php?rest_route=%2Fwp%2Fv2%2Fcategories&post=5171"},{"taxonomy":"post_tag","embeddable":true,"href":"https:\/\/mersinekonomipolitikagazetesi.com\/index.php?rest_route=%2Fwp%2Fv2%2Ftags&post=5171"}],"curies":[{"name":"wp","href":"https:\/\/api.w.org\/{rel}","templated":true}]}}