{"id":5174,"date":"2020-11-04T18:25:36","date_gmt":"2020-11-04T15:25:36","guid":{"rendered":"http:\/\/mersinekonomipolitikagazetesi.com\/?p=5174"},"modified":"2020-11-04T18:25:36","modified_gmt":"2020-11-04T15:25:36","slug":"rehin-aldigi-esinin-kafasini-defalarca-demire-vurmus","status":"publish","type":"post","link":"https:\/\/mersinekonomipolitikagazetesi.com\/?p=5174","title":{"rendered":"Rehin ald\u0131\u011f\u0131 e\u015finin kafas\u0131n\u0131 defalarca demire vurmu\u015f"},"content":{"rendered":"<p>Mersin&#8217;de Eyl\u00fcl ay\u0131nda evlerinin balkonunda, \u00e7ocuklar\u0131n\u0131n g\u00f6z\u00fc \u00f6n\u00fcnde e\u015finin bo\u011faz\u0131na b\u0131\u00e7ak dayayarak 6 saat rehin alan Ali A., \u00fc\u00e7\u00fcnc\u00fc kez hakim kar\u015f\u0131s\u0131na \u00e7\u0131kt\u0131. Olay yeri tutana\u011f\u0131nda imzas\u0131 bulunan polis duru\u015fmada, Ali A.&#8217;n\u0131n \u00e7ocuklara kar\u015f\u0131 fiziksel bir \u015fiddetinin olmad\u0131\u011f\u0131n\u0131, s\u00f6zl\u00fc olarak \u00e7ocuklar\u0131 kontrol etti\u011fini ancak Nurcan&#8217;\u0131n kafas\u0131n\u0131 sa\u00e7\u0131ndan tutarak demirlere vurdu\u011funu s\u00f6yledi.\u00a0<br \/>\n\u00a0 Mersin 20. Asliye Ceza Mahkemesindeki davan\u0131n 3. duru\u015fmas\u0131na tutuklu san\u0131k Ali A., SEGB\u0130S y\u00f6ntemiyle kat\u0131ld\u0131. Duru\u015fmaya ayr\u0131ca tan\u0131klar, Nurcan A. ile \u00e7ocuklar\u0131 ve taraf avukatlar\u0131 kat\u0131ld\u0131. Duru\u015fmada olay yeri tutana\u011f\u0131nda imzas\u0131 bulunan polis memuru tan\u0131k olarak dinlendi. Tan\u0131k ifadesinde Ali A.&#8217;n\u0131n b\u0131\u00e7a\u011f\u0131 Nurcan A.&#8217;n\u0131n bo\u011faz\u0131na dayayarak rehin ald\u0131\u011f\u0131n\u0131 belirterek, &#8220;San\u0131r\u0131m Ali A. ile Nurcan A.&#8217;n\u0131n babas\u0131n\u0131n aras\u0131ndaki olaydan dolay\u0131, bu olay meydana gelmi\u015f. Ali A. \u00e7ocuklara kar\u015f\u0131 fiziksel olarak herhangi bir \u015fey yapmad\u0131 ama s\u00f6zl\u00fc olarak onlar\u0131 kontrol alt\u0131nda tutuyordu. \u00c7ocuklar bize bir \u015fey s\u00f6ylemeye \u00e7al\u0131\u015ft\u0131\u011f\u0131 zaman k\u0131z\u0131yordu. E\u015fine b\u0131\u00e7akla bir sald\u0131r\u0131s\u0131 olmad\u0131 ancak defalarca Nurcan&#8217;\u0131 sa\u00e7\u0131ndan tutup, demirlere vurdu&#8221; dedi.\u00a0<br \/>\n\u00a0 M\u00fc\u015fteki avukatlar\u0131 ise aleyhlerine olan tan\u0131k ifadelerini kabul etmedikleri, dosyada eksiklik bulundu\u011funu, sa\u011f\u0131n\u0131n tutukluluk halinin devam etmesini istedi.\u00a0<br \/>\n\u00a0 San\u0131k avukat\u0131 da t\u00fcm tan\u0131klar dinlendikten sonra beyanda bulanaca\u011f\u0131n\u0131 belirterek, taraflar\u0131n bo\u015fanma a\u015famas\u0131nda oldu\u011funu, evlerini ay\u0131rd\u0131klar\u0131n\u0131, taraflar\u0131n birbiriyle art\u0131k ba\u011flant\u0131s\u0131n\u0131n s\u00f6z konusu olmayaca\u011f\u0131n\u0131 belirterek, Ali A.&#8217;n\u0131n tutuksuz yarg\u0131lanmak \u00fczere serbest b\u0131rak\u0131lmas\u0131n\u0131 talep etti.\u00a0<br \/>\n\u00a0 Tutuklu yarg\u0131lanan Ali A. ise tutanak tutan polisin beyan\u0131n\u0131 kabul etmedi\u011fini kaydederek, e\u015finin kafas\u0131n\u0131 demirlere vurmad\u0131\u011f\u0131n\u0131 savundu.\u00a0<br \/>\n\u00a0 Nurcan A. da \u015fah\u0131stan \u015fikayet\u00e7i oldu\u011funu, tutuklu san\u0131\u011f\u0131n\u0131n ailesinin kendisini tehdit etti\u011fini iddia etti.\u00a0<br \/>\n\u00a0 Mahkeme heyeti san\u0131\u011f\u0131n tutukluluk halinin devam etmesine karar vererek, dosyadaki eksikliklerin tamamlanmas\u0131 i\u00e7in duru\u015fmay\u0131 7 Ocak 2020 tarihine erteledi.\u00a0<\/p>\n","protected":false},"excerpt":{"rendered":"<p>Mersin&#8217;de Eyl\u00fcl ay\u0131nda evlerinin balkonunda, \u00e7ocuklar\u0131n\u0131n g\u00f6z\u00fc \u00f6n\u00fcnde e\u015finin bo\u011faz\u0131na b\u0131\u00e7ak dayayarak 6 saat rehin alan Ali A., \u00fc\u00e7\u00fcnc\u00fc kez hakim kar\u015f\u0131s\u0131na \u00e7\u0131kt\u0131. Olay yeri tutana\u011f\u0131nda imzas\u0131 bulunan polis duru\u015fmada, &hellip; <a href=\"https:\/\/mersinekonomipolitikagazetesi.com\/?p=5174\" class=\"more-link\">Devam\u0131n\u0131 Oku&#8230;<\/a><\/p>\n","protected":false},"author":1,"featured_media":0,"comment_status":"open","ping_status":"open","sticky":false,"template":"","format":"standard","meta":[],"categories":[],"tags":[],"_links":{"self":[{"href":"https:\/\/mersinekonomipolitikagazetesi.com\/index.php?rest_route=\/wp\/v2\/posts\/5174"}],"collection":[{"href":"https:\/\/mersinekonomipolitikagazetesi.com\/index.php?rest_route=\/wp\/v2\/posts"}],"about":[{"href":"https:\/\/mersinekonomipolitikagazetesi.com\/index.php?rest_route=\/wp\/v2\/types\/post"}],"author":[{"embeddable":true,"href":"https:\/\/mersinekonomipolitikagazetesi.com\/index.php?rest_route=\/wp\/v2\/users\/1"}],"replies":[{"embeddable":true,"href":"https:\/\/mersinekonomipolitikagazetesi.com\/index.php?rest_route=%2Fwp%2Fv2%2Fcomments&post=5174"}],"version-history":[{"count":0,"href":"https:\/\/mersinekonomipolitikagazetesi.com\/index.php?rest_route=\/wp\/v2\/posts\/5174\/revisions"}],"wp:attachment":[{"href":"https:\/\/mersinekonomipolitikagazetesi.com\/index.php?rest_route=%2Fwp%2Fv2%2Fmedia&parent=5174"}],"wp:term":[{"taxonomy":"category","embeddable":true,"href":"https:\/\/mersinekonomipolitikagazetesi.com\/index.php?rest_route=%2Fwp%2Fv2%2Fcategories&post=5174"},{"taxonomy":"post_tag","embeddable":true,"href":"https:\/\/mersinekonomipolitikagazetesi.com\/index.php?rest_route=%2Fwp%2Fv2%2Ftags&post=5174"}],"curies":[{"name":"wp","href":"https:\/\/api.w.org\/{rel}","templated":true}]}}