{"id":5175,"date":"2020-11-04T18:25:36","date_gmt":"2020-11-04T15:25:36","guid":{"rendered":"http:\/\/mersinekonomipolitikagazetesi.com\/?p=5175"},"modified":"2020-11-04T18:25:36","modified_gmt":"2020-11-04T15:25:36","slug":"adanada-suriyeli-ogretmen-bilmecesi-chpli-sumer-sordu-milli-egitim-bakani-dogruladi","status":"publish","type":"post","link":"https:\/\/mersinekonomipolitikagazetesi.com\/?p=5175","title":{"rendered":"ADANA\u2019DA SUR\u0130YEL\u0130 \u00d6\u011eRETMEN B\u0130LMECES\u0130\u2026 CHP\u2019L\u0130 S\u00dcMER SORDU, M\u0130LL\u0130 E\u011e\u0130T\u0130M BAKANI DO\u011eRULADI"},"content":{"rendered":"<p dir=\"ltr\" style=\"line-height:1.295;text-align: justify;margin-top:0pt;margin-bottom:8pt;\"><span id=\"docs-internal-guid-d939c441-7fff-59f1-3c0a-3fc09436a466\"><span style=\"font-size: 16pt; font-family: &quot;Times New Roman&quot;; color: rgb(0, 0, 0); background-color: transparent; font-variant-numeric: normal; font-variant-east-asian: normal; vertical-align: baseline; white-space: pre-wrap;\">Adana\u2019da 830 Suriyeli \u00f6\u011fretmenin okullarda g\u00f6reve ba\u015flamas\u0131yla birlikte ortaya \u00e7\u0131kan bilinmezlik s\u00fcr\u00fcyor. CHP Adana Milletvekili Orhan S\u00fcmer, TBMM Genel Kurulu\u2019nda Milli E\u011fitim Bakan\u0131 Ziya Sel\u00e7uk\u2019a sordu. Bakan \u201cMilli b\u00fct\u00e7eden atam\u0131yoruz\u201d demekle yetindi.\u00a0<\/span><\/span><\/p>\n<p dir=\"ltr\" style=\"line-height:1.295;text-align: justify;margin-top:0pt;margin-bottom:8pt;\"><span id=\"docs-internal-guid-d939c441-7fff-59f1-3c0a-3fc09436a466\"><span style=\"font-size: 16pt; font-family: &quot;Times New Roman&quot;; color: rgb(0, 0, 0); background-color: transparent; font-variant-numeric: normal; font-variant-east-asian: normal; vertical-align: baseline; white-space: pre-wrap;\">\u201cSuriyeli \u00f6\u011fretmen skandal\u0131na\u201d ili\u015fkin Milli E\u011fitim Bakanl\u0131\u011f\u0131\u2019ndan tatmin edici bir a\u00e7\u0131klama gelmedi. Adana\u2019da 830 Suriyelinin okullarda \u201cg\u00f6n\u00fcll\u00fc e\u011fitici\u201d ad\u0131 alt\u0131nda g\u00f6revlendirildi\u011fini ortaya \u00e7\u0131karan CHP\u2019li S\u00fcmer, Bakan Sel\u00e7uk\u2019un yan\u0131tlamas\u0131 istemiyle yaz\u0131l\u0131 soru \u00f6nergesi de vermi\u015fti.\u00a0<\/span><\/span><\/p>\n<p dir=\"ltr\" style=\"line-height:1.295;text-align: justify;margin-top:0pt;margin-bottom:8pt;\"><span id=\"docs-internal-guid-d939c441-7fff-59f1-3c0a-3fc09436a466\"><span style=\"font-size: 16pt; font-family: &quot;Times New Roman&quot;; color: rgb(0, 0, 0); background-color: transparent; font-variant-numeric: normal; font-variant-east-asian: normal; vertical-align: baseline; white-space: pre-wrap;\">\u00d6nergesine yan\u0131t alamayan S\u00fcmer, Milli E\u011fitim Bakanl\u0131\u011f\u0131\u2019n\u0131n 2020 y\u0131l\u0131 b\u00fct\u00e7esi g\u00f6r\u00fc\u015fmeleri s\u0131ras\u0131nda konuyu do\u011frudan Bakan Sel\u00e7uk\u2019a y\u00f6neltti. Adana\u2019daki durumu hat\u0131rlatan S\u00fcmer, \u201cT\u00fcrkiye genelinde ka\u00e7 Suriyeli \u00f6\u011fretmen g\u00f6revlendirilmi\u015ftir? Bu \u00f6\u011fretmenlerin e\u011fitimleri nelerdir?\u201d diye sordu.\u00a0<\/span><\/span><\/p>\n<p dir=\"ltr\" style=\"line-height:1.295;text-align: justify;margin-top:0pt;margin-bottom:8pt;\"><span id=\"docs-internal-guid-d939c441-7fff-59f1-3c0a-3fc09436a466\"><span style=\"font-size: 16pt; font-family: &quot;Times New Roman&quot;; color: rgb(0, 0, 0); background-color: transparent; font-variant-numeric: normal; font-variant-east-asian: normal; vertical-align: baseline; white-space: pre-wrap;\">UYUM SORUNU NE OLACAK?<\/span><\/span><\/p>\n<p dir=\"ltr\" style=\"line-height:1.295;text-align: justify;margin-top:0pt;margin-bottom:8pt;\"><span id=\"docs-internal-guid-d939c441-7fff-59f1-3c0a-3fc09436a466\"><span style=\"font-size: 16pt; font-family: &quot;Times New Roman&quot;; color: rgb(0, 0, 0); background-color: transparent; font-variant-numeric: normal; font-variant-east-asian: normal; vertical-align: baseline; white-space: pre-wrap;\">S\u00fcmer ayr\u0131ca Adana\u2019da devlet okullar\u0131nda e\u011fitim g\u00f6ren \u00e7ok say\u0131da Suriyeli \u00f6\u011frencilerin uyum sorununu da g\u00fcndeme getirerek \u201cBaz\u0131 s\u0131n\u0131flarda Suriyelilerin say\u0131s\u0131 T\u00fcrk \u00f6\u011frencilerden fazla. Velilerin bizlere aktard\u0131\u011f\u0131na g\u00f6re, Suriyeli \u00f6\u011frenciler ile T\u00fcrk \u00f6\u011frenciler aras\u0131nda uyum sorunu h\u00e2l\u00e2 \u00e7\u00f6z\u00fclmedi, okullarda a\u015f\u0131r\u0131 y\u0131\u011f\u0131lma var. Bu konuda bir \u00f6nlem almay\u0131 d\u00fc\u015f\u00fcn\u00fcyor musunuz?\u201d dedi.\u00a0<\/span><\/span><\/p>\n<p dir=\"ltr\" style=\"line-height:1.295;text-align: justify;margin-top:0pt;margin-bottom:8pt;\"><span id=\"docs-internal-guid-d939c441-7fff-59f1-3c0a-3fc09436a466\"><span style=\"font-size: 16pt; font-family: &quot;Times New Roman&quot;; color: rgb(0, 0, 0); background-color: transparent; font-variant-numeric: normal; font-variant-east-asian: normal; vertical-align: baseline; white-space: pre-wrap;\">BAKAN\u2019DAN DO\u011eRULADI<\/span><\/span><\/p>\n<p dir=\"ltr\" style=\"line-height:1.295;text-align: justify;margin-top:0pt;margin-bottom:8pt;\"><span id=\"docs-internal-guid-d939c441-7fff-59f1-3c0a-3fc09436a466\"><span style=\"font-size: 16pt; font-family: &quot;Times New Roman&quot;; color: rgb(0, 0, 0); background-color: transparent; font-variant-numeric: normal; font-variant-east-asian: normal; vertical-align: baseline; white-space: pre-wrap;\">Bakan Y\u0131lmaz ise sorulara \u201cBizim MEB ile UNICEF aras\u0131nda\u2026\u00a0 \u00d6zellikle Adana \u00f6zelinde bir soru oldu. Biz, hi\u00e7bir \u015fekilde, mill\u00ee b\u00fct\u00e7eden bir Suriyeli \u00f6\u011fretmen atam\u0131yoruz. Suriyeli \u00e7ocuklar\u0131n -uyumuyla ilgili- T\u00fcrk\u00e7e \u00f6\u011frenmeden okullarda s\u0131n\u0131flara girmesini istemiyoruz\u201d diye cevap vermekle yetindi.\u00a0<\/span><\/span><\/p>\n<p dir=\"ltr\" style=\"line-height:1.295;text-align: justify;margin-top:0pt;margin-bottom:8pt;\"><span id=\"docs-internal-guid-d939c441-7fff-59f1-3c0a-3fc09436a466\"><span style=\"font-size: 16pt; font-family: &quot;Times New Roman&quot;; color: rgb(0, 0, 0); background-color: transparent; font-variant-numeric: normal; font-variant-east-asian: normal; vertical-align: baseline; white-space: pre-wrap;\">S\u00dcMER\u2019DEN YEN\u0130 SORULAR\u00a0<\/span><\/span><\/p>\n<p dir=\"ltr\" style=\"line-height:1.295;text-align: justify;margin-top:0pt;margin-bottom:8pt;\"><span id=\"docs-internal-guid-d939c441-7fff-59f1-3c0a-3fc09436a466\"><span style=\"font-size: 16pt; font-family: &quot;Times New Roman&quot;; color: rgb(0, 0, 0); background-color: transparent; font-variant-numeric: normal; font-variant-east-asian: normal; vertical-align: baseline; white-space: pre-wrap;\">S\u00fcmer, bas\u0131na yapt\u0131\u011f\u0131 a\u00e7\u0131klamada ise \u201cBen Say\u0131n Bakan\u2019a bu \u00f6\u011fretmenlerin maa\u015flar\u0131n\u0131n nereden kar\u015f\u0131land\u0131\u011f\u0131n\u0131 sormad\u0131m ama Bakan buna cevap verdi. Cevap verirken de do\u011frulam\u0131\u015f oldu\u201d dedi.\u00a0<\/span><\/span><\/p>\n<p dir=\"ltr\" style=\"line-height:1.295;text-align: justify;margin-top:0pt;margin-bottom:8pt;\"><span id=\"docs-internal-guid-d939c441-7fff-59f1-3c0a-3fc09436a466\"><span style=\"font-size: 16pt; font-family: &quot;Times New Roman&quot;; color: rgb(0, 0, 0); background-color: transparent; font-variant-numeric: normal; font-variant-east-asian: normal; vertical-align: baseline; white-space: pre-wrap;\">Suriyeli \u00f6\u011fretmenlerin maa\u015flar\u0131n\u0131n nereden \u00f6dendi\u011finin de tart\u0131\u015f\u0131labilece\u011fini ancak maa\u015ftan daha \u00f6nemli konular oldu\u011funu belirten S\u00fcmer \u015f\u00f6yle konu\u015ftu:\u00a0<\/span><\/span><\/p>\n<p dir=\"ltr\" style=\"line-height:1.295;text-align: justify;margin-top:0pt;margin-bottom:8pt;\"><span id=\"docs-internal-guid-d939c441-7fff-59f1-3c0a-3fc09436a466\"><span style=\"font-size: 16pt; font-family: &quot;Times New Roman&quot;; color: rgb(0, 0, 0); background-color: transparent; font-variant-numeric: normal; font-variant-east-asian: normal; vertical-align: baseline; white-space: pre-wrap;\">\u201c\u00d6\u011fretmen olmak, okullara girmek bu kadar kolay m\u0131d\u0131r? \u00c7ocuklar\u0131m\u0131z\u0131 kimlere emanet ediyoruz? Ben bir milletvekili olarak merak ediyorum ve bunu \u00f6\u011frenmek t\u00fcm vatanda\u015flar\u0131n hakk\u0131.\u00a0<\/span><\/span><\/p>\n<p dir=\"ltr\" style=\"line-height:1.295;text-align: justify;margin-top:0pt;margin-bottom:8pt;\"><span id=\"docs-internal-guid-d939c441-7fff-59f1-3c0a-3fc09436a466\"><span style=\"font-size: 16pt; font-family: &quot;Times New Roman&quot;; color: rgb(0, 0, 0); background-color: transparent; font-variant-numeric: normal; font-variant-east-asian: normal; vertical-align: baseline; white-space: pre-wrap;\">Burada amac\u0131m\u0131z Suriyelilere kar\u015f\u0131 bir ho\u015fg\u00f6r\u00fcs\u00fczl\u00fck olu\u015fturulmas\u0131 elbette de\u011fil. Bu \u00e7ok hassas bir konu. Hangi mevzuata g\u00f6re bu \u00f6\u011fretmenler g\u00f6revlendirilmi\u015ftir? E\u011fitimleri nelerdir? E\u011fitimlerinin T\u00fcrkiye\u2019deki denkli\u011fi var m\u0131d\u0131r? Pedagojik formasyonlar\u0131 var m\u0131d\u0131r? Hangi disiplin mevzuat\u0131na g\u00f6re g\u00f6rev yapacaklar? T\u00fcm bunlar\u0131 Milli E\u011fitim Bakanl\u0131\u011f\u0131 neden a\u00e7\u0131klam\u0131yor?\u201d\u00a0<\/span><\/span><\/p>\n<p dir=\"ltr\" style=\"line-height:1.295;text-align: justify;margin-top:0pt;margin-bottom:8pt;\"><span id=\"docs-internal-guid-d939c441-7fff-59f1-3c0a-3fc09436a466\"><span style=\"font-size: 16pt; font-family: &quot;Times New Roman&quot;; color: rgb(0, 0, 0); background-color: transparent; font-variant-numeric: normal; font-variant-east-asian: normal; vertical-align: baseline; white-space: pre-wrap;\">S\u00fcmer, Milli E\u011fitim Bakanl\u0131\u011f\u0131\u2019n\u0131n bir an \u00f6nce bir a\u00e7\u0131klama yapmas\u0131n\u0131 ve bu uygulamaya da son verilmesini istedi.<\/span><\/span><\/p>\n<div>\u00a0<\/div>\n","protected":false},"excerpt":{"rendered":"<p>Adana\u2019da 830 Suriyeli \u00f6\u011fretmenin okullarda g\u00f6reve ba\u015flamas\u0131yla birlikte ortaya \u00e7\u0131kan bilinmezlik s\u00fcr\u00fcyor. CHP Adana Milletvekili Orhan S\u00fcmer, TBMM Genel Kurulu\u2019nda Milli E\u011fitim Bakan\u0131 Ziya Sel\u00e7uk\u2019a sordu. Bakan \u201cMilli b\u00fct\u00e7eden atam\u0131yoruz\u201d &hellip; <a href=\"https:\/\/mersinekonomipolitikagazetesi.com\/?p=5175\" class=\"more-link\">Devam\u0131n\u0131 Oku&#8230;<\/a><\/p>\n","protected":false},"author":1,"featured_media":0,"comment_status":"open","ping_status":"open","sticky":false,"template":"","format":"standard","meta":[],"categories":[],"tags":[],"_links":{"self":[{"href":"https:\/\/mersinekonomipolitikagazetesi.com\/index.php?rest_route=\/wp\/v2\/posts\/5175"}],"collection":[{"href":"https:\/\/mersinekonomipolitikagazetesi.com\/index.php?rest_route=\/wp\/v2\/posts"}],"about":[{"href":"https:\/\/mersinekonomipolitikagazetesi.com\/index.php?rest_route=\/wp\/v2\/types\/post"}],"author":[{"embeddable":true,"href":"https:\/\/mersinekonomipolitikagazetesi.com\/index.php?rest_route=\/wp\/v2\/users\/1"}],"replies":[{"embeddable":true,"href":"https:\/\/mersinekonomipolitikagazetesi.com\/index.php?rest_route=%2Fwp%2Fv2%2Fcomments&post=5175"}],"version-history":[{"count":0,"href":"https:\/\/mersinekonomipolitikagazetesi.com\/index.php?rest_route=\/wp\/v2\/posts\/5175\/revisions"}],"wp:attachment":[{"href":"https:\/\/mersinekonomipolitikagazetesi.com\/index.php?rest_route=%2Fwp%2Fv2%2Fmedia&parent=5175"}],"wp:term":[{"taxonomy":"category","embeddable":true,"href":"https:\/\/mersinekonomipolitikagazetesi.com\/index.php?rest_route=%2Fwp%2Fv2%2Fcategories&post=5175"},{"taxonomy":"post_tag","embeddable":true,"href":"https:\/\/mersinekonomipolitikagazetesi.com\/index.php?rest_route=%2Fwp%2Fv2%2Ftags&post=5175"}],"curies":[{"name":"wp","href":"https:\/\/api.w.org\/{rel}","templated":true}]}}