{"id":5176,"date":"2020-11-04T18:25:36","date_gmt":"2020-11-04T15:25:36","guid":{"rendered":"http:\/\/mersinekonomipolitikagazetesi.com\/?p=5176"},"modified":"2020-11-04T18:25:36","modified_gmt":"2020-11-04T15:25:36","slug":"mersinde-maden-ve-tas-ocaklarinda-denetim-yetersiz","status":"publish","type":"post","link":"https:\/\/mersinekonomipolitikagazetesi.com\/?p=5176","title":{"rendered":"MERS\u0130N\u2019DE MADEN VE TA\u015e OCAKLARINDA DENET\u0130M YETERS\u0130Z!"},"content":{"rendered":"<p>Mu\u011fla B\u00fcy\u00fck\u015fehir Belediyesi\u2019nin ev sahipli\u011finde d\u00fczenlenen \u201cMadencili\u011fi Konu\u015fuyoruz\u201d isimli \u00e7al\u0131\u015ftay d\u00fczenlendi. Mersin\u2019de de b\u00fcy\u00fck tart\u0131\u015fmalara sebep olan ta\u015f ocaklar\u0131 ve madencili\u011fin do\u011faya tahribatlar\u0131na ili\u015fkin konular yeniden g\u00fcndeme geldi.<\/p>\n<p>\nMu\u011fla Gazi Mustafa Kemal Atat\u00fcrk K\u00fclt\u00fcr Merkezi\u2019nde ger\u00e7ekle\u015ftirilen \u00e7al\u0131\u015ftaya, Mu\u011fla B\u00fcy\u00fck\u015fehir Belediye Ba\u015fkan\u0131 Osman G\u00fcr\u00fcn, CHP Do\u011fa Haklar\u0131ndan Sorumlu Genel Ba\u015fkan Yard\u0131mc\u0131s\u0131 G\u00fclizar Bi\u00e7er Karaca, CHP Mu\u011fla Milletvekilleri S\u00fcleyman Girgin, Suat \u00d6zcan ve M\u00fcrsel Alban\u2019\u0131n da kat\u0131ld\u0131\u011f\u0131 \u00e7al\u0131\u015ftaya, Mu\u011fla ve \u00e7evre \u015fehirlerinde do\u011fa hakk\u0131 m\u00fccadelesi y\u00fcr\u00fcten yurtta\u015flar, sivil toplum \u00f6rg\u00fctleri, madencilik sekt\u00f6r\u00fc temsilcileri de ilgi g\u00f6sterdi.\u00a0<\/p>\n<p>\n\u201c\u00c7IKAN TOZ BULUTLARI B\u00dcY\u00dcK ZARAR VER\u0130YOR!\u201d<\/p>\n<p>Mersin&#8217;de maden ve ta\u015f ocaklar\u0131n\u0131n faaliyetlerinin devam etti\u011fi alanlarda yeterli denetimin yap\u0131lmad\u0131\u011f\u0131 iddia ediliyordu.<br \/>\nG\u00f6zne\u2019deki vatanda\u015flar taraf\u0131ndan maden ve ta\u015f ocaklar\u0131ndan \u00e7\u0131kan toz bulutlar\u0131 ormanl\u0131k alanlara ve yerle\u015fim yerlerinde ya\u015fayan t\u00fcm canl\u0131lara zarar verdi\u011fini belirten b\u00f6lge halk\u0131, &#8220;Maden ve ta\u015f oca\u011f\u0131 sahas\u0131 \u00e7evresinde bulunan yerle\u015fim yerleri ve a\u011fa\u00e7lar toz i\u00e7erisinde kalarak b\u00fcy\u00fck zarar g\u00f6r\u00fcyor. Onca \u015fikayetlere ra\u011fmen G\u00f6zne\u2019de bulunan ta\u015f oca\u011f\u0131n\u0131n alan\u0131 daha da geni\u015fletip ve beton santrali haline d\u00f6n\u00fc\u015ft\u00fcr\u00fclmesine de izin verildi. Sarn\u0131\u00e7\u2019\u0131n alt taraf\u0131ndaki eski maden oca\u011f\u0131 alan\u0131n\u0131n ormanl\u0131k alana d\u00f6n\u00fc\u015ft\u00fcr\u00fclme \u00e7al\u0131\u015fmalar\u0131 yeterince yap\u0131lm\u0131yor. Bu durum oradan ge\u00e7en hemen herkesi rahats\u0131z ediyor.&#8221; diyerek \u015fik\u00e2yetlerini dile getirdi. \u00d6zellikle toz bulutlar\u0131n\u0131n olmamas\u0131 i\u00e7in gerekli \u00f6nlemlerin al\u0131nmas\u0131 ve a\u011fa\u00e7land\u0131rman\u0131n \u00e7o\u011falt\u0131lmas\u0131 konusunda yap\u0131lan \u00e7al\u0131\u015fmalar merak konusu olurken yetkililerden bu \u00e7al\u0131\u015fmalar hakk\u0131nda a\u00e7\u0131klama yapmas\u0131 isteniyor.<\/p>\n<p>&#8220;Vah\u015fi Madencilik..!&#8221;<\/p>\n<p>CHP Do\u011fa Haklar\u0131 birimi olarak, do\u011fa haklar\u0131 ihlallerini yerinde inceleme \u00e7al\u0131\u015fmalar\u0131 hakk\u0131nda bilgi veren Bi\u00e7er Karaca, \u201cT\u00fcrkiye\u2019nin bir\u00e7ok yerinde y\u00fcr\u00fct\u00fclen madencilik faaliyetleri ve yaratt\u0131\u011f\u0131 tahribatlara kar\u015f\u0131 do\u011fa hakk\u0131 savunmas\u0131 yapan yurtta\u015flar\u0131m\u0131z ile bir araya geliyoruz.<br \/>\n\u00d6zellikle \u201cvah\u015fi madencilik\u201d dedi\u011fimiz y\u00f6ntemle yap\u0131lan madencilik faaliyetlerinden yo\u011fun \u015fikayetler al\u0131yoruz. Son d\u00f6nemde G\u00fcm\u00fc\u015fhane, Erzincan \u0130li\u00e7, Sivas Kangal gibi bir \u00e7ok yerde g\u00f6zlemledi\u011fimiz kadar\u0131yla, ekosistemin yan\u0131 s\u0131ra tar\u0131msal potansiyelleri, temiz g\u0131daya eri\u015fimi olumsuz etkileyen \u00e7al\u0131\u015fmalar y\u00fcr\u00fct\u00fcl\u00fcyor\u201d yorumunu yapt\u0131. Mu\u011fla\u2019daki \u00f6zellikle k\u00f6m\u00fcr madeni ve termik santrallerden kaynakl\u0131 kirlili\u011fe ve tahribata dikkat \u00e7eken G\u00fclizar Bi\u00e7er Karaca da, madencili\u011fin kamusal faydas\u0131 de\u011fil zararlar\u0131n\u0131n oldu\u011funu dikkat \u00e7ekerek, Mu\u011flal\u0131lar\u0131n ya\u015fad\u0131\u011f\u0131 sa\u011fl\u0131k sorunlar\u0131n\u0131 dile getirdi.<\/p>\n","protected":false},"excerpt":{"rendered":"<p>Mu\u011fla B\u00fcy\u00fck\u015fehir Belediyesi\u2019nin ev sahipli\u011finde d\u00fczenlenen \u201cMadencili\u011fi Konu\u015fuyoruz\u201d isimli \u00e7al\u0131\u015ftay d\u00fczenlendi. Mersin\u2019de de b\u00fcy\u00fck tart\u0131\u015fmalara sebep olan ta\u015f ocaklar\u0131 ve madencili\u011fin do\u011faya tahribatlar\u0131na ili\u015fkin konular yeniden g\u00fcndeme geldi. Mu\u011fla Gazi &hellip; <a href=\"https:\/\/mersinekonomipolitikagazetesi.com\/?p=5176\" class=\"more-link\">Devam\u0131n\u0131 Oku&#8230;<\/a><\/p>\n","protected":false},"author":1,"featured_media":0,"comment_status":"open","ping_status":"open","sticky":false,"template":"","format":"standard","meta":[],"categories":[],"tags":[],"_links":{"self":[{"href":"https:\/\/mersinekonomipolitikagazetesi.com\/index.php?rest_route=\/wp\/v2\/posts\/5176"}],"collection":[{"href":"https:\/\/mersinekonomipolitikagazetesi.com\/index.php?rest_route=\/wp\/v2\/posts"}],"about":[{"href":"https:\/\/mersinekonomipolitikagazetesi.com\/index.php?rest_route=\/wp\/v2\/types\/post"}],"author":[{"embeddable":true,"href":"https:\/\/mersinekonomipolitikagazetesi.com\/index.php?rest_route=\/wp\/v2\/users\/1"}],"replies":[{"embeddable":true,"href":"https:\/\/mersinekonomipolitikagazetesi.com\/index.php?rest_route=%2Fwp%2Fv2%2Fcomments&post=5176"}],"version-history":[{"count":0,"href":"https:\/\/mersinekonomipolitikagazetesi.com\/index.php?rest_route=\/wp\/v2\/posts\/5176\/revisions"}],"wp:attachment":[{"href":"https:\/\/mersinekonomipolitikagazetesi.com\/index.php?rest_route=%2Fwp%2Fv2%2Fmedia&parent=5176"}],"wp:term":[{"taxonomy":"category","embeddable":true,"href":"https:\/\/mersinekonomipolitikagazetesi.com\/index.php?rest_route=%2Fwp%2Fv2%2Fcategories&post=5176"},{"taxonomy":"post_tag","embeddable":true,"href":"https:\/\/mersinekonomipolitikagazetesi.com\/index.php?rest_route=%2Fwp%2Fv2%2Ftags&post=5176"}],"curies":[{"name":"wp","href":"https:\/\/api.w.org\/{rel}","templated":true}]}}