{"id":5181,"date":"2020-11-04T18:25:36","date_gmt":"2020-11-04T15:25:36","guid":{"rendered":"http:\/\/mersinekonomipolitikagazetesi.com\/?p=5181"},"modified":"2020-11-04T18:25:36","modified_gmt":"2020-11-04T15:25:36","slug":"817-bin-kisi-daha-issiz-kaldi","status":"publish","type":"post","link":"https:\/\/mersinekonomipolitikagazetesi.com\/?p=5181","title":{"rendered":"817 bin ki\u015fi daha \u0130\u015eS\u0130Z KALDI"},"content":{"rendered":"<p>T\u00fcrkiye \u0130statistik Kurumu (T\u00dc\u0130K), 2019 y\u0131l\u0131 Eyl\u00fcl ay\u0131 \u0130\u015fg\u00fcc\u00fc \u0130statistikleri\u2019ni a\u00e7\u0131klad\u0131. Buna g\u00f6re, T\u00fcrkiye genelinde 15 ve daha yukar\u0131 ya\u015ftakilerde i\u015fsiz say\u0131s\u0131 2019 y\u0131l\u0131 Eyl\u00fcl d\u00f6neminde ge\u00e7en y\u0131l\u0131n ayn\u0131 d\u00f6nemine g\u00f6re 817 bin ki\u015fi artarak 4 milyon 566 bin ki\u015fi oldu. \u0130\u015fsizlik oran\u0131 2,4 puanl\u0131k art\u0131\u015f ile y\u00fczde 13,8 seviyesinde ger\u00e7ekle\u015fti. Ayn\u0131 d\u00f6nemde; tar\u0131m d\u0131\u015f\u0131 i\u015fsizlik oran\u0131 2,9 puanl\u0131k art\u0131\u015f ile y\u00fczde 16,4 olarak tahmin edildi. Gen\u00e7 n\u00fcfusta (15-24 ya\u015f) i\u015fsizlik oran\u0131 4,5 puanl\u0131k art\u0131\u015f ile y\u00fczde 26,1 olurken,15-64 ya\u015f grubunda bu oran 2,4 puanl\u0131k art\u0131\u015f ile y\u00fczde 14,1 olarak ger\u00e7ekle\u015fti.<br \/>\n\u00a0<br \/>\n\u0130stihdam oran\u0131 y\u00fczde 46,1 oldu<br \/>\n\u00a0<br \/>\n\u0130stihdam edilenlerin say\u0131s\u0131 2019 y\u0131l\u0131 Eyl\u00fcl d\u00f6neminde, bir \u00f6nceki y\u0131l\u0131n ayn\u0131 d\u00f6nemine g\u00f6re 623 bin ki\u015fi azalarak 28 milyon 440 bin ki\u015fi, istihdam oran\u0131 ise 1,7 puanl\u0131k azal\u0131\u015f ile y\u00fczde 46,1 oldu.\u00a0<br \/>\nBu d\u00f6nemde, tar\u0131m sekt\u00f6r\u00fcnde \u00e7al\u0131\u015fan say\u0131s\u0131 108 bin, tar\u0131m d\u0131\u015f\u0131 sekt\u00f6rlerde \u00e7al\u0131\u015fan say\u0131s\u0131 516 bin ki\u015fi azald\u0131. \u0130stihdam edilenlerin y\u00fczde 19,3&#8217;\u00fc tar\u0131m, y\u00fczde 19,5&#8217;i sanayi, y\u00fczde 5,5&#8217;i in\u015faat, y\u00fczde 55,7&#8217;si ise hizmet sekt\u00f6r\u00fcnde yer ald\u0131. \u00d6nceki y\u0131l\u0131n ayn\u0131 d\u00f6nemi ile kar\u015f\u0131la\u015ft\u0131r\u0131ld\u0131\u011f\u0131nda tar\u0131m sekt\u00f6r\u00fcn\u00fcn istihdam edilenler i\u00e7indeki pay\u0131 0,1 puan, hizmet sekt\u00f6r\u00fcn\u00fcn pay\u0131 1,4 puan artarken sanayi sekt\u00f6r\u00fcn\u00fcn pay\u0131 0,1 puan, in\u015faat sekt\u00f6r\u00fcn\u00fcn pay\u0131 1,4 puan azald\u0131.\u00a0<\/p>\n<p>\u0130\u015fg\u00fcc\u00fc 2019 y\u0131l\u0131 Eyl\u00fcl d\u00f6neminde bir \u00f6nceki y\u0131l\u0131n ayn\u0131 d\u00f6nemine g\u00f6re 193 bin ki\u015fi artarak 33 milyon 6 bin ki\u015fi, i\u015fg\u00fcc\u00fcne kat\u0131lma oran\u0131 ise 0,5 puanl\u0131k azal\u0131\u015f ile y\u00fczde 53,5 olarak ger\u00e7ekle\u015fti. Ayn\u0131 d\u00f6nemler i\u00e7in yap\u0131lan k\u0131yaslamalara g\u00f6re; erkeklerde i\u015fg\u00fcc\u00fcne kat\u0131lma oran\u0131 0,9 puanl\u0131k azal\u0131\u015f ile y\u00fczde 72,6, kad\u0131nlarda ise de\u011fi\u015fim g\u00f6stermeyerek y\u00fczde 34,9 olarak ger\u00e7ekle\u015fti.<br \/>\n\u00a0<br \/>\nKay\u0131t d\u0131\u015f\u0131 \u00e7al\u0131\u015fanlar\u0131n\u00a0<br \/>\noran\u0131 y\u00fczde 36<br \/>\n\u00a0<br \/>\nEyl\u00fcl 2019 d\u00f6neminde herhangi bir sosyal g\u00fcvenlik kurulu\u015funa ba\u011fl\u0131 olmadan \u00e7al\u0131\u015fanlar\u0131n oran\u0131, bir \u00f6nceki y\u0131l\u0131n ayn\u0131 d\u00f6nemine g\u00f6re 2,2 puan artarak y\u00fczde 36,0 olarak ger\u00e7ekle\u015fti. Tar\u0131m d\u0131\u015f\u0131 sekt\u00f6rde kay\u0131t d\u0131\u015f\u0131 \u00e7al\u0131\u015fanlar\u0131n oran\u0131 ise bir \u00f6nceki y\u0131l\u0131n ayn\u0131 d\u00f6nemine g\u00f6re 1,6 puan artarak y\u00fczde 23,6 oldu. Mevsim etkisinden ar\u0131nd\u0131r\u0131lm\u0131\u015f istihdam bir \u00f6nceki d\u00f6neme g\u00f6re 36 bin ki\u015fi artarak 28 milyon 111 bin ki\u015fi olarak tahmin edildi. \u0130stihdam oran\u0131 de\u011fi\u015fim g\u00f6stermeyerek y\u00fczde 45,6 oldu. (\u0130HA)\u00a0\u00a0<br \/>\n\u0130\u015fsizlik oran\u0131 Eyl\u00fcl ay\u0131nda y\u0131ll\u0131k bazda 2,4 puanl\u0131k art\u0131\u015f ile y\u00fczde 13,8 seviyesinde ger\u00e7ekle\u015fti.<\/p>\n","protected":false},"excerpt":{"rendered":"<p>T\u00fcrkiye \u0130statistik Kurumu (T\u00dc\u0130K), 2019 y\u0131l\u0131 Eyl\u00fcl ay\u0131 \u0130\u015fg\u00fcc\u00fc \u0130statistikleri\u2019ni a\u00e7\u0131klad\u0131. Buna g\u00f6re, T\u00fcrkiye genelinde 15 ve daha yukar\u0131 ya\u015ftakilerde i\u015fsiz say\u0131s\u0131 2019 y\u0131l\u0131 Eyl\u00fcl d\u00f6neminde ge\u00e7en y\u0131l\u0131n ayn\u0131 d\u00f6nemine &hellip; <a href=\"https:\/\/mersinekonomipolitikagazetesi.com\/?p=5181\" class=\"more-link\">Devam\u0131n\u0131 Oku&#8230;<\/a><\/p>\n","protected":false},"author":1,"featured_media":0,"comment_status":"open","ping_status":"open","sticky":false,"template":"","format":"standard","meta":[],"categories":[],"tags":[],"_links":{"self":[{"href":"https:\/\/mersinekonomipolitikagazetesi.com\/index.php?rest_route=\/wp\/v2\/posts\/5181"}],"collection":[{"href":"https:\/\/mersinekonomipolitikagazetesi.com\/index.php?rest_route=\/wp\/v2\/posts"}],"about":[{"href":"https:\/\/mersinekonomipolitikagazetesi.com\/index.php?rest_route=\/wp\/v2\/types\/post"}],"author":[{"embeddable":true,"href":"https:\/\/mersinekonomipolitikagazetesi.com\/index.php?rest_route=\/wp\/v2\/users\/1"}],"replies":[{"embeddable":true,"href":"https:\/\/mersinekonomipolitikagazetesi.com\/index.php?rest_route=%2Fwp%2Fv2%2Fcomments&post=5181"}],"version-history":[{"count":0,"href":"https:\/\/mersinekonomipolitikagazetesi.com\/index.php?rest_route=\/wp\/v2\/posts\/5181\/revisions"}],"wp:attachment":[{"href":"https:\/\/mersinekonomipolitikagazetesi.com\/index.php?rest_route=%2Fwp%2Fv2%2Fmedia&parent=5181"}],"wp:term":[{"taxonomy":"category","embeddable":true,"href":"https:\/\/mersinekonomipolitikagazetesi.com\/index.php?rest_route=%2Fwp%2Fv2%2Fcategories&post=5181"},{"taxonomy":"post_tag","embeddable":true,"href":"https:\/\/mersinekonomipolitikagazetesi.com\/index.php?rest_route=%2Fwp%2Fv2%2Ftags&post=5181"}],"curies":[{"name":"wp","href":"https:\/\/api.w.org\/{rel}","templated":true}]}}