{"id":5182,"date":"2020-11-04T18:25:36","date_gmt":"2020-11-04T15:25:36","guid":{"rendered":"http:\/\/mersinekonomipolitikagazetesi.com\/?p=5182"},"modified":"2020-11-04T18:25:36","modified_gmt":"2020-11-04T15:25:36","slug":"akamibin-performansi-turkiye-mobilya-ihracatinin-iki-katini-asti","status":"publish","type":"post","link":"https:\/\/mersinekonomipolitikagazetesi.com\/?p=5182","title":{"rendered":"AKAM\u0130B\u2019in performans\u0131 T\u00fcrkiye mobilya ihracat\u0131n\u0131n iki kat\u0131n\u0131 a\u015ft\u0131"},"content":{"rendered":"<p>T\u00fcrkiye Mobilya, Ka\u011f\u0131t ve Orman \u00dcr\u00fcnleri Sekt\u00f6r\u00fc, 2019 y\u0131l\u0131 ihracat performans\u0131nda y\u00fczde 9,9\u2019luk art\u0131\u015f sa\u011flay\u0131p, 5 milyar dolar seviyesine ula\u015f\u0131rken, Akdeniz Mobilya, Ka\u011f\u0131t ve Orman \u00dcr\u00fcnleri \u0130hracat\u00e7\u0131lar\u0131 Birli\u011fi (AKAM\u0130B) ayn\u0131 d\u00f6nemde y\u00fczde 22,5\u2019lik gibi b\u00fcy\u00fck bir art\u0131\u015fla 861 milyon dolarl\u0131k ihracat ger\u00e7ekle\u015ftirme ba\u015far\u0131s\u0131 g\u00f6sterdi. AKAM\u0130B Ba\u015fkan\u0131, Arkopa Ah\u015fap Panel Sanayi Y\u00f6netim Kurulu Ba\u015fkan Yard\u0131mc\u0131s\u0131 Refik Onur K\u0131l\u0131\u00e7er, k\u00fcresel pazarlarda ya\u015fanan zorluklara ra\u011fmen Kayseri, Adana, Hatay, Mersin ve Karaman b\u00f6lgesindeki mobilya, ka\u011f\u0131t ve orman \u00fcr\u00fcnleri firmalar\u0131n\u0131n dinamizmleri, stratejik kararlar\u0131 ve do\u011fru rota tespitleriyle ba\u015far\u0131 hikayesi yazd\u0131\u011f\u0131n\u0131 belirtti.\u00a0 \u00a0<br \/>\n\u00a0<br \/>\n\u00a0 Mobilya ihracat\u0131nda hedef pazar Amerika kat\u0131s\u0131\u00a0<br \/>\n\u00a0 AKAM\u0130B \u00fcyelerine \u00fcst\u00fcn gayretlerinden dolay\u0131 te\u015fekk\u00fcr eden Refik Onur K\u0131l\u0131\u00e7er K\u0131l\u0131\u00e7er, \u00f6n\u00fcm\u00fczdeki s\u00fcre\u00e7te \u00c7in\u2019e y\u00f6nelik yapt\u0131r\u0131mlar nedeniyle ABD\u2019nin 53 milyar dolarl\u0131k ithal mobilya pazar\u0131nda b\u00fcy\u00fck f\u0131rsatlar do\u011fdu\u011funu, yatak ve \u00e7ekyat \u00fcr\u00fcnleri ihracat\u0131nda Kanada ve Meksika pazar\u0131n\u0131n a\u00e7\u0131k oldu\u011funu kaydetti. Atat\u00fcrk Havaliman\u0131\u2019n\u0131n fuar alan\u0131 olarak d\u00fczenlenmesinin sekt\u00f6r\u00fcn beklentisi oldu\u011funu dile getiren K\u0131l\u0131\u00e7er, Rekabet Kurulu\u2019nun ham madde tedarik\u00e7ilerinin kontrol\u00fcn\u00fc s\u00fcrekli hale getirilmesini isteyip, en b\u00fcy\u00fck sorunlar aras\u0131ndaki kay\u0131t d\u0131\u015f\u0131l\u0131\u011f\u0131n \u00f6nlenmesi i\u00e7in KDV oran\u0131n\u0131n y\u00fczde 18\u2019den y\u00fczde 10\u2019a d\u00fc\u015f\u00fcr\u00fclmesinin b\u00fcy\u00fck yarar sa\u011flayaca\u011f\u0131n\u0131 s\u00f6yledi.\u00a0<br \/>\n\u00a0<br \/>\n\u00a0 &#8220;Amerika pazar\u0131nda ihracat\u0131m\u0131z\u0131 ikiye katlayabiliriz&#8221;\u00a0<br \/>\n\u00a0 Mobilyada hedef pazar olarak Amerika k\u0131tas\u0131n\u0131 se\u00e7tiklerini, Ur-Ge \u00e7al\u0131\u015fmalar\u0131n\u0131 da Kayseri\u2019deki 15 firmayla ba\u015flatt\u0131klar\u0131n\u0131 belirten K\u0131l\u0131\u00e7er, \u201cT\u00fcrkiye ile ABD aras\u0131nda 20 milyar dolarl\u0131k ticaret hacmini 100 milyar dolay\u0131 \u00e7\u0131karma hedefi var. Amerika pazar\u0131, \u00c7in\u2019e y\u00f6nelik yapt\u0131r\u0131mlardan kaynakl\u0131 olarak T\u00fcrk mobilyas\u0131na a\u00e7\u0131k hale gelmi\u015f durumda. ABD\u2019de 53 milyar dolarl\u0131k bir pazar var. Bizim mobilya, ka\u011f\u0131t ve orman \u00fcr\u00fcnleri olarak toplam ihracat\u0131m\u0131z y\u0131ll\u0131k 5 milyar dolar\u0131 a\u015fm\u0131\u015f vaziyette. Mobilyan\u0131n pay\u0131 2,5 milyar dolar d\u00fczeyinde. Dolay\u0131s\u0131yla biz 53 milyar dolarl\u0131k pazardan y\u00fczde 3-5\u2019lik pay alsak bile \u015fu anki toplam mobilya ihracat\u0131m\u0131z\u0131 en az iki kat\u0131na \u00e7\u0131karabiliriz\u201d dedi.\u00a0<br \/>\n\u00a0<br \/>\n\u00a0 &#8220;Yatak ve \u00e7ekyatta Kanada ve Meksika pazar\u0131 a\u00e7\u0131k&#8221;\u00a0<br \/>\n\u00a0 ABD\u2019nin yan\u0131 s\u0131ra Kanada ve Meksika\u2019ya da mobilya ihracat\u0131n\u0131n artabilece\u011fine, \u00f6zellikle \u00e7ekyat ve yatak \u00fcr\u00fcnlerinde pazar\u0131n a\u00e7\u0131k oldu\u011funa dikkat \u00e7eken K\u0131l\u0131\u00e7er, G\u00fcney Amerika\u2019da Brezilya hari\u00e7 mobilya ve mobilya yan sanayi \u00fcr\u00fcnlerinde vergilerin d\u00fc\u015f\u00fck oldu\u011funu, korumac\u0131 \u00f6nlemlerin bulunmad\u0131\u011f\u0131n\u0131, bu pazarlara ihracat yapan firmalar\u0131n say\u0131s\u0131nda art\u0131\u015f g\u00f6zlendi\u011fini s\u00f6yledi. Mobilya ihracat\u00e7\u0131lar\u0131n\u0131 Ortado\u011fu, Rusya ve Avrupa \u00fclkelerinde de etkili olmalar\u0131 i\u00e7in desteklediklerini aktaran K\u0131l\u0131\u00e7er, \u0130talya\u2019daki mobilya fuar\u0131na kat\u0131l\u0131m sa\u011flad\u0131klar\u0131n\u0131, burada B2B g\u00f6r\u00fc\u015fmeleri yapt\u0131klar\u0131n\u0131 ve Kayseri\u2019den iki firman\u0131n proje bazl\u0131 i\u015f ald\u0131\u011f\u0131n\u0131 kaydetti.\u00a0<br \/>\n\u00a0<br \/>\n\u00a0 &#8220;Kayseri, Adana ve Hatay&#8217;da \u00e7ok g\u00fc\u00e7l\u00fc firmalar var&#8221;\u00a0<br \/>\n\u00a0 Hali haz\u0131rda ula\u015f\u0131lm\u0131\u015f pazarlar olan Ortado\u011fu ve Avrupa \u00fclkelerine ihracat\u0131n devam etti\u011fini kaydeden Refik Onur K\u0131l\u0131\u00e7er, \u201cMobilya kapasitemiz y\u00fcksek, makine park\u0131m\u0131z yeni. Ancak kapasitemizin hepsini kullanam\u0131yoruz. Avrupa\u2019daki mobilya firmalar\u0131ndaki otomasyonun hepsini Kayseri\u2019deki firmalar\u0131m\u0131zda bulabilirsiniz. Kayseri, Adana ve Hatay mobilya sekt\u00f6r\u00fcnde odaklanm\u0131\u015f vaziyette \u00e7al\u0131\u015f\u0131yor. Yeterince nitelikli i\u015fg\u00fcc\u00fcne sahip, yar\u0131 mamul ve ham madde temini a\u00e7\u0131s\u0131ndan bu illerimiz rahat. \u00d6zellikle MDF \u00fcretiminde kapasite olarak Avrupa\u2019da birinci s\u0131raday\u0131z. Bu alanda Almanya\u2019dan da \u00fclkemize yat\u0131r\u0131mc\u0131 \u00e7ekiyoruz. Ham madde ihtiyac\u0131m\u0131 kar\u015f\u0131layacak orman varl\u0131\u011f\u0131m\u0131z mevcut. Ya\u015f\u0131 gelmi\u015f a\u011fa\u00e7lar\u0131n kesilmesi, yerine yenilerinin dikilmesi konusunda Tar\u0131m ve Orman Bakanl\u0131\u011f\u0131\u2019n\u0131n elini \u00e7abuk tutmas\u0131 \u00fcretici firmalar\u0131n yarar\u0131na olacak. Mevcut orman kaynaklar\u0131n\u0131n ekonomiye kazan\u0131m\u0131 sa\u011flan\u0131rsa mobilya \u00fcretimimizi be\u015f kata kadar artt\u0131rmam\u0131z m\u00fcmk\u00fcn olabilir\u201d diye konu\u015ftu.\u00a0<br \/>\n\u00a0<br \/>\n\u00a0 &#8220;Palette Adana ve Mersin en b\u00fcy\u00fck \u00fcretici illerimiz&#8221;\u00a0<br \/>\n\u00a0 Keresteler-Sand\u0131k-Kafes-Palet \u00fcretiminde ise T\u00fcrkiye olarak t\u00fcm sertifikasyonlar\u0131 sa\u011flad\u0131klar\u0131n\u0131 vurgulayan AKAM\u0130B Ba\u015fkan\u0131 Refik Onur K\u0131l\u0131\u00e7er, \u00fcretim kapasitesinde ise Adana ve Mersin\u2019in en b\u00fcy\u00fck palet \u00fcreticisi oldu\u011funu aktard\u0131. Bu alanda yapt\u0131klar\u0131 Ur-Ge \u00e7al\u0131\u015fmalar\u0131nda da verimli sonu\u00e7lar elde ettiklerini dile getiren K\u0131l\u0131\u00e7er, \u201cPalet firmalar\u0131 genellikle KOB\u0130\u2019ler veya \u015fah\u0131s firmalar\u0131 ve \u00fcretimleri ihracata y\u00f6nelik de\u011fil. Bu alanda y\u00fcr\u00fctt\u00fc\u011f\u00fcm\u00fcz Ur-Ge projemiz sonucunda Mersin\u2019den 5 firmam\u0131z ihracata ba\u015flad\u0131. \u00d6n\u00fcm\u00fczdeki s\u00fcre\u00e7te kereste, palet Ur-Ge projelerimiz devam edecek\u201d \u015feklinde de\u011ferlendirdi.\u00a0<br \/>\n\u00a0<br \/>\n\u00a0 &#8220;Atat\u00fcrk Havaliman\u0131 fuar merkezine d\u00f6n\u00fc\u015ft\u00fcr\u00fclmeli&#8221;\u00a0<br \/>\n\u00a0 K\u0131l\u0131\u00e7er, mobilya, ka\u011f\u0131t ve orman \u00fcr\u00fcnleri sekt\u00f6r\u00fcnde fuarlar\u0131n b\u00fcy\u00fck \u00f6nem ta\u015f\u0131d\u0131\u011f\u0131n\u0131, Adana, Kayseri\u2019deki mobilya fuarlar\u0131na \u00fcretici ve ihracat\u00e7\u0131 firmalar\u0131n b\u00fcy\u00fck ra\u011fbet g\u00f6sterdi\u011fini, davet edilen al\u0131m heyetleriyle \u00f6nemli ba\u011flant\u0131lar yap\u0131ld\u0131\u011f\u0131n\u0131 aktard\u0131. Sekt\u00f6r\u00fcn en b\u00fcy\u00fck fuar\u0131n\u0131n \u0130stanbul\u2019daki IMOB Fuar\u0131 oldu\u011funu, ancak burada da kat\u0131l\u0131mc\u0131 say\u0131s\u0131n\u0131n fazlal\u0131\u011f\u0131 nedeniyle yer s\u0131k\u0131nt\u0131s\u0131 ya\u015fand\u0131\u011f\u0131n\u0131 anlatan Ba\u015fkan K\u0131l\u0131\u00e7er, Atat\u00fcrk Havaliman\u0131\u2019n\u0131n fuar merkezine d\u00f6n\u00fc\u015ft\u00fcr\u00fclmesini beklediklerini belirtti.\u00a0<br \/>\n\u00a0 K\u0131l\u0131\u00e7er, \u201cIMOB fuar\u0131m\u0131z uluslararas\u0131 alanda r\u00fc\u015ft\u00fcn\u00fc ispatlad\u0131. Pek \u00e7ok al\u0131c\u0131 fuar\u0131m\u0131z\u0131 ajandas\u0131na kaydetmi\u015f durumda. Dolay\u0131s\u0131yla sekt\u00f6r\u00fcm\u00fcz\u00fcn en \u00f6nemli fuar\u0131n\u0131 geli\u015ftirmemiz laz\u0131m. T\u00fcrkiye\u2019ye yak\u0131\u015fan, g\u00fczel bir fuar merkezinin yap\u0131lmas\u0131 aciliyet arz ediyor. \u00c7\u00fcnk\u00fc mobilya fuarlar\u0131nda sergileme alan\u0131 en az 40-50 metrekare olmal\u0131. Firmalar\u0131m\u0131z\u0131n taleplerine uygun \u015fekilde fiziki d\u00fczenlemeler yap\u0131lmas\u0131 beklentimizdir\u201d dedi.\u00a0<\/p>\n","protected":false},"excerpt":{"rendered":"<p>T\u00fcrkiye Mobilya, Ka\u011f\u0131t ve Orman \u00dcr\u00fcnleri Sekt\u00f6r\u00fc, 2019 y\u0131l\u0131 ihracat performans\u0131nda y\u00fczde 9,9\u2019luk art\u0131\u015f sa\u011flay\u0131p, 5 milyar dolar seviyesine ula\u015f\u0131rken, Akdeniz Mobilya, Ka\u011f\u0131t ve Orman \u00dcr\u00fcnleri \u0130hracat\u00e7\u0131lar\u0131 Birli\u011fi (AKAM\u0130B) ayn\u0131 &hellip; <a href=\"https:\/\/mersinekonomipolitikagazetesi.com\/?p=5182\" class=\"more-link\">Devam\u0131n\u0131 Oku&#8230;<\/a><\/p>\n","protected":false},"author":1,"featured_media":0,"comment_status":"open","ping_status":"open","sticky":false,"template":"","format":"standard","meta":[],"categories":[],"tags":[],"_links":{"self":[{"href":"https:\/\/mersinekonomipolitikagazetesi.com\/index.php?rest_route=\/wp\/v2\/posts\/5182"}],"collection":[{"href":"https:\/\/mersinekonomipolitikagazetesi.com\/index.php?rest_route=\/wp\/v2\/posts"}],"about":[{"href":"https:\/\/mersinekonomipolitikagazetesi.com\/index.php?rest_route=\/wp\/v2\/types\/post"}],"author":[{"embeddable":true,"href":"https:\/\/mersinekonomipolitikagazetesi.com\/index.php?rest_route=\/wp\/v2\/users\/1"}],"replies":[{"embeddable":true,"href":"https:\/\/mersinekonomipolitikagazetesi.com\/index.php?rest_route=%2Fwp%2Fv2%2Fcomments&post=5182"}],"version-history":[{"count":0,"href":"https:\/\/mersinekonomipolitikagazetesi.com\/index.php?rest_route=\/wp\/v2\/posts\/5182\/revisions"}],"wp:attachment":[{"href":"https:\/\/mersinekonomipolitikagazetesi.com\/index.php?rest_route=%2Fwp%2Fv2%2Fmedia&parent=5182"}],"wp:term":[{"taxonomy":"category","embeddable":true,"href":"https:\/\/mersinekonomipolitikagazetesi.com\/index.php?rest_route=%2Fwp%2Fv2%2Fcategories&post=5182"},{"taxonomy":"post_tag","embeddable":true,"href":"https:\/\/mersinekonomipolitikagazetesi.com\/index.php?rest_route=%2Fwp%2Fv2%2Ftags&post=5182"}],"curies":[{"name":"wp","href":"https:\/\/api.w.org\/{rel}","templated":true}]}}