{"id":5183,"date":"2020-11-04T18:25:36","date_gmt":"2020-11-04T15:25:36","guid":{"rendered":"http:\/\/mersinekonomipolitikagazetesi.com\/?p=5183"},"modified":"2020-11-04T18:25:36","modified_gmt":"2020-11-04T15:25:36","slug":"mersin-toptanci-hal-kompleksi-esnafi-e-fatura-ile-ilgili-bilgilendirildi","status":"publish","type":"post","link":"https:\/\/mersinekonomipolitikagazetesi.com\/?p=5183","title":{"rendered":"Mersin Toptanc\u0131 Hal Kompleksi esnaf\u0131 e-fatura ile ilgili bilgilendirildi"},"content":{"rendered":"<p><span style=\"color: rgb(74, 74, 74); font-family: &quot;Segoe UI&quot;, &quot;Helvetica Neue&quot;, Helvetica, &quot;Lucida Grande&quot;, Arial, Ubuntu, Cantarell, &quot;Fira Sans&quot;, sans-serif; font-size: 15px; white-space: pre-wrap; background-color: rgb(255, 255, 255);\">Mersin Toptanc\u0131 Hal Kompleksi\u2019nde faaliyet g\u00f6steren komisyoncu, t\u00fcccar ve ihracat\u00e7\u0131 esnaf\u0131, 1 Ocak 2020\u2019de y\u00fcr\u00fcrl\u00fc\u011fe girecek olan e-fatura uygulamas\u0131na ge\u00e7me zorunlulu\u011fu ile ilgili bilgilendirildi. Mersin B\u00fcy\u00fck\u015fehir Belediyesi\u2019nin koordinasyonunda ger\u00e7ekle\u015ftirilen bilgilendirme toplant\u0131s\u0131, Mersin Vergi Dairesi Ba\u015fkanl\u0131\u011f\u0131\u2019nca yap\u0131ld\u0131. Bu \u00e7er\u00e7evede, 19 Ekim 2019\u2019da Resmi Gazete\u2019de yay\u0131nlanarak y\u00fcr\u00fcrl\u00fc\u011fe giren 509 No\u2019lu Vergi Usul Kanunu Genel Tebli\u011fi\u2019nin e-fatura uygulamas\u0131na ge\u00e7i\u015f zorunlulu\u011fu&#8217; maddesi gere\u011fince, 1 Ocak 2020\u2019den itibaren e-fatura uygulamas\u0131na ge\u00e7mek zorunda olan esnaf uygulama hakk\u0131nda bilgilendirildi. Toptanc\u0131 Hal Kompleksi i\u00e7erisinde komisyoncu, t\u00fcccar ve ihracat\u00e7\u0131 olarak sebze ve meyve ticareti yapan 900 m\u00fckellef bulundu\u011fu belirtildi. 1 Ocak 2020\u2019ye kadar ba\u015fvurular\u0131n\u0131 ve fiili ge\u00e7i\u015f haz\u0131rl\u0131klar\u0131n\u0131 tamamlayarak e-fatura uygulamas\u0131na ge\u00e7me zorunlulu\u011fu bulunan esnafa sistem hakk\u0131nda bilgilendirmede bulunuldu. <\/span><\/p>\n","protected":false},"excerpt":{"rendered":"<p>Mersin Toptanc\u0131 Hal Kompleksi\u2019nde faaliyet g\u00f6steren komisyoncu, t\u00fcccar ve ihracat\u00e7\u0131 esnaf\u0131, 1 Ocak 2020\u2019de y\u00fcr\u00fcrl\u00fc\u011fe girecek olan e-fatura uygulamas\u0131na ge\u00e7me zorunlulu\u011fu ile ilgili bilgilendirildi. Mersin B\u00fcy\u00fck\u015fehir Belediyesi\u2019nin koordinasyonunda ger\u00e7ekle\u015ftirilen bilgilendirme &hellip; <a href=\"https:\/\/mersinekonomipolitikagazetesi.com\/?p=5183\" class=\"more-link\">Devam\u0131n\u0131 Oku&#8230;<\/a><\/p>\n","protected":false},"author":1,"featured_media":0,"comment_status":"open","ping_status":"open","sticky":false,"template":"","format":"standard","meta":[],"categories":[],"tags":[],"_links":{"self":[{"href":"https:\/\/mersinekonomipolitikagazetesi.com\/index.php?rest_route=\/wp\/v2\/posts\/5183"}],"collection":[{"href":"https:\/\/mersinekonomipolitikagazetesi.com\/index.php?rest_route=\/wp\/v2\/posts"}],"about":[{"href":"https:\/\/mersinekonomipolitikagazetesi.com\/index.php?rest_route=\/wp\/v2\/types\/post"}],"author":[{"embeddable":true,"href":"https:\/\/mersinekonomipolitikagazetesi.com\/index.php?rest_route=\/wp\/v2\/users\/1"}],"replies":[{"embeddable":true,"href":"https:\/\/mersinekonomipolitikagazetesi.com\/index.php?rest_route=%2Fwp%2Fv2%2Fcomments&post=5183"}],"version-history":[{"count":0,"href":"https:\/\/mersinekonomipolitikagazetesi.com\/index.php?rest_route=\/wp\/v2\/posts\/5183\/revisions"}],"wp:attachment":[{"href":"https:\/\/mersinekonomipolitikagazetesi.com\/index.php?rest_route=%2Fwp%2Fv2%2Fmedia&parent=5183"}],"wp:term":[{"taxonomy":"category","embeddable":true,"href":"https:\/\/mersinekonomipolitikagazetesi.com\/index.php?rest_route=%2Fwp%2Fv2%2Fcategories&post=5183"},{"taxonomy":"post_tag","embeddable":true,"href":"https:\/\/mersinekonomipolitikagazetesi.com\/index.php?rest_route=%2Fwp%2Fv2%2Ftags&post=5183"}],"curies":[{"name":"wp","href":"https:\/\/api.w.org\/{rel}","templated":true}]}}