{"id":5191,"date":"2020-11-04T18:25:37","date_gmt":"2020-11-04T15:25:37","guid":{"rendered":"http:\/\/mersinekonomipolitikagazetesi.com\/?p=5191"},"modified":"2020-11-04T18:25:37","modified_gmt":"2020-11-04T15:25:37","slug":"vali-su-fabrikada-incelemelerde-bulundu","status":"publish","type":"post","link":"https:\/\/mersinekonomipolitikagazetesi.com\/?p=5191","title":{"rendered":"Vali Su, fabrikada incelemelerde bulundu"},"content":{"rendered":"<p>Mersin Valisi Ali \u0130hsan Su, Mersin Tarsus Organize Sanayi B\u00f6lgesi (MTOSB) M\u00fcte\u015febbis Heyet toplant\u0131s\u0131 \u00f6ncesinde, ah\u015fap at\u0131klar\u0131n\u0131n d\u00f6n\u00fc\u015f\u00fcm\u00fc alan\u0131nda faaliyet g\u00f6steren bir firman\u0131n b\u00f6lgede a\u00e7t\u0131\u011f\u0131 ikinci fabrikay\u0131 ziyaret ederek incelemelerde bulundu.\u00a0<br \/>\nVali Su, MTOSB M\u00fcte\u015febbis Heyet aral\u0131k ay\u0131 ola\u011fan toplant\u0131s\u0131na ba\u015fkanl\u0131k etti. MTOSB\u2019de d\u00fczenlenen toplant\u0131ya, Tarsus Belediye Ba\u015fkan\u0131 Haluk Bozdo\u011fan, Mersin Ticaret ve Sanayi Odas\u0131 Ba\u015fkan\u0131 Ayhan K\u0131z\u0131ltan ve MTOSB Y\u00f6netim Kurulu Ba\u015fkan\u0131 Sabri Tekli ile m\u00fcte\u015febbis heyet \u00fcyeleri kat\u0131ld\u0131. Bir \u00f6nceki toplant\u0131da al\u0131nan kararlar\u0131n g\u00f6zden ge\u00e7irildi\u011fi toplant\u0131, g\u00fcndem maddelerinin g\u00f6r\u00fc\u015f\u00fclerek karara ba\u011flanmas\u0131 ile son buldu.\u00a0<\/p>\n<p>Vali Su, yeni a\u00e7\u0131lan fabrikay\u0131 ziyaret etti\u00a0<br \/>\nVali Su, MTOSB m\u00fcte\u015febbis heyet toplant\u0131s\u0131 \u00f6ncesinde ise 2018 y\u0131l\u0131nda MTOSB\u2019de faaliyete ge\u00e7en ve ah\u015fap at\u0131klar\u0131n\u0131n d\u00f6n\u00fc\u015f\u00fcm\u00fcn\u00fc sa\u011flayan bir firman\u0131n yeni a\u00e7t\u0131\u011f\u0131 ikinci fabrikas\u0131n\u0131 ziyaret etti. MTOSB Ba\u015fkan\u0131 Tekli\u2019nin de e\u015flik etti\u011fi ziyarette, ah\u015fap at\u0131klar\u0131ndan imalat, enerji ve yeti\u015ftiricilik sekt\u00f6rlerinde kullan\u0131lan \u00fcr\u00fcnler \u00fcreten fabrikada incelemelerde bulunan Su, 30 ki\u015fiye istihdam sa\u011flayan tesis hakk\u0131nda yetkililerden bilgi alarak, i\u015f\u00e7ilerle sohbet etti.\u00a0<br \/>\n\u0130ncelemelerinin ard\u0131ndan a\u00e7\u0131klamalarda bulunan Vali Su, \u00fcretimin b\u00f6lge ekonomisine ve istihdama sa\u011flad\u0131\u011f\u0131 katk\u0131ya dikkat \u00e7ekerek, yeni fabrikan\u0131n hay\u0131rl\u0131 olmas\u0131n\u0131 diledi. \u00a0\u00a0<\/p>\n","protected":false},"excerpt":{"rendered":"<p>Mersin Valisi Ali \u0130hsan Su, Mersin Tarsus Organize Sanayi B\u00f6lgesi (MTOSB) M\u00fcte\u015febbis Heyet toplant\u0131s\u0131 \u00f6ncesinde, ah\u015fap at\u0131klar\u0131n\u0131n d\u00f6n\u00fc\u015f\u00fcm\u00fc alan\u0131nda faaliyet g\u00f6steren bir firman\u0131n b\u00f6lgede a\u00e7t\u0131\u011f\u0131 ikinci fabrikay\u0131 ziyaret ederek incelemelerde &hellip; <a href=\"https:\/\/mersinekonomipolitikagazetesi.com\/?p=5191\" class=\"more-link\">Devam\u0131n\u0131 Oku&#8230;<\/a><\/p>\n","protected":false},"author":1,"featured_media":0,"comment_status":"open","ping_status":"open","sticky":false,"template":"","format":"standard","meta":[],"categories":[],"tags":[],"_links":{"self":[{"href":"https:\/\/mersinekonomipolitikagazetesi.com\/index.php?rest_route=\/wp\/v2\/posts\/5191"}],"collection":[{"href":"https:\/\/mersinekonomipolitikagazetesi.com\/index.php?rest_route=\/wp\/v2\/posts"}],"about":[{"href":"https:\/\/mersinekonomipolitikagazetesi.com\/index.php?rest_route=\/wp\/v2\/types\/post"}],"author":[{"embeddable":true,"href":"https:\/\/mersinekonomipolitikagazetesi.com\/index.php?rest_route=\/wp\/v2\/users\/1"}],"replies":[{"embeddable":true,"href":"https:\/\/mersinekonomipolitikagazetesi.com\/index.php?rest_route=%2Fwp%2Fv2%2Fcomments&post=5191"}],"version-history":[{"count":0,"href":"https:\/\/mersinekonomipolitikagazetesi.com\/index.php?rest_route=\/wp\/v2\/posts\/5191\/revisions"}],"wp:attachment":[{"href":"https:\/\/mersinekonomipolitikagazetesi.com\/index.php?rest_route=%2Fwp%2Fv2%2Fmedia&parent=5191"}],"wp:term":[{"taxonomy":"category","embeddable":true,"href":"https:\/\/mersinekonomipolitikagazetesi.com\/index.php?rest_route=%2Fwp%2Fv2%2Fcategories&post=5191"},{"taxonomy":"post_tag","embeddable":true,"href":"https:\/\/mersinekonomipolitikagazetesi.com\/index.php?rest_route=%2Fwp%2Fv2%2Ftags&post=5191"}],"curies":[{"name":"wp","href":"https:\/\/api.w.org\/{rel}","templated":true}]}}