{"id":5192,"date":"2020-11-04T18:25:37","date_gmt":"2020-11-04T15:25:37","guid":{"rendered":"http:\/\/mersinekonomipolitikagazetesi.com\/?p=5192"},"modified":"2020-11-04T18:25:37","modified_gmt":"2020-11-04T15:25:37","slug":"kooperatifcilik-yayginlastirilacak","status":"publish","type":"post","link":"https:\/\/mersinekonomipolitikagazetesi.com\/?p=5192","title":{"rendered":"KOOPERAT\u0130F\u00c7\u0130L\u0130K  YAYGINLA\u015eTIRILACAK"},"content":{"rendered":"<p>Ziraat M\u00fchendisi Necmi Birim Ziraat M\u00fchendisleri Odas\u0131 (ZMO) Mersin \u015eube Ba\u015fkan adayl\u0131\u011f\u0131n\u0131 a\u00e7\u0131klad\u0131. Mersin Gazeteciler Cemiyeti\u2018de konu\u015fan Birim, \u201cSen ODA\u2019na sahip \u00e7\u0131k, ODA sana sahip \u00e7\u0131ks\u0131n!\u201d diyerek meslekta\u015flar\u0131na anlaml\u0131 mesaj verdi.<\/p>\n<p>Mersin Gazeteciler Cemiyeti binas\u0131nda ger\u00e7ekle\u015ftirilen a\u00e7\u0131klamada kamu kurumu niteli\u011finde bir meslek \u00f6rg\u00fct\u00fc olduklar\u0131n\u0131 ve sivil toplum kurulu\u015fu \u00f6zelli\u011fine sahip olduklar\u0131n\u0131 belirten ZMO Mersin \u015eube Ba\u015fkan Aday\u0131 Necmi Birim, \u201cT\u00fcm T\u00fcrkiye\u2019de oldu\u011fu gibi Mersin\u2019imizde de \u00f6rg\u00fctl\u00fcl\u00fc\u011f\u00fcm\u00fcz\u00fc zay\u0131flatmak i\u00e7in hatal\u0131 uygulamalar yap\u0131lm\u0131\u015ft\u0131r. \u00d6rg\u00fctl\u00fcl\u00fc\u011f\u00fcm\u00fcz\u00fc yeniden tesis etmek ve m\u00fchendis arkada\u015flar\u0131m\u0131z\u0131 Odaya kazand\u0131rmak i\u00e7in her t\u00fcrl\u00fc \u00e7al\u0131\u015fmay\u0131 yapaca\u011f\u0131z. Gen\u00e7, mesle\u011fe yeni at\u0131lan, i\u015fsiz m\u00fchendis arkada\u015flar\u0131m\u0131za sahip \u00e7\u0131k\u0131lacak, Odam\u0131zda bir insan kaynaklar\u0131 dosyas\u0131 olu\u015fturulacakt\u0131r. Gerekli takipler ve g\u00fcncellemeler yap\u0131lacakt\u0131r.\u201d diye konu\u015ftu.<\/p>\n<p>\u201cTar\u0131m sekt\u00f6r\u00fcm\u00fcz \u00fcvey evlat muamelesi g\u00f6rmektedir\u201d<\/p>\n<p>Tar\u0131m sekt\u00f6r\u00fcn\u00fcn zorluklar\u0131na de\u011finen Birim, \u201cTar\u0131msal \u00fcretim ve pazarlaman\u0131n oldu\u011fu her alanda var\u0131z. \u0130nsan ya\u015fam\u0131 i\u00e7in olmazsa olmazlar\u0131 olan g\u0131da ve giyim hammaddelerinin kar\u015f\u0131land\u0131\u011f\u0131 bir sekt\u00f6re dayanmaktay\u0131z. Tar\u0131m sekt\u00f6r\u00fcm\u00fcz, uygulanan yanl\u0131\u015f politikalar sonucunda \u00fcvey evlat muamelesi g\u00f6rmektedir. \u00dcreticilerimiz \u00fcretimden kopar\u0131lm\u0131\u015f ge\u00e7inemedi\u011fi k\u00f6y\u00fcnden \u015fehirlerin varo\u015flar\u0131nda i\u015fsiz bir \u015fekilde ya\u015famaya g\u00f6\u00e7 ettirilmi\u015ftir\u201d diyerek tepkilerini dile getirdi<\/p>\n<p>&#8220;K\u00fc\u00e7\u00fck ve orta boy \u00fcreticilerimiz \u00fcretimden kopmayacak\u201d<\/p>\n<p>Pestisit ve gayri s\u0131hhi maddelerle temas halinde olan meslekta\u015flar\u0131n\u0131n erken emekli olabilmesi i\u00e7in gerekli giri\u015fimlerde bulunacaklar\u0131n\u0131 belirten ve kat\u0131l\u0131m\u0131n yo\u011fun oldu\u011fu, fidanc\u0131l\u0131ktan hayvanc\u0131l\u0131\u011fa, \u00a0sebzecilikten meyvecili\u011fe tar\u0131m alanlar\u0131nda komite kurarak ileri teknik d\u00fczeyde \u00e7al\u0131\u015fma yapacaklar\u0131n\u0131 dile getiren Birim, \u201cMeslekta\u015flar\u0131m\u0131z\u0131n yo\u011fun oldu\u011fu \u00e7evre il\u00e7elerde il\u00e7e sorumlular\u0131 g\u00f6revlendirece\u011fiz.<br \/>\nMesle\u011fimizin varl\u0131k sebebi olan k\u00fc\u00e7\u00fck ve orta boy \u00fcreticilerimizin \u00fcretimden kopmamas\u0131 ad\u0131na ucuz girdinin sa\u011fland\u0131\u011f\u0131 ve bilgi payla\u015f\u0131m\u0131n\u0131n rahatl\u0131kla yap\u0131labildi\u011fi kooperatifle\u015fmenin yayg\u0131nla\u015ft\u0131r\u0131lmas\u0131 i\u00e7in teknik ve detayl\u0131 \u00e7al\u0131\u015fmalar yap\u0131lacakt\u0131r. M\u00fchendis arkada\u015flar\u0131m\u0131z\u0131n yabanc\u0131 dil sorununu \u00e7\u00f6zmek i\u00e7in dil e\u011fitimleri konusunda \u00e7al\u0131\u015fmalar hemen ba\u015flat\u0131lacakt\u0131r.\u201d diye a\u00e7\u0131klad\u0131.<\/p>\n<p>\u201cSen ODA\u2019na sahip \u00e7\u0131k, ODA sana sahip \u00e7\u0131ks\u0131n!\u201d<\/p>\n<p>Y\u00f6netime adayl\u0131\u011f\u0131n\u0131 a\u00e7\u0131klayan Ziraat M\u00fchendisi Necmi Birim, \u201c\u00c7e\u015fitli sekt\u00f6rlerin var oldu\u011fu, tar\u0131m ve tar\u0131ma dayal\u0131 sanayinin \u00f6n planda oldu\u011fu bir kent olan Mersin\u2019imizin Ziraat M\u00fchendisleri olarak, heyecan\u0131m\u0131zla, birikimimizle, yetkin, tecr\u00fcbeli ve dinamik kadromuzla g\u00f6reve talibiz.\u201d \u015feklinde konu\u015ftu.<\/p>\n","protected":false},"excerpt":{"rendered":"<p>Ziraat M\u00fchendisi Necmi Birim Ziraat M\u00fchendisleri Odas\u0131 (ZMO) Mersin \u015eube Ba\u015fkan adayl\u0131\u011f\u0131n\u0131 a\u00e7\u0131klad\u0131. Mersin Gazeteciler Cemiyeti\u2018de konu\u015fan Birim, \u201cSen ODA\u2019na sahip \u00e7\u0131k, ODA sana sahip \u00e7\u0131ks\u0131n!\u201d diyerek meslekta\u015flar\u0131na anlaml\u0131 mesaj &hellip; <a href=\"https:\/\/mersinekonomipolitikagazetesi.com\/?p=5192\" class=\"more-link\">Devam\u0131n\u0131 Oku&#8230;<\/a><\/p>\n","protected":false},"author":1,"featured_media":0,"comment_status":"open","ping_status":"open","sticky":false,"template":"","format":"standard","meta":[],"categories":[],"tags":[],"_links":{"self":[{"href":"https:\/\/mersinekonomipolitikagazetesi.com\/index.php?rest_route=\/wp\/v2\/posts\/5192"}],"collection":[{"href":"https:\/\/mersinekonomipolitikagazetesi.com\/index.php?rest_route=\/wp\/v2\/posts"}],"about":[{"href":"https:\/\/mersinekonomipolitikagazetesi.com\/index.php?rest_route=\/wp\/v2\/types\/post"}],"author":[{"embeddable":true,"href":"https:\/\/mersinekonomipolitikagazetesi.com\/index.php?rest_route=\/wp\/v2\/users\/1"}],"replies":[{"embeddable":true,"href":"https:\/\/mersinekonomipolitikagazetesi.com\/index.php?rest_route=%2Fwp%2Fv2%2Fcomments&post=5192"}],"version-history":[{"count":0,"href":"https:\/\/mersinekonomipolitikagazetesi.com\/index.php?rest_route=\/wp\/v2\/posts\/5192\/revisions"}],"wp:attachment":[{"href":"https:\/\/mersinekonomipolitikagazetesi.com\/index.php?rest_route=%2Fwp%2Fv2%2Fmedia&parent=5192"}],"wp:term":[{"taxonomy":"category","embeddable":true,"href":"https:\/\/mersinekonomipolitikagazetesi.com\/index.php?rest_route=%2Fwp%2Fv2%2Fcategories&post=5192"},{"taxonomy":"post_tag","embeddable":true,"href":"https:\/\/mersinekonomipolitikagazetesi.com\/index.php?rest_route=%2Fwp%2Fv2%2Ftags&post=5192"}],"curies":[{"name":"wp","href":"https:\/\/api.w.org\/{rel}","templated":true}]}}