{"id":5196,"date":"2020-11-04T18:25:37","date_gmt":"2020-11-04T15:25:37","guid":{"rendered":"http:\/\/mersinekonomipolitikagazetesi.com\/?p=5196"},"modified":"2020-11-04T18:25:37","modified_gmt":"2020-11-04T15:25:37","slug":"baskan-gultak-mersine-yeni-bir-festival-kazandiriyoruz","status":"publish","type":"post","link":"https:\/\/mersinekonomipolitikagazetesi.com\/?p=5196","title":{"rendered":"BA\u015eKAN G\u00dcLTAK: \u201cMERS\u0130N\u2019E YEN\u0130 B\u0130R FEST\u0130VAL KAZANDIRIYORUZ\u201d"},"content":{"rendered":"<p>Festivalin daha nitelikli ve daha geni\u015f kitlelere ula\u015fmas\u0131 i\u00e7in birlik ve beraberlik \u00e7a\u011fr\u0131s\u0131nda bulunan Ba\u015fkan G\u00fcltak, t\u00fcm Mersin halk\u0131n\u0131, \u2018Karaduvar Bal\u0131k Festivali\u2019ne davet etti.\u00a0<br \/>\nMersin, \u00f6nemli bir festivale daha ev sahipli\u011fi yapmaya haz\u0131rlan\u0131yor. Akdeniz Belediye Ba\u015fkan\u0131 M. Mustafa G\u00fcltak\u2019\u0131n geleneksel hale getirmeyi ama\u00e7lad\u0131\u011f\u0131 ve T.C. K\u00fclt\u00fcr ve Turizm Bakanl\u0131\u011f\u0131\u2019n\u0131n katk\u0131lar\u0131yla d\u00fczenlenecek \u2018Karaduvar Bal\u0131k Festivali\u2019, 21-22 Aral\u0131k 2019 tarihleri aras\u0131nda d\u00fczenlenecek.\u00a0<br \/>\nKaraduvar sahilinde d\u00fczenlenecek olan festivalin, Mersin Uluslararas\u0131 Narenciye Festivali ile birlikte kentin en \u00f6nemli ve kentin kimli\u011fini yans\u0131tan bir etkinlik olmas\u0131 hedefleniyor. Karaduvar Bal\u0131k Festivali, hem b\u00f6lgenin hem de bal\u0131k\u00e7\u0131l\u0131\u011f\u0131n merkezi Karaduvar\u2019\u0131n canlanmas\u0131na ve kentin tan\u0131t\u0131m\u0131na katk\u0131 sa\u011flayacak.\u00a0<br \/>\nFestivalde neler olacak?<br \/>\n21 Aral\u0131k Cumartesi g\u00fcn\u00fc saat 13:00\u2019te ba\u015flay\u0131p 17:00\u2019ye kadar s\u00fcrecek festival, sardalye-ekmek ikram\u0131yla ba\u015flayacak. G\u00fcn i\u00e7inde olta bal\u0131k\u00e7\u0131l\u0131\u011f\u0131 yar\u0131\u015fmas\u0131, \u00e7e\u015fitli \u00e7ocuk aktiviteleri, s\u00f6yle\u015filer, \u00f6d\u00fcll\u00fc yar\u0131\u015fmalar ve g\u00f6sterilerin yap\u0131laca\u011f\u0131 festivalde, Beslenme Uzman\u0131 Dilara Ko\u00e7ak da vatanda\u015flarla s\u00f6yle\u015fi yapacak. Festivalin ilk g\u00fcn\u00fc Sinan Ak\u00e7\u0131l konseri ile sona erecek.\u00a0<br \/>\nFestivalin ikinci g\u00fcn\u00fc olan 22 Aral\u0131k Pazar g\u00fcn\u00fcnde de vatanda\u015flar\u0131 yine dolu dolu bir etkinlik program\u0131 bekliyor. Karaduvar Bal\u0131k Festivali, Devlet Opera ve Bale sanat\u00e7\u0131s\u0131 G\u00fclden Vurandemir konseri ile sona erecek.\u00a0<\/p>\n<p>\u00a0<\/p>\n","protected":false},"excerpt":{"rendered":"<p>Festivalin daha nitelikli ve daha geni\u015f kitlelere ula\u015fmas\u0131 i\u00e7in birlik ve beraberlik \u00e7a\u011fr\u0131s\u0131nda bulunan Ba\u015fkan G\u00fcltak, t\u00fcm Mersin halk\u0131n\u0131, \u2018Karaduvar Bal\u0131k Festivali\u2019ne davet etti.\u00a0 Mersin, \u00f6nemli bir festivale daha ev &hellip; <a href=\"https:\/\/mersinekonomipolitikagazetesi.com\/?p=5196\" class=\"more-link\">Devam\u0131n\u0131 Oku&#8230;<\/a><\/p>\n","protected":false},"author":1,"featured_media":0,"comment_status":"open","ping_status":"open","sticky":false,"template":"","format":"standard","meta":[],"categories":[],"tags":[],"_links":{"self":[{"href":"https:\/\/mersinekonomipolitikagazetesi.com\/index.php?rest_route=\/wp\/v2\/posts\/5196"}],"collection":[{"href":"https:\/\/mersinekonomipolitikagazetesi.com\/index.php?rest_route=\/wp\/v2\/posts"}],"about":[{"href":"https:\/\/mersinekonomipolitikagazetesi.com\/index.php?rest_route=\/wp\/v2\/types\/post"}],"author":[{"embeddable":true,"href":"https:\/\/mersinekonomipolitikagazetesi.com\/index.php?rest_route=\/wp\/v2\/users\/1"}],"replies":[{"embeddable":true,"href":"https:\/\/mersinekonomipolitikagazetesi.com\/index.php?rest_route=%2Fwp%2Fv2%2Fcomments&post=5196"}],"version-history":[{"count":0,"href":"https:\/\/mersinekonomipolitikagazetesi.com\/index.php?rest_route=\/wp\/v2\/posts\/5196\/revisions"}],"wp:attachment":[{"href":"https:\/\/mersinekonomipolitikagazetesi.com\/index.php?rest_route=%2Fwp%2Fv2%2Fmedia&parent=5196"}],"wp:term":[{"taxonomy":"category","embeddable":true,"href":"https:\/\/mersinekonomipolitikagazetesi.com\/index.php?rest_route=%2Fwp%2Fv2%2Fcategories&post=5196"},{"taxonomy":"post_tag","embeddable":true,"href":"https:\/\/mersinekonomipolitikagazetesi.com\/index.php?rest_route=%2Fwp%2Fv2%2Ftags&post=5196"}],"curies":[{"name":"wp","href":"https:\/\/api.w.org\/{rel}","templated":true}]}}