{"id":5197,"date":"2020-11-04T18:25:37","date_gmt":"2020-11-04T15:25:37","guid":{"rendered":"http:\/\/mersinekonomipolitikagazetesi.com\/?p=5197"},"modified":"2020-11-04T18:25:37","modified_gmt":"2020-11-04T15:25:37","slug":"temsa-bir-simit-kadar-onemsenmedi","status":"publish","type":"post","link":"https:\/\/mersinekonomipolitikagazetesi.com\/?p=5197","title":{"rendered":"TEMSA, B\u0130R S\u0130M\u0130T  KADAR \u00d6NEMSENMED\u0130"},"content":{"rendered":"<p>\u0130Y\u0130 Parti Adana Milletvekili \u0130smail Koncuk, B\u00fct\u00e7e Kanunlar\u0131 ile Kesin Hesap Kanunlar\u0131 ve Bu Kanunlarda De\u011fi\u015fiklik Yapan Kanun Teklifi g\u00f6r\u00fc\u015fmeleri s\u0131ras\u0131nda Genel Kurul\u2019da yapt\u0131\u011f\u0131 konu\u015fmada; \u201cTEMSA y\u0131lda 11.500 ara\u00e7 \u00fcreten, 66 \u00fclkeye, tamamen T\u00fcrk m\u00fchendislerinin tasar\u0131m\u0131 otob\u00fcslerimizi ihra\u00e7 eden, elektrikli otob\u00fcste muadil firmalar\u0131n \u00f6n\u00fcne ge\u00e7mi\u015f bir de\u011ferimizdir. TEMSA\u2019ya sahip \u00e7\u0131kmak, Simit Saray\u0131\u2019ndan daha \u00f6nemlidir. TEMSA ile Adana\u2019da binlerce ocak t\u00fctmektedir.\u201d dedi.<\/p>\n<p>Koncuk, \u201cTEMSA, Adana\u2019da faaliyet g\u00f6steren, elli bir y\u0131ld\u0131r otomotiv sekt\u00f6r\u00fcnde olan, T\u00fcrkiye\u2019nin medar\u0131iftihar\u0131 bir kurulu\u015ftur. TEMSA Sabanc\u0131 ailesinden sonra, 30 Haziran 2018 tarihinde el de\u011fi\u015ftirerek, Enver ve Rukiye \u00dcnver\u2019in kurdu\u011fu \u0130svi\u00e7re merkezli True Value Capital Partners fonuna sat\u0131ld\u0131. TEMSA otob\u00fcsleri y\u00fczde 100 T\u00fcrk m\u00fchendisleri taraf\u0131ndan tasarlanm\u0131\u015f otob\u00fcslerdir.<\/p>\n<p>Cumhurba\u015fkan\u0131 Yard\u0131mc\u0131s\u0131 Say\u0131n Fuat Oktay a\u00e7\u0131klamas\u0131nda &#8220;\u0130lk arabay\u0131 yak\u0131nda piyasaya s\u00fcrece\u011fiz.&#8221; dedi, asl\u0131nda TEMSA vas\u0131tas\u0131yla otob\u00fcs\u00fcm\u00fcz\u00fc zaten piyasaya s\u00fcrd\u00fck. TEMSA Avrupa ve Amerika\u2019daki \u00e7al\u0131\u015fmalar\u0131yla \u00e7ok ciddi isim yapm\u0131\u015f bir \u015firket. Y\u0131lda 4 bin otob\u00fcs ve midib\u00fcs 7.500 hafif kamyon olmak \u00fczere tek vardiyada y\u0131lda 11.500 ara\u00e7 \u00fcretiyor ve \u00fcretti\u011finin y\u00fczde 80\u2019ini ihra\u00e7 ediyor. Fransa, Almanya, \u0130ngiltere, Avusturya, \u0130talya, \u0130sve\u00e7, Litvanya, Benel\u00fcks gibi 66 \u00fclkeye, T\u00fcrk Cumhuriyetleri de bu \u00fclkelerin i\u00e7erisindedir. Kendi segmentinde Avrupa\u2019da ilk 8\u2019in i\u00e7inde, Amerika Birle\u015fik Devletleri\u2019nde ilk 4\u2019te yer al\u0131yor. TEMSA Adana\u2019da ve T\u00fcrkiye\u2019de elektrikli \u00fcretimde, otob\u00fcs \u00fcretiminde kendi muadillerinin teknolojik bak\u0131mdan \u00f6n\u00fcne ge\u00e7mi\u015ftir.\u201d<\/p>\n<p>Koncuk, \u201cOn be\u015f g\u00fcn \u00f6nce TEMSA\u2019n\u0131n CEO\u2019su Aslan Uzun hedeflerini \u015f\u00f6yle ortaya koyuyor: &#8220;Be\u015f y\u0131lda en az 5 kat daha b\u00fcy\u00fcyece\u011fiz. 2020\u2019de y\u00fczde 30\u2019un \u00fczerinde b\u00fcy\u00fcme planl\u0131yoruz. T\u00fcrkiye\u2019de pazar lideri biziz, T\u00fcrkiye yollar\u0131nda gezen her 3 otob\u00fcsten 1\u2019i TEMSA\u2019ya ait. On y\u0131l sonra sadece T\u00fcrkiye\u2019de de\u011fil, Amerika\u2019da da \u00fcretim yapaca\u011f\u0131z. Hem ciroda -bu c\u00fcmle \u00f6nemli- hem adette hedeflerimizi tutturuyoruz.&#8221; On be\u015f g\u00fcn \u00f6nce TEMSA\u2019n\u0131n CEO\u2019su bunlar\u0131 s\u00f6ylerken on be\u015f g\u00fcn sonra TEMSA bat\u0131yor -s\u00f6ylentilere g\u00f6re, duyduklar\u0131m\u0131zdan hareketle s\u00f6yl\u00fcyorum, bir resm\u00ee bilgi veren de yok. Sanayi Bakan\u0131m\u0131z Say\u0131n Mustafa Varank\u2019a sordum ama tek bir c\u00fcmle cevap vermedi, bas\u0131ndan ald\u0131\u011f\u0131m\u0131z bilgilerle TEMSA\u2019n\u0131n i\u00e7inde bulundu\u011fu \u00f6deme g\u00fc\u00e7l\u00fc\u011f\u00fcn\u00fc \u00f6\u011freniyoruz. Bir bankadan ald\u0131\u011f\u0131 krediyi bankan\u0131n \u00f6ne \u00e7ekmesi sebebiyle. Kredinin \u00f6ne \u00e7ekilme sebebi nedir? Hangi bankadan kredi \u00e7ekilmi\u015ftir? Acaba d\u00fcnya piyasas\u0131nda, Amerika\u2019da ilk 4\u2019te, Avrupa\u2019da ilk 8\u2019de olan bir T\u00fcrk kurulu\u015funun rekabet dolay\u0131s\u0131yla birtak\u0131m eller taraf\u0131ndan bat\u0131r\u0131lmas\u0131 m\u0131 s\u00f6z konusudur? Adana tabiriyle bir \u00fc\u00e7k\u00e2\u011f\u0131t m\u0131 var bilmiyoruz? H\u00fck\u00fbmetimizden bu konuda bir bilgi yok ve 1.500 ki\u015fi \u00e7al\u0131\u015f\u0131yor. Yan sanayi eklemeleriyle binlerce insan Adana\u2019da, TEMSA\u2019dan ekmek yiyor. Asl\u0131nda TEMSA, \u00fcretti\u011fi de\u011ferle sadece Adana\u2019n\u0131n medar\u0131iftihar\u0131 de\u011fil T\u00fcrkiye\u2019nin medar\u0131iftihar\u0131d\u0131r.\u201d dedi.<\/p>\n<p>\u0130Y\u0130 Parti Adana Milletvekili \u0130smail Koncuk, \u201cZiraat Bankas\u0131 olarak Simit Saray\u0131\u2019na 500 milyon vererek ortak oluyorsunuz. TEMSA gibi bir d\u00fcnya devi olmu\u015f \u015firketi kurtarmak ad\u0131na, H\u00fck\u00fbmetin ne yapaca\u011f\u0131n\u0131 merak ediyorum. T\u00fcrkiye\u2019nin de\u011feri ve binlerce insan buradan ekmek yiyor. Bas\u0131n\u0131n da TEMSA konusuna Simit Saray\u0131 kadar dikkat etmedi\u011fini, haber dahi yapmad\u0131\u011f\u0131n\u0131 g\u00f6r\u00fcyorum. Bu, hepimizi ilgilendiren bir durumdur, onun sahibinin kim oldu\u011fu bizi ilgilendirmiyor, o batm\u0131\u015f, \u00e7\u0131km\u0131\u015f \u00f6nemli de\u011fil ama TEMSA\u2019y\u0131 kurtarmak bizim i\u00e7in mill\u00ee bir g\u00f6rev olarak g\u00f6r\u00fclmelidir, diye d\u00fc\u015f\u00fcn\u00fcyorum.\u201d diyerek s\u00f6zlerini tamamlad\u0131.\u00a0<\/p>\n","protected":false},"excerpt":{"rendered":"<p>\u0130Y\u0130 Parti Adana Milletvekili \u0130smail Koncuk, B\u00fct\u00e7e Kanunlar\u0131 ile Kesin Hesap Kanunlar\u0131 ve Bu Kanunlarda De\u011fi\u015fiklik Yapan Kanun Teklifi g\u00f6r\u00fc\u015fmeleri s\u0131ras\u0131nda Genel Kurul\u2019da yapt\u0131\u011f\u0131 konu\u015fmada; \u201cTEMSA y\u0131lda 11.500 ara\u00e7 \u00fcreten, &hellip; <a href=\"https:\/\/mersinekonomipolitikagazetesi.com\/?p=5197\" class=\"more-link\">Devam\u0131n\u0131 Oku&#8230;<\/a><\/p>\n","protected":false},"author":1,"featured_media":0,"comment_status":"open","ping_status":"open","sticky":false,"template":"","format":"standard","meta":[],"categories":[],"tags":[],"_links":{"self":[{"href":"https:\/\/mersinekonomipolitikagazetesi.com\/index.php?rest_route=\/wp\/v2\/posts\/5197"}],"collection":[{"href":"https:\/\/mersinekonomipolitikagazetesi.com\/index.php?rest_route=\/wp\/v2\/posts"}],"about":[{"href":"https:\/\/mersinekonomipolitikagazetesi.com\/index.php?rest_route=\/wp\/v2\/types\/post"}],"author":[{"embeddable":true,"href":"https:\/\/mersinekonomipolitikagazetesi.com\/index.php?rest_route=\/wp\/v2\/users\/1"}],"replies":[{"embeddable":true,"href":"https:\/\/mersinekonomipolitikagazetesi.com\/index.php?rest_route=%2Fwp%2Fv2%2Fcomments&post=5197"}],"version-history":[{"count":0,"href":"https:\/\/mersinekonomipolitikagazetesi.com\/index.php?rest_route=\/wp\/v2\/posts\/5197\/revisions"}],"wp:attachment":[{"href":"https:\/\/mersinekonomipolitikagazetesi.com\/index.php?rest_route=%2Fwp%2Fv2%2Fmedia&parent=5197"}],"wp:term":[{"taxonomy":"category","embeddable":true,"href":"https:\/\/mersinekonomipolitikagazetesi.com\/index.php?rest_route=%2Fwp%2Fv2%2Fcategories&post=5197"},{"taxonomy":"post_tag","embeddable":true,"href":"https:\/\/mersinekonomipolitikagazetesi.com\/index.php?rest_route=%2Fwp%2Fv2%2Ftags&post=5197"}],"curies":[{"name":"wp","href":"https:\/\/api.w.org\/{rel}","templated":true}]}}