{"id":5198,"date":"2020-11-04T18:25:37","date_gmt":"2020-11-04T15:25:37","guid":{"rendered":"http:\/\/mersinekonomipolitikagazetesi.com\/?p=5198"},"modified":"2020-11-04T18:25:37","modified_gmt":"2020-11-04T15:25:37","slug":"abdullah-ozyigit-gazetemize-baski-mi-uyguluyor-belgeli-aciklama-bekliyoruz","status":"publish","type":"post","link":"https:\/\/mersinekonomipolitikagazetesi.com\/?p=5198","title":{"rendered":"ABDULLAH \u00d6ZY\u0130\u011e\u0130T GAZETEM\u0130ZE BASKI MI UYGULUYOR! BELGEL\u0130 A\u00c7IKLAMA BEKL\u0130YORUZ..!"},"content":{"rendered":"<p>Bug\u00fcne kadar yapt\u0131\u011f\u0131m\u0131z ele\u015ftiri i\u00e7eren haberlere cevap veremeyen Abdullah \u00d6zyi\u011fit, son \u00e7\u0131kan haber i\u00e7in \u2018tekzip ve yasal yollara ba\u015fvururuz\u2019 diyerek, gazetemize belgesiz tekzip dilek\u00e7esi ve tekzip metni g\u00f6nderdi.<\/p>\n<p>Daha \u00f6nce yapt\u0131\u011f\u0131m\u0131z ele\u015ftiri i\u00e7eren haberlerimize cevap veremeyen, son haberimiz i\u00e7in tekzip dilek\u00e7esi ve belgesiz tekzip metni g\u00f6nderen,<\/p>\n<p>ABDULLAH \u00d6ZY\u0130\u011e\u0130T\u2019E SORUYORUZ:<\/p>\n<p>&#8211; Son olarak haber yapt\u0131\u011f\u0131m\u0131z yer y\u0131llard\u0131r ye\u015fil alan olarak kullan\u0131lan bir yer. Buradaki di\u011fer i\u015fyerlerinin \u00f6n\u00fc ye\u015fil \u00e7imen iken, zincir marketin \u00f6n\u00fc bir anda ta\u015f kilit parke kaplan\u0131p o i\u015fyerinin nas\u0131l \u2018\u00f6zel otopark\u0131\u2019 oldu? Ye\u015fil alan\u0131n tahribat\u0131na ili\u015fkin vatanda\u015flar\u0131n endi\u015fe ve \u015fikayetlerini habere ta\u015f\u0131mak bizim g\u00f6revimiz iken, \u2018neden vatanda\u015flar\u0131 bilgilendirmek yerine\u2019 gazetemizi yalan haber yapmakla su\u00e7lad\u0131n\u0131z?<\/p>\n<p>&#8211; Gazetecilik ilkeleri gere\u011fi, size g\u00f6re yanl\u0131\u015f olan bu haberle ilgili bilgi vererek, belge g\u00f6ndererek cevap hakk\u0131n\u0131 kullanman\u0131z gerekirken, \u201ctekzip olarak yay\u0131nlanmas\u0131n\u0131 ve yasal yollara ba\u015fvuraca\u011f\u0131z\u201c diyerek gazetemize \u201cbask\u0131 yapar\u0131m\u201c mesaj\u0131 m\u0131 veriyorsunuz?<\/p>\n<p>&#8211; \u00d6nceki g\u00fcn Mersin Gazeteciler Cemiyeti\u2019nde yapt\u0131\u011f\u0131n\u0131z toplant\u0131da, \u201cYasama, y\u00fcr\u00fctme ve yarg\u0131 ile birlikte ba\u011f\u0131ms\u0131z bas\u0131n, demokrasinin geli\u015fmesi ve var olmas\u0131 i\u00e7in en \u00f6nemli etkenlerdendir. Demokrasi ancak \u00f6zg\u00fcr bas\u0131nla v\u00fccut bulabilir\u201d \u015feklindeki s\u00f6zleriniz ile yapt\u0131klar\u0131n\u0131z \u00e7eli\u015fmiyor mu?<\/p>\n<p>&#8211; Daha \u00f6nce belirtti\u011finiz gibi, \u201cZincir marketlerin mahalle aralar\u0131nda, dip dibe a\u00e7\u0131lmas\u0131na m\u00fcsaade etmeyece\u011fiz. Bakkal gibi her yan\u0131 sard\u0131lar. Burada esnaf\u0131n ya\u015fam hakk\u0131n\u0131 elinden alan bir uygulama i\u00e7indeler. Ama bundan sonras\u0131 i\u00e7in bir k\u0131s\u0131tlama getirece\u011fiz\u201d ifadelerinizle vatanda\u015flara verdi\u011finiz s\u00f6zleri unuttunuz mu?\u201d \u00a0 \u00a0 \u00a0 \u00a0 \u00a0 \u00a0 \u00a0 \u00a0 \u00a0<\/p>\n<p>VATANDA\u015eIN \u015e\u0130KAYET\u0130N\u0130 DUYURMAK G\u00d6REV\u0130M\u0130Z&#8230;<\/p>\n<p>Pirireis Mahallesi\u2019nde a\u00e7\u0131lan bir zincir \u2018\u2019market \u015fubesinin, y\u0131llard\u0131r ye\u015fil alan olarak kullan\u0131ld\u0131\u011f\u0131 , apartman\u0131n ortak m\u00fclkiyeti olan yere ta\u015f parke ta\u015f\u0131 d\u00f6\u015feyerek i\u015fgal edildi\u011fi iddia edilmi\u015fti.\u2019\u2019 Ye\u015fil alan\u0131n i\u015fgaline kar\u015f\u0131 tepki g\u00f6sterilmesinin bir nedeni de, yan\u0131nda bulunan di\u011fer i\u015fyerlerinin de hakk\u0131 oldu\u011fu ve \u2018\u2019kamuya ait olarak bilinen\u201d bu alan\u0131n ye\u015fil alan olarak kullan\u0131lmas\u0131, yine belediye taraf\u0131ndan s\u00fcrekli bak\u0131mlar\u0131n\u0131n yap\u0131lm\u0131\u015f olmas\u0131d\u0131r. Zincir market a\u00e7\u0131l\u0131\u015f\u0131nda bir anda ye\u015fil \u00e7imenlerin ta\u015f parkeye d\u00f6n\u00fc\u015fmesine tepki g\u00f6steren duyarl\u0131 vatanda\u015flar, &#8220;Buras\u0131 apartman\u0131n ortak m\u00fclkiyeti ve ye\u015fil alan olarak g\u00f6r\u00fcn\u00fcyor. Eskiden beri s\u00fcre gelen bir anlay\u0131\u015fla s\u00fcrekli olarak bak\u0131m\u0131 yap\u0131lan, yenilenen bir yer olarak g\u00f6r\u00fcyorduk. \u015eimdi ise \u00e7ok yerde oldu\u011fu gibi buras\u0131 da bir zincir marketin istilas\u0131na u\u011fram\u0131\u015f. Buray\u0131 kafalar\u0131na g\u00f6re ye\u015fil alandan \u00e7\u0131kart\u0131p, kafalar\u0131na g\u00f6re d\u00f6\u015fediler.&#8221; diye tepki g\u00f6stermi\u015fti.<\/p>\n<p>HABER\u0130M\u0130Z\u0130N ARKASINDAYIZ&#8230;<\/p>\n<p>Mersin Gazetesi olarak, Pirireis Mahallesi&#8217;nde vatanda\u015flar\u0131n y\u0131llard\u0131r ye\u015fil alan olarak korunan ve sonras\u0131nda bir zincir market taraf\u0131ndan parke ta\u015f\u0131 d\u00f6\u015fendi\u011fi \u015fikayetlerini, kamuoyunun sesini duyurmak amac\u0131yla haberlere ta\u015f\u0131d\u0131k. Yeni\u015fehir Belediyesi&#8217;nin ilgili haberlere ili\u015fkin, cevap hakk\u0131n\u0131 kullan\u0131p, ye\u015fil alan\u0131n tahribat\u0131n\u0131 \u00f6nlemek i\u00e7in soru y\u00f6nelten vatanda\u015flar\u0131 bilgilendirmek yerine, gazetemize resm\u00ee memur ve resm\u00ee ka\u011f\u0131da imza kar\u015f\u0131l\u0131\u011f\u0131nda tekzip dilek\u00e7esi ile tekzip metni g\u00f6ndererek neyi \u2018\u2019ama\u00e7lad\u0131\u011f\u0131n\u0131z\u2018\u2019 merak konusu oldu..? A\u00e7\u0131klarsan\u0131z memnun oluruz&#8230;<br \/>\nYeni\u015fehir Belediye Ba\u015fkan\u0131 olarak, vatanda\u015f\u0131n iddialar\u0131 kar\u015f\u0131s\u0131nda orada yasal \u00e7er\u00e7evede ne yap\u0131ld\u0131\u011f\u0131n\u0131 belgelerle a\u00e7\u0131klamak yerine, sanki orada ye\u015fil alan bozulmam\u0131\u015f, ta\u015f kilit parke d\u00f6\u015fenmemi\u015f gibi, gazetemizin haberini ger\u00e7ek d\u0131\u015f\u0131 olmakla su\u00e7lad\u0131n\u0131z?\u00a0<br \/>\nHaberimizin sonuna kadar arkas\u0131nday\u0131z.<br \/>\nAyr\u0131ca bu \u015fekilde gazetemizi yalan haber yapmakla su\u00e7laman\u0131z\u0131 ve bunu yasal tehdit olarak kullanman\u0131z\u0131 da kesinlikle kabul etmiyoruz&#8230;<\/p>\n","protected":false},"excerpt":{"rendered":"<p>Bug\u00fcne kadar yapt\u0131\u011f\u0131m\u0131z ele\u015ftiri i\u00e7eren haberlere cevap veremeyen Abdullah \u00d6zyi\u011fit, son \u00e7\u0131kan haber i\u00e7in \u2018tekzip ve yasal yollara ba\u015fvururuz\u2019 diyerek, gazetemize belgesiz tekzip dilek\u00e7esi ve tekzip metni g\u00f6nderdi. Daha \u00f6nce &hellip; <a href=\"https:\/\/mersinekonomipolitikagazetesi.com\/?p=5198\" class=\"more-link\">Devam\u0131n\u0131 Oku&#8230;<\/a><\/p>\n","protected":false},"author":1,"featured_media":0,"comment_status":"open","ping_status":"open","sticky":false,"template":"","format":"standard","meta":[],"categories":[],"tags":[],"_links":{"self":[{"href":"https:\/\/mersinekonomipolitikagazetesi.com\/index.php?rest_route=\/wp\/v2\/posts\/5198"}],"collection":[{"href":"https:\/\/mersinekonomipolitikagazetesi.com\/index.php?rest_route=\/wp\/v2\/posts"}],"about":[{"href":"https:\/\/mersinekonomipolitikagazetesi.com\/index.php?rest_route=\/wp\/v2\/types\/post"}],"author":[{"embeddable":true,"href":"https:\/\/mersinekonomipolitikagazetesi.com\/index.php?rest_route=\/wp\/v2\/users\/1"}],"replies":[{"embeddable":true,"href":"https:\/\/mersinekonomipolitikagazetesi.com\/index.php?rest_route=%2Fwp%2Fv2%2Fcomments&post=5198"}],"version-history":[{"count":0,"href":"https:\/\/mersinekonomipolitikagazetesi.com\/index.php?rest_route=\/wp\/v2\/posts\/5198\/revisions"}],"wp:attachment":[{"href":"https:\/\/mersinekonomipolitikagazetesi.com\/index.php?rest_route=%2Fwp%2Fv2%2Fmedia&parent=5198"}],"wp:term":[{"taxonomy":"category","embeddable":true,"href":"https:\/\/mersinekonomipolitikagazetesi.com\/index.php?rest_route=%2Fwp%2Fv2%2Fcategories&post=5198"},{"taxonomy":"post_tag","embeddable":true,"href":"https:\/\/mersinekonomipolitikagazetesi.com\/index.php?rest_route=%2Fwp%2Fv2%2Ftags&post=5198"}],"curies":[{"name":"wp","href":"https:\/\/api.w.org\/{rel}","templated":true}]}}