{"id":5211,"date":"2020-11-04T18:25:38","date_gmt":"2020-11-04T15:25:38","guid":{"rendered":"http:\/\/mersinekonomipolitikagazetesi.com\/?p=5211"},"modified":"2020-11-04T18:25:38","modified_gmt":"2020-11-04T15:25:38","slug":"tarsus-cezaevinde-yangin-19-kisi-dumandan-etkilendi","status":"publish","type":"post","link":"https:\/\/mersinekonomipolitikagazetesi.com\/?p=5211","title":{"rendered":"Tarsus Cezaevinde yang\u0131n: 19 ki\u015fi dumandan etkilendi"},"content":{"rendered":"<p>Mersin&#8217;in Tarsus il\u00e7esinde cezaevinde \u00e7\u0131kan yang\u0131nda 2&#8217;si mahkum 19 ki\u015fi dumandan etkilendi.\u00a0<br \/>\n\u00a0 Al\u0131nan bilgiye g\u00f6re, Alifak\u0131 Mahallesi&#8217;nde bulunan Tarsus Ceza \u0130nfaz Kurumlar\u0131 Kamp\u00fcs\u00fc i\u00e7erisinde bulunan T 3 Cezaevinin idari binas\u0131nda hen\u00fcz bilinmeyen bir nedenle yang\u0131n \u00e7\u0131kt\u0131.\u00a0 \u00a0<br \/>\n\u00a0 Olay yerine sevk edilen \u00e7ok say\u0131da itfaiye ekibi taraf\u0131ndan yo\u011fun \u00e7al\u0131\u015fma sonucu \u00e7\u0131kan yang\u0131n kontrol alt\u0131na al\u0131nd\u0131. Yang\u0131nda dumandan etkilenen 2&#8217;si mahkum 17&#8217;si personel toplam 19 ki\u015fi hastaneye kald\u0131r\u0131ld\u0131. Tedavi alt\u0131na al\u0131nan ki\u015filerin sa\u011fl\u0131k durumlar\u0131n\u0131n iyi oldu\u011fu \u00f6\u011frenildi.\u00a0<br \/>\n\u00a0 Yang\u0131nla ilgili soru\u015fturma ba\u015flat\u0131ld\u0131.\u00a0<\/p>\n","protected":false},"excerpt":{"rendered":"<p>Mersin&#8217;in Tarsus il\u00e7esinde cezaevinde \u00e7\u0131kan yang\u0131nda 2&#8217;si mahkum 19 ki\u015fi dumandan etkilendi.\u00a0 \u00a0 Al\u0131nan bilgiye g\u00f6re, Alifak\u0131 Mahallesi&#8217;nde bulunan Tarsus Ceza \u0130nfaz Kurumlar\u0131 Kamp\u00fcs\u00fc i\u00e7erisinde bulunan T 3 Cezaevinin idari &hellip; <a href=\"https:\/\/mersinekonomipolitikagazetesi.com\/?p=5211\" class=\"more-link\">Devam\u0131n\u0131 Oku&#8230;<\/a><\/p>\n","protected":false},"author":1,"featured_media":0,"comment_status":"open","ping_status":"open","sticky":false,"template":"","format":"standard","meta":[],"categories":[],"tags":[],"_links":{"self":[{"href":"https:\/\/mersinekonomipolitikagazetesi.com\/index.php?rest_route=\/wp\/v2\/posts\/5211"}],"collection":[{"href":"https:\/\/mersinekonomipolitikagazetesi.com\/index.php?rest_route=\/wp\/v2\/posts"}],"about":[{"href":"https:\/\/mersinekonomipolitikagazetesi.com\/index.php?rest_route=\/wp\/v2\/types\/post"}],"author":[{"embeddable":true,"href":"https:\/\/mersinekonomipolitikagazetesi.com\/index.php?rest_route=\/wp\/v2\/users\/1"}],"replies":[{"embeddable":true,"href":"https:\/\/mersinekonomipolitikagazetesi.com\/index.php?rest_route=%2Fwp%2Fv2%2Fcomments&post=5211"}],"version-history":[{"count":0,"href":"https:\/\/mersinekonomipolitikagazetesi.com\/index.php?rest_route=\/wp\/v2\/posts\/5211\/revisions"}],"wp:attachment":[{"href":"https:\/\/mersinekonomipolitikagazetesi.com\/index.php?rest_route=%2Fwp%2Fv2%2Fmedia&parent=5211"}],"wp:term":[{"taxonomy":"category","embeddable":true,"href":"https:\/\/mersinekonomipolitikagazetesi.com\/index.php?rest_route=%2Fwp%2Fv2%2Fcategories&post=5211"},{"taxonomy":"post_tag","embeddable":true,"href":"https:\/\/mersinekonomipolitikagazetesi.com\/index.php?rest_route=%2Fwp%2Fv2%2Ftags&post=5211"}],"curies":[{"name":"wp","href":"https:\/\/api.w.org\/{rel}","templated":true}]}}