{"id":5214,"date":"2020-11-04T18:25:38","date_gmt":"2020-11-04T15:25:38","guid":{"rendered":"http:\/\/mersinekonomipolitikagazetesi.com\/?p=5214"},"modified":"2020-11-04T18:25:38","modified_gmt":"2020-11-04T15:25:38","slug":"mersinliler-icin-oncelik-cukurova-havaalani-proje-cok-uygulama-yok","status":"publish","type":"post","link":"https:\/\/mersinekonomipolitikagazetesi.com\/?p=5214","title":{"rendered":"Mersinliler \u0130\u00e7in \u00d6ncelik \u00c7ukurova Havaalan\u0131..! PROJE \u00c7OK UYGULAMA YOK..!"},"content":{"rendered":"<p>Millet Bah\u00e7esi ve Metro projelerinin daha \u00f6nce ba\u015flanan ve y\u0131llard\u0131r yap\u0131m\u0131 bir t\u00fcrl\u00fc bitirilmeyen Havaalan\u0131 projesini yine g\u00fcndem d\u0131\u015f\u0131 b\u0131rakmas\u0131 tart\u0131\u015fma konusu oldu. \u00c7ukurova Havaalan\u0131\u2019n\u0131n bir t\u00fcrl\u00fc tamamlanmamas\u0131na tepki g\u00f6steren vatanda\u015flar, \u201cKe\u015fke Millet Bah\u00e7esi ve Metro\u2019dan \u00f6nce &#8216;Havaliman\u0131&#8217; n\u0131n tamamlanmas\u0131 i\u00e7in bir ad\u0131m at\u0131lsa.\u201d \u015feklinde konu\u015ftular.<\/p>\n<p>Mersin\u2019de yap\u0131lmas\u0131 planlanan projeler y\u0131llard\u0131r, \u00e7e\u015fitli nedenlerden ve engellerden dolay\u0131 tamamlanam\u0131yor. \u00c7ukurova B\u00f6lgesel havaalan\u0131 projesinin Mersin i\u00e7in \u00f6neminin b\u00fcy\u00fck oldu\u011fu biliniyor. Son zamanlara geli\u015fen ve g\u00fcndemde olan Metro projesinin ne zaman ba\u015flayaca\u011f\u0131 merak konusu olurken, vatanda\u015flar, kentin \u00f6ncelik projesinin \u2018\u00c7ukurova Havaalan\u0131\u2019 olmas\u0131 gerekti\u011fini belirtti. Mersinliler verilen vaatler ve anlat\u0131lan projelerin uygulanmamas\u0131na tepki g\u00f6sterdi. Mersin\u2019in sorunlar\u0131na \u00e7are olaca\u011f\u0131 d\u00fc\u015f\u00fcn\u00fclen \u00c7ukurova Havaalan\u0131 projesi \u00e7e\u015fitli nedenler dolay\u0131 bitirilememesi ve kamuoyunun yeterli bilgilendirmemesi b\u00fcy\u00fck tart\u0131\u015fma konusu olmaya devam ediyor. \u00d6zellikle Metro projesinin gecikmi\u015f bir proje olmas\u0131ndan ve ba\u015flasa bile \u00e7ok ge\u00e7 bitmesinden endi\u015fe duyuluyor. Yap\u0131lacak her iki projenin istihdam sa\u011flay\u0131c\u0131 bir \u00f6zelli\u011fi olmamas\u0131 y\u00f6n\u00fcnden ele\u015ftiriliyor.<\/p>\n<p>M\u0130LLET BAH\u00c7ES\u0130 VE METRO PROJES\u0130?<\/p>\n<p>Metro projesinin ne zaman ba\u015flay\u0131p bitece\u011fi bilinmezken, ba\u015flasa bille y\u0131llarca s\u00fcrmesi bekleniyor. Bu y\u00fczden \u2018metro\u2019 projesinin ge\u00e7 kal\u0131nm\u0131\u015f bir proje oldu\u011funu belirten vatanda\u015flar, \u2018\u2019 Bitti\u011fini varsayarsak e\u011fer, Mersinliler gidecekleri yere biraz daha \u00f6nce ula\u015fabilecekler. Zaman\u0131nda yap\u0131lm\u0131\u015f olsa uygun olurdu. Fakat bug\u00fcn art\u0131k ge\u00e7erli olmayaca\u011f\u0131n\u0131 d\u00fc\u015f\u00fcn\u00fcyoruz.\u2019\u2019 diye ele\u015ftiride bulundu. Millet bah\u00e7esi projesini de ele\u015ftiren vatanda\u015flar, \u2018\u2019Her iki proje de, Mersin\u2019in \u015fu anda en b\u00fcy\u00fck ihtiyac\u0131 olan istihdam art\u0131\u015f\u0131na ve ekonominin geli\u015fmesine katk\u0131 vermeyecek. Mersin\u2019e i\u015f ve a\u015f sa\u011flamayacak, yoksullu\u011fa \u00e7are olamayacak.\u2019\u2019 diyerek \u015fikayetlerini dile getirdiler.<\/p>\n<p>MERS\u0130NL\u0130LER \u0130\u00c7\u0130N \u00c7ARE HAVAL\u0130MANI&#8230;!<\/p>\n<p>Politik hesaplardan uzak kent sevgisinin Mersin\u2019de de olmas\u0131 gerekti\u011fini belirten vatanda\u015flar, \u2018\u2019T\u00fcm kent y\u00f6neticileri, Oda ve Sivil Toplum Kurulu\u015flar\u0131 ba\u015fkanlar\u0131, siyasilerle birlikte bir Ba\u015fkent \u00e7\u0131karmas\u0131 yapsalar ve taleplerini toplu olarak \u0131srarla belirtselerdi, havaliman\u0131 \u00e7oktan bitirilmi\u015f olurdu. Havaalan\u0131 tamamlansa Mersin\u2019in ekonomisi geli\u015fir, istihdam artar ve y\u0131llard\u0131r engellenen turizm hareketleri ger\u00e7ekle\u015firdi. Ayr\u0131ca, sorumlu siyaset\u00e7ilerin de havaalan\u0131\u2019n\u0131n yap\u0131lmas\u0131na katk\u0131 vermesi gerekti\u011fini belirten vatanda\u015flar, kent dinamiklerinin \u00fczerlerine d\u00fc\u015feni yapmad\u0131klar\u0131 ve g\u00f6revdeki etkisiz kald\u0131klar\u0131n\u0131 s\u00f6yleyerek tepki g\u00f6sterdiler. Kazanl\u0131 Turizm Projesi\u2019nin de \u00c7ukurova Havaalan\u0131 ile ba\u011flant\u0131l\u0131. Havaalan\u0131\u2019n\u0131n \u00f6ng\u00f6r\u00fclen bir s\u00fcrede bitece\u011fine ili\u015fkin bir \u00fcmit g\u00f6r\u00fclmedi\u011fi i\u00e7in, Kazanl\u0131\u2019da yap\u0131lacak turizm tesislerine ba\u015flan\u0131lmad\u0131\u011f\u0131 d\u00fc\u015f\u00fcn\u00fcl\u00fcyor. Havaliman\u0131 tamamlanm\u0131\u015f olsa 7 bin 500 olan daha sonra 15 bin\u2019e \u00e7\u0131kar\u0131lan yatak say\u0131l\u0131 turizm tesisleri tamamlanarak, Mersin\u2019in bir \u00e7ok sorununun \u00e7\u00f6z\u00fclmesi bekleniyor.<\/p>\n","protected":false},"excerpt":{"rendered":"<p>Millet Bah\u00e7esi ve Metro projelerinin daha \u00f6nce ba\u015flanan ve y\u0131llard\u0131r yap\u0131m\u0131 bir t\u00fcrl\u00fc bitirilmeyen Havaalan\u0131 projesini yine g\u00fcndem d\u0131\u015f\u0131 b\u0131rakmas\u0131 tart\u0131\u015fma konusu oldu. \u00c7ukurova Havaalan\u0131\u2019n\u0131n bir t\u00fcrl\u00fc tamamlanmamas\u0131na tepki g\u00f6steren &hellip; <a href=\"https:\/\/mersinekonomipolitikagazetesi.com\/?p=5214\" class=\"more-link\">Devam\u0131n\u0131 Oku&#8230;<\/a><\/p>\n","protected":false},"author":1,"featured_media":0,"comment_status":"open","ping_status":"open","sticky":false,"template":"","format":"standard","meta":[],"categories":[],"tags":[],"_links":{"self":[{"href":"https:\/\/mersinekonomipolitikagazetesi.com\/index.php?rest_route=\/wp\/v2\/posts\/5214"}],"collection":[{"href":"https:\/\/mersinekonomipolitikagazetesi.com\/index.php?rest_route=\/wp\/v2\/posts"}],"about":[{"href":"https:\/\/mersinekonomipolitikagazetesi.com\/index.php?rest_route=\/wp\/v2\/types\/post"}],"author":[{"embeddable":true,"href":"https:\/\/mersinekonomipolitikagazetesi.com\/index.php?rest_route=\/wp\/v2\/users\/1"}],"replies":[{"embeddable":true,"href":"https:\/\/mersinekonomipolitikagazetesi.com\/index.php?rest_route=%2Fwp%2Fv2%2Fcomments&post=5214"}],"version-history":[{"count":0,"href":"https:\/\/mersinekonomipolitikagazetesi.com\/index.php?rest_route=\/wp\/v2\/posts\/5214\/revisions"}],"wp:attachment":[{"href":"https:\/\/mersinekonomipolitikagazetesi.com\/index.php?rest_route=%2Fwp%2Fv2%2Fmedia&parent=5214"}],"wp:term":[{"taxonomy":"category","embeddable":true,"href":"https:\/\/mersinekonomipolitikagazetesi.com\/index.php?rest_route=%2Fwp%2Fv2%2Fcategories&post=5214"},{"taxonomy":"post_tag","embeddable":true,"href":"https:\/\/mersinekonomipolitikagazetesi.com\/index.php?rest_route=%2Fwp%2Fv2%2Ftags&post=5214"}],"curies":[{"name":"wp","href":"https:\/\/api.w.org\/{rel}","templated":true}]}}