{"id":5215,"date":"2020-11-04T18:25:38","date_gmt":"2020-11-04T15:25:38","guid":{"rendered":"http:\/\/mersinekonomipolitikagazetesi.com\/?p=5215"},"modified":"2020-11-04T18:25:38","modified_gmt":"2020-11-04T15:25:38","slug":"mersin-barosu-multeci-sorunlarinin-cozumu-icin-goc-idaresi-ile-isbirligi-yapacak","status":"publish","type":"post","link":"https:\/\/mersinekonomipolitikagazetesi.com\/?p=5215","title":{"rendered":"Mersin Barosu, m\u00fclteci sorunlar\u0131n\u0131n \u00e7\u00f6z\u00fcm\u00fc i\u00e7in G\u00f6\u00e7 \u0130daresi ile i\u015fbirli\u011fi yapacak"},"content":{"rendered":"<p>\u00a0Mersin Barosu Ba\u015fkan\u0131 Bilgin Ye\u015filbo\u011faz, G\u00f6\u00e7 \u0130daresi M\u00fcd\u00fcrl\u00fc\u011f\u00fc ile i\u015fbirli\u011fi i\u00e7erisinde, Mersin\u2019de m\u00fclteci sorunlar\u0131n\u0131 \u00e7\u00f6z\u00fcme kavu\u015fturacaklar\u0131n\u0131 s\u00f6yledi.\u00a0<br \/>\n\u00a0 Baro Ba\u015fkan\u0131 Ye\u015filbo\u011faz, m\u00fclteci haklar\u0131ndan sorumlu Av. Serdan S\u00f6ylemez ile birlikte, Mersin \u0130l G\u00f6\u00e7 \u0130daresi M\u00fcd\u00fcrl\u00fc\u011f\u00fc g\u00f6revine atanan H\u00fcseyin Kemal \u0130lday\u2019a hay\u0131rl\u0131 olsun ziyaretinde bulundu. Ziyarette, m\u00fclteci sorunlar\u0131na, insan haklar\u0131 \u00e7er\u00e7evesinde bak\u0131lmas\u0131 gerekti\u011fini belirten Ye\u015filbo\u011faz, \u201c\u00dclkelerde ya\u015fanan i\u00e7 sava\u015flar, ekonomik zorluklar ve siyasi istikrars\u0131zl\u0131klar g\u00f6\u00e7 hareketlerini h\u0131zland\u0131rm\u0131\u015ft\u0131r. M\u00fclteciler ve \u00fclkesinde yerinden edilmi\u015f insanlar\u0131n haklar\u0131 kar\u015f\u0131s\u0131nda kal\u0131nan kay\u0131ts\u0131zl\u0131k, m\u00fcltecilerin ya\u015fad\u0131klar\u0131 t\u00fcm sorunlar\u0131n ba\u015fl\u0131ca nedenidir. \u00c7e\u015fitli nedenlerle \u00fclkelerini terk etmek zorunda kalan, gittikleri yerde insan haklar\u0131 ihlalleriyle kar\u015f\u0131la\u015fan m\u00fcltecilerin ulusal ve uluslararas\u0131 hukuk \u00e7er\u00e7evesinde korunmas\u0131, hukuki ve vicdani bir zorunluluktur. Ancak devletlerin, m\u00fcltecileri korumaya y\u00f6nelik h\u00fck\u00fcmleri ihlal etti\u011fini g\u00f6rmekteyiz\u201d dedi.\u00a0<br \/>\n\u00a0 Mersin\u2019de ya\u015fayan 350 bin Suriyelinin bir tak\u0131m sorunlar ya\u015fad\u0131klar\u0131n\u0131 ve hak ihlalleriyle kar\u015f\u0131la\u015ft\u0131klar\u0131n\u0131 dile getiren Ye\u015filbo\u011faz, \u201cAyr\u0131ca, avukatlar\u0131n G\u00f6\u00e7 \u0130daresinde m\u00fcltecilerle ilgili sorunlar\u0131n \u00e7\u00f6z\u00fcm\u00fcnde i\u015flerini daha kolay yapabilmesi i\u00e7in, avukatlar\u0131 k\u0131s\u0131tlayan engellerin kald\u0131r\u0131lmas\u0131 gerekmektedir. Mersin\u2019de ya\u015fayan m\u00fcltecilerin hukuki hak ve hizmetlere eri\u015fimi ile sosyal entegrasyonunun, sizlerin ve baromuzun i\u015fbirli\u011finde \u00f6nemli \u00f6l\u00e7\u00fcde sa\u011flanaca\u011f\u0131na inan\u0131yorum\u201d dedi.\u00a0<br \/>\n\u00a0 M\u00fclteci haklar\u0131ndan sorumlu Av. S\u00f6ylemez de Mersin\u2019deki Suriyelilerin, di\u011fer b\u00f6lgelerdeki Suriyelilerden farkl\u0131 olduklar\u0131ndan entegrasyonun daha \u00e7abuk sa\u011flanabildi\u011fini ifade ederek, G\u00f6\u00e7 \u0130daresi ile yap\u0131lacak olan ortak \u00e7al\u0131\u015fmalarda, bu sorunun en aza rahatl\u0131kla indirgenebilece\u011fini s\u00f6yledi. S\u00f6ylemez ayr\u0131ca, Mersin Barosu olarak m\u00fcltecilerin entegrasyonunu sa\u011flamak ve haklar\u0131 konusunda bilin\u00e7lenmelerine y\u00f6nelik etkinlikler ve paneller d\u00fczenleyeceklerinin bilgisini verdi.\u00a0<br \/>\n\u00a0 Suriyelilerin ya\u015fad\u0131klar\u0131 sorunlar\u0131n \u00e7\u00f6z\u00fcm\u00fcne y\u00f6nelik Mersin Barosu ile isti\u015fare i\u00e7erisinde olmaktan mutluluk duydu\u011funu ifade eden \u0130l G\u00f6\u00e7 \u0130daresi M\u00fcd\u00fcr\u00fc \u0130lday ise Mersin\u2019de m\u00fclteci sorunlar\u0131n\u0131n a\u015f\u0131lmas\u0131nda ve hak ihlallerinin \u00f6nlenmesinde Mersin Barosu ile i\u015fbirli\u011fi yap\u0131lmas\u0131n\u0131n etkin \u00e7\u00f6z\u00fcmler getirece\u011fine inand\u0131\u011f\u0131n\u0131 kaydetti.\u00a0<\/p>\n","protected":false},"excerpt":{"rendered":"<p>\u00a0Mersin Barosu Ba\u015fkan\u0131 Bilgin Ye\u015filbo\u011faz, G\u00f6\u00e7 \u0130daresi M\u00fcd\u00fcrl\u00fc\u011f\u00fc ile i\u015fbirli\u011fi i\u00e7erisinde, Mersin\u2019de m\u00fclteci sorunlar\u0131n\u0131 \u00e7\u00f6z\u00fcme kavu\u015fturacaklar\u0131n\u0131 s\u00f6yledi.\u00a0 \u00a0 Baro Ba\u015fkan\u0131 Ye\u015filbo\u011faz, m\u00fclteci haklar\u0131ndan sorumlu Av. Serdan S\u00f6ylemez ile birlikte, Mersin &hellip; <a href=\"https:\/\/mersinekonomipolitikagazetesi.com\/?p=5215\" class=\"more-link\">Devam\u0131n\u0131 Oku&#8230;<\/a><\/p>\n","protected":false},"author":1,"featured_media":0,"comment_status":"open","ping_status":"open","sticky":false,"template":"","format":"standard","meta":[],"categories":[],"tags":[],"_links":{"self":[{"href":"https:\/\/mersinekonomipolitikagazetesi.com\/index.php?rest_route=\/wp\/v2\/posts\/5215"}],"collection":[{"href":"https:\/\/mersinekonomipolitikagazetesi.com\/index.php?rest_route=\/wp\/v2\/posts"}],"about":[{"href":"https:\/\/mersinekonomipolitikagazetesi.com\/index.php?rest_route=\/wp\/v2\/types\/post"}],"author":[{"embeddable":true,"href":"https:\/\/mersinekonomipolitikagazetesi.com\/index.php?rest_route=\/wp\/v2\/users\/1"}],"replies":[{"embeddable":true,"href":"https:\/\/mersinekonomipolitikagazetesi.com\/index.php?rest_route=%2Fwp%2Fv2%2Fcomments&post=5215"}],"version-history":[{"count":0,"href":"https:\/\/mersinekonomipolitikagazetesi.com\/index.php?rest_route=\/wp\/v2\/posts\/5215\/revisions"}],"wp:attachment":[{"href":"https:\/\/mersinekonomipolitikagazetesi.com\/index.php?rest_route=%2Fwp%2Fv2%2Fmedia&parent=5215"}],"wp:term":[{"taxonomy":"category","embeddable":true,"href":"https:\/\/mersinekonomipolitikagazetesi.com\/index.php?rest_route=%2Fwp%2Fv2%2Fcategories&post=5215"},{"taxonomy":"post_tag","embeddable":true,"href":"https:\/\/mersinekonomipolitikagazetesi.com\/index.php?rest_route=%2Fwp%2Fv2%2Ftags&post=5215"}],"curies":[{"name":"wp","href":"https:\/\/api.w.org\/{rel}","templated":true}]}}