{"id":5216,"date":"2020-11-04T18:25:38","date_gmt":"2020-11-04T15:25:38","guid":{"rendered":"http:\/\/mersinekonomipolitikagazetesi.com\/?p=5216"},"modified":"2020-11-04T18:25:38","modified_gmt":"2020-11-04T15:25:38","slug":"buyuksehirin-destegiyle-camliyaylada-sokaklara-kilitli-parke-tasi-dosendi","status":"publish","type":"post","link":"https:\/\/mersinekonomipolitikagazetesi.com\/?p=5216","title":{"rendered":"B\u00fcy\u00fck\u015fehir\u2019in deste\u011fiyle \u00c7aml\u0131yayla\u2019da sokaklara kilitli parke ta\u015f\u0131 d\u00f6\u015fendi"},"content":{"rendered":"<p>Mersin B\u00fcy\u00fck\u015fehir Belediyesi, \u00c7aml\u0131yayla\u2019da sokaklar\u0131n parke ta\u015f\u0131yla kaplanmas\u0131 i\u00e7in destek verildi. B\u00fcy\u00fck\u015fehir Belediyesi taraf\u0131ndan verilen kilitli parke ta\u015flar\u0131 \u00c7aml\u0131yayla Belediyesi ekipleri taraf\u0131ndan sokaklara d\u00f6\u015fendi.\u00a0<br \/>\n\u00a0 Mersin B\u00fcy\u00fck\u015fehir Belediyesi, il\u00e7elerde de altyap\u0131 \u00e7al\u0131\u015fmalar\u0131na b\u00fcy\u00fck bir h\u0131zla devam ediyor. Yayla turizmi a\u00e7\u0131s\u0131ndan Do\u011fu Akdeniz\u2019in en \u00f6nemli yerle\u015fim yerlerinden biri olan \u00c7aml\u0131yayla\u2019da, sokaklar\u0131n kilitli parke ta\u015f\u0131yla d\u00f6\u015fenmesi i\u00e7in \u00e7al\u0131\u015fmalar s\u00fcr\u00fcyor. B\u00fcy\u00fck\u015fehir Belediyesi Tarsus-\u00c7aml\u0131yayla \u015eube M\u00fcd\u00fcrl\u00fc\u011f\u00fc taraf\u0131ndan temin edilen parke ta\u015flar, \u00c7aml\u0131yayla Belediyesi Fen \u0130\u015fleri M\u00fcd\u00fcrl\u00fc\u011f\u00fcne ba\u011fl\u0131 ekipler taraf\u0131ndan sokaklara d\u00f6\u015fendi.\u00a0<br \/>\n\u00a0 Yap\u0131lan \u00e7al\u0131\u015fmalar kapsam\u0131nda 2 bin 200 metrekarelik kilitli parke ta\u015f\u0131 d\u00f6\u015femesi yap\u0131ld\u0131. Ekipler, \u00c7aml\u0131yayla \u00c7ay\u0131rekinli\u011fi Mahallesi F\u0131nd\u0131kl\u0131 ve Tura\u00e7c\u0131k Sokak, Cumayakas\u0131 Mahallesi Tal\u0131\u00e7 Caddesi ve Tal\u0131\u00e7 Camiinin \u00f6n b\u00f6l\u00fcm\u00fc, Kale Mahallesi Toracc\u0131k Sokak\u2019ta kilitli parke ta\u015f\u0131 d\u00f6\u015fedi. B\u00fcy\u00fck\u015fehir\u2019in destekleriyle program dahilinde \u00c7aml\u0131yayla\u2019da kilitli parke ta\u015f\u0131 d\u00f6\u015feme \u00e7al\u0131\u015fmalar\u0131 devam edecek.\u00a0<br \/>\n\u00a0<br \/>\n\u00a0 Heyelandan zarar g\u00f6ren yollar onar\u0131lm\u0131\u015ft\u0131\u00a0<\/p>\n<p>\n\u00a0 \u00c7aml\u0131yayla\u2019da ge\u00e7ti\u011fimiz y\u0131l d\u00fc\u015fen a\u015f\u0131r\u0131 ya\u011f\u0131\u015flar neticesinde olu\u015fan heyelandan zarar g\u00f6ren bir\u00e7ok yol, B\u00fcy\u00fck\u015fehir Belediyesi Yol Yap\u0131m Bak\u0131m ve Onar\u0131m Daire Ba\u015fkanl\u0131\u011f\u0131 ekipleri taraf\u0131ndan yap\u0131lan titiz \u00e7al\u0131\u015fmayla ge\u00e7ti\u011fimiz g\u00fcnlerde onar\u0131lm\u0131\u015ft\u0131. Binlik b\u00fcz borular\u0131n tabana d\u00f6\u015fendi\u011fi, \u00fczerine ise dev kayalar\u0131n konuldu\u011fu sorunlu b\u00f6lgeler g\u00fc\u00e7lendirilmi\u015f, bundan sonraki s\u00fcre\u00e7te ya\u011fmur sular\u0131n\u0131n zarar vermemesi i\u00e7in itinal\u0131 bir \u00e7al\u0131\u015fma ger\u00e7ekle\u015ftirilmi\u015fti.\u00a0<br \/>\n\u00a0 \u00c7al\u0131\u015fmalar kapsam\u0131nda Cumayakas\u0131 Mahallesi eski lise yolu, Sebil Caddesi Cerelik m\u0131nt\u0131kas\u0131, Ergene yolu ve K\u00f6rmenlik ile Karain aras\u0131ndaki yolda, B\u00fcy\u00fck\u015fehir ekipleri, a\u011f\u0131r i\u015f makinalar\u0131 vas\u0131tas\u0131yla kapsaml\u0131 \u00e7al\u0131\u015fma yapm\u0131\u015ft\u0131.\u00a0<\/p>\n","protected":false},"excerpt":{"rendered":"<p>Mersin B\u00fcy\u00fck\u015fehir Belediyesi, \u00c7aml\u0131yayla\u2019da sokaklar\u0131n parke ta\u015f\u0131yla kaplanmas\u0131 i\u00e7in destek verildi. B\u00fcy\u00fck\u015fehir Belediyesi taraf\u0131ndan verilen kilitli parke ta\u015flar\u0131 \u00c7aml\u0131yayla Belediyesi ekipleri taraf\u0131ndan sokaklara d\u00f6\u015fendi.\u00a0 \u00a0 Mersin B\u00fcy\u00fck\u015fehir Belediyesi, il\u00e7elerde de &hellip; <a href=\"https:\/\/mersinekonomipolitikagazetesi.com\/?p=5216\" class=\"more-link\">Devam\u0131n\u0131 Oku&#8230;<\/a><\/p>\n","protected":false},"author":1,"featured_media":0,"comment_status":"open","ping_status":"open","sticky":false,"template":"","format":"standard","meta":[],"categories":[],"tags":[],"_links":{"self":[{"href":"https:\/\/mersinekonomipolitikagazetesi.com\/index.php?rest_route=\/wp\/v2\/posts\/5216"}],"collection":[{"href":"https:\/\/mersinekonomipolitikagazetesi.com\/index.php?rest_route=\/wp\/v2\/posts"}],"about":[{"href":"https:\/\/mersinekonomipolitikagazetesi.com\/index.php?rest_route=\/wp\/v2\/types\/post"}],"author":[{"embeddable":true,"href":"https:\/\/mersinekonomipolitikagazetesi.com\/index.php?rest_route=\/wp\/v2\/users\/1"}],"replies":[{"embeddable":true,"href":"https:\/\/mersinekonomipolitikagazetesi.com\/index.php?rest_route=%2Fwp%2Fv2%2Fcomments&post=5216"}],"version-history":[{"count":0,"href":"https:\/\/mersinekonomipolitikagazetesi.com\/index.php?rest_route=\/wp\/v2\/posts\/5216\/revisions"}],"wp:attachment":[{"href":"https:\/\/mersinekonomipolitikagazetesi.com\/index.php?rest_route=%2Fwp%2Fv2%2Fmedia&parent=5216"}],"wp:term":[{"taxonomy":"category","embeddable":true,"href":"https:\/\/mersinekonomipolitikagazetesi.com\/index.php?rest_route=%2Fwp%2Fv2%2Fcategories&post=5216"},{"taxonomy":"post_tag","embeddable":true,"href":"https:\/\/mersinekonomipolitikagazetesi.com\/index.php?rest_route=%2Fwp%2Fv2%2Ftags&post=5216"}],"curies":[{"name":"wp","href":"https:\/\/api.w.org\/{rel}","templated":true}]}}