{"id":5217,"date":"2020-11-04T18:25:38","date_gmt":"2020-11-04T15:25:38","guid":{"rendered":"http:\/\/mersinekonomipolitikagazetesi.com\/?p=5217"},"modified":"2020-11-04T18:25:38","modified_gmt":"2020-11-04T15:25:38","slug":"mersinde-gulsen-kutlu-konseri","status":"publish","type":"post","link":"https:\/\/mersinekonomipolitikagazetesi.com\/?p=5217","title":{"rendered":"Mersin&#8217;de G\u00fcl\u015fen Kutlu konseri"},"content":{"rendered":"<p>Mersin B\u00fcy\u00fck\u015fehir Belediyesi\u2019nin k\u00fclt\u00fcrel etkinlikleri kapsam\u0131ndaT\u00fcrk Halk M\u00fczi\u011finin g\u00fc\u00e7l\u00fc ve sevilen sesi G\u00fcl\u015fen Kutlu, sevenleri ile bulu\u015ftu.\u00a0 \u00a0<br \/>\n\u00a0 B\u00fcy\u00fck\u015fehir Belediyesi Kongre ve Sergi Saray\u0131ndaki etkinlikte, ilk olarak \u015eef Zekeriya Y\u0131ld\u0131z y\u00f6netimindeki Mersin B\u00fcy\u00fck\u015fehir Belediyesi saz ve ses sanat\u00e7\u0131lar\u0131 sahne ald\u0131. T\u00fcrkiye\u2019nin de\u011fi\u015fik y\u00f6relerine ait t\u00fcrk\u00fcleri ba\u015far\u0131l\u0131 bir \u015fekilde seslendiren koro, dinleyicilerden b\u00fcy\u00fck alk\u0131\u015f ald\u0131.\u00a0<br \/>\n\u00a0 Etkinli\u011fin ikinci b\u00f6l\u00fcm\u00fcnde ise konuk sanat\u00e7\u0131 G\u00fcl\u015fen Kutlu sahne ald\u0131. B\u00fcy\u00fck\u015fehir Belediyesi saz sanat\u00e7\u0131lar\u0131n\u0131n e\u015flik etti\u011fi G\u00fcl\u015fen Kutlu, repertuar\u0131ndaki en bilinen ve sevilen t\u00fcrk\u00fcleri, konseri dinleyen vatanda\u015flarla birlikte s\u00f6yledi. Kendisini Mersinliler ile bulu\u015fturan B\u00fcy\u00fck\u015fehir Belediye Ba\u015fkan\u0131 Vahap Se\u00e7er\u2019e te\u015fekk\u00fcr eden G\u00fcl\u015fen Kutlu, \u201cB\u00f6ylesi kalabal\u0131k bir dinleyici kitlesi kar\u015f\u0131s\u0131nda sahne almaktan b\u00fcy\u00fck mutluluk duydum. T\u00fcrk\u00fclerime e\u015flik eden, t\u00fcrk\u00fc k\u00fclt\u00fcr\u00fc ve bilinci ta\u015f\u0131yan insanlara konser vermek, benim i\u00e7in de olduk\u00e7a keyif verici\u201d dedi.\u00a0<br \/>\n\u00a0 Konserin ard\u0131ndan Mersin Vali Yard\u0131mc\u0131s\u0131 S\u00fcleyman Deniz sahneye gelerek sanat\u00e7\u0131 G\u00fcl\u015fen Kutlu\u2019yu kutlad\u0131 ve g\u00fcn\u00fcn an\u0131s\u0131na \u00e7i\u00e7ek verdi. Mersin B\u00fcy\u00fck\u015fehir Belediyesi Genel Sekreter Yard\u0131mc\u0131s\u0131 Hasan G\u00f6kbel ise koro \u015fefi Zekeriya Y\u0131ld\u0131z\u2019\u0131 tebrik ederek \u00e7i\u00e7ek takdim etti.\u00a0<\/p>\n","protected":false},"excerpt":{"rendered":"<p>Mersin B\u00fcy\u00fck\u015fehir Belediyesi\u2019nin k\u00fclt\u00fcrel etkinlikleri kapsam\u0131ndaT\u00fcrk Halk M\u00fczi\u011finin g\u00fc\u00e7l\u00fc ve sevilen sesi G\u00fcl\u015fen Kutlu, sevenleri ile bulu\u015ftu.\u00a0 \u00a0 \u00a0 B\u00fcy\u00fck\u015fehir Belediyesi Kongre ve Sergi Saray\u0131ndaki etkinlikte, ilk olarak \u015eef Zekeriya &hellip; <a href=\"https:\/\/mersinekonomipolitikagazetesi.com\/?p=5217\" class=\"more-link\">Devam\u0131n\u0131 Oku&#8230;<\/a><\/p>\n","protected":false},"author":1,"featured_media":0,"comment_status":"open","ping_status":"open","sticky":false,"template":"","format":"standard","meta":[],"categories":[],"tags":[],"_links":{"self":[{"href":"https:\/\/mersinekonomipolitikagazetesi.com\/index.php?rest_route=\/wp\/v2\/posts\/5217"}],"collection":[{"href":"https:\/\/mersinekonomipolitikagazetesi.com\/index.php?rest_route=\/wp\/v2\/posts"}],"about":[{"href":"https:\/\/mersinekonomipolitikagazetesi.com\/index.php?rest_route=\/wp\/v2\/types\/post"}],"author":[{"embeddable":true,"href":"https:\/\/mersinekonomipolitikagazetesi.com\/index.php?rest_route=\/wp\/v2\/users\/1"}],"replies":[{"embeddable":true,"href":"https:\/\/mersinekonomipolitikagazetesi.com\/index.php?rest_route=%2Fwp%2Fv2%2Fcomments&post=5217"}],"version-history":[{"count":0,"href":"https:\/\/mersinekonomipolitikagazetesi.com\/index.php?rest_route=\/wp\/v2\/posts\/5217\/revisions"}],"wp:attachment":[{"href":"https:\/\/mersinekonomipolitikagazetesi.com\/index.php?rest_route=%2Fwp%2Fv2%2Fmedia&parent=5217"}],"wp:term":[{"taxonomy":"category","embeddable":true,"href":"https:\/\/mersinekonomipolitikagazetesi.com\/index.php?rest_route=%2Fwp%2Fv2%2Fcategories&post=5217"},{"taxonomy":"post_tag","embeddable":true,"href":"https:\/\/mersinekonomipolitikagazetesi.com\/index.php?rest_route=%2Fwp%2Fv2%2Ftags&post=5217"}],"curies":[{"name":"wp","href":"https:\/\/api.w.org\/{rel}","templated":true}]}}