{"id":5218,"date":"2020-11-04T18:25:38","date_gmt":"2020-11-04T15:25:38","guid":{"rendered":"http:\/\/mersinekonomipolitikagazetesi.com\/?p=5218"},"modified":"2020-11-04T18:25:38","modified_gmt":"2020-11-04T15:25:38","slug":"dunyanin-ilk-yuzen-nukleer-guc-unitesi-elektrik-vermeye-basladi","status":"publish","type":"post","link":"https:\/\/mersinekonomipolitikagazetesi.com\/?p=5218","title":{"rendered":"D\u00fcnyan\u0131n ilk y\u00fczen n\u00fckleer g\u00fc\u00e7 \u00fcnitesi elektrik vermeye ba\u015flad\u0131"},"content":{"rendered":"<p>Rusya Devlet Atom Enerjisi Kurumu Rosatom taraf\u0131ndan yap\u0131lan ve t\u00fcr\u00fcn\u00fcn ilk \u00f6rne\u011fi olan y\u00fczen n\u00fckleer g\u00fc\u00e7 \u00fcnitesi &#8216;Akademik Lomonosov&#8217;, \u015febekeye ba\u011flanarak elektrik vermeye ba\u015flad\u0131.\u00a0 \u00a0<br \/>\n\u00a0 Rosatom Genel M\u00fcd\u00fcr\u00fc Alexey Likhachev, s\u00f6z konusu projenin d\u00fcnyan\u0131n d\u00f6rt bir yan\u0131ndaki bilim insanlar\u0131, n\u00fckleer enerji uzmanlar\u0131 ve \u00e7evrecileri taraf\u0131ndan memnuniyetle kar\u015f\u0131land\u0131\u011f\u0131n\u0131 belirterek, \u201cAkademik Lomonosov \u015febekeye ba\u011fland\u0131ktan sonra, SMR (k\u00fc\u00e7\u00fck mod\u00fcler reakt\u00f6r) s\u0131n\u0131f\u0131 teknolojiye dayal\u0131 elektrik \u00fcreten d\u00fcnyan\u0131n ilk n\u00fckleer santrali oldu. Bu hem Rus hem de k\u00fcresel n\u00fckleer enerji end\u00fcstrisi i\u00e7in ola\u011fan\u00fcst\u00fc bir d\u00f6n\u00fcm noktas\u0131. Ayr\u0131ca Pevek \u015fehrini b\u00f6lgenin enerji ba\u015fkenti yapmak i\u00e7in de at\u0131lm\u0131\u015f \u00f6nemli bir ad\u0131m\u201d dedi.\u00a0<br \/>\n\u00a0 Londra merkezli sivil toplum kurulu\u015fu \u0130nsanl\u0131k \u0130\u00e7in Enerji Ba\u015fkan\u0131 Kirsty Gogan ise konuya ili\u015fkin yapt\u0131\u011f\u0131 a\u00e7\u0131klamada, k\u00fc\u00e7\u00fck mod\u00fcler reakt\u00f6rlerin \u00f6nemine de\u011finerek, &#8220;Y\u00fczen santralleri bar\u0131nd\u0131ran bu y\u00f6ntem, hem yenilenebilir enerjilerin kullan\u0131m\u0131n\u0131n desteklenmesinin hem de fosil yak\u0131tlara olan a\u011f\u0131r ba\u011f\u0131ml\u0131l\u0131\u011f\u0131n s\u00fcrd\u00fcr\u00fclebilmesinin \u00e7ok g\u00fc\u00e7 oldu\u011fu iklimlere sahip ula\u015f\u0131lmas\u0131 zor uzak b\u00f6lgelerde tek \u00e7\u00f6z\u00fcm olarak \u00f6ne \u00e7\u0131k\u0131yor. Akademik Lomonosov, Kuzey Kutbu ve \u00f6tesinin dekarbonizasyonu i\u00e7in potansiyelini g\u00f6stermesi yolundaki ilk ad\u0131m&#8221; diye konu\u015ftu.\u00a0<br \/>\n\u00a0 Karadaki gerekli tesisat\u0131n kurulmas\u0131ndan sonra, y\u00fczen n\u00fckleer santralin y\u00fcksek gerilim \u015febekesine ba\u011flanarak elektrik vermeye ba\u015flamas\u0131 i\u00e7in jenerat\u00f6rlerinin k\u0131y\u0131 \u015feridindeki elektrik a\u011f\u0131n\u0131n parametreleriyle senkronize edilmesi sa\u011fland\u0131.\u00a0<br \/>\n\u00a0 Rosatom taraf\u0131ndan yap\u0131lan a\u00e7\u0131klamada, Pevek sakinlerinin bu sembolik g\u00fcn\u00fc \u015fehrin noel a\u011fac\u0131ndaki peri \u0131\u015f\u0131klar\u0131n\u0131 yakarak kutlad\u0131klar\u0131 bildirildi. A\u00e7\u0131klamada ayr\u0131ca \u0131s\u0131 temini \u015febekelerinin kurulmas\u0131 i\u00e7in de b\u00fcy\u00fck miktarda \u00e7al\u0131\u015fma yap\u0131ld\u0131\u011f\u0131 ve y\u00fczen n\u00fckleer santralin, Pevek\u2019in \u0131s\u0131 a\u011f\u0131na ba\u011flanmas\u0131n\u0131n 2020\u2019de tamamlanaca\u011f\u0131 ifade edildi.\u00a0<br \/>\n\u00a0 Y\u00fczen n\u00fckleer santral ticari faaliyetlerine ba\u015flad\u0131\u011f\u0131nda Rusya\u2019n\u0131n 11. n\u00fckleer santrali olacak. Ayn\u0131 zamanda Rusya\u2019n\u0131n tarihinde ilk defa iki n\u00fckleer enerji santrali (Akademik Lomonosov ve Bilibino) ayn\u0131 b\u00f6lgede faaliyet g\u00f6stermi\u015f olacak. Rosatom a\u00e7\u0131klamas\u0131nda, Akademik Lomonosov&#8217;un, Rus yap\u0131m\u0131 k\u00fc\u00e7\u00fck mod\u00fcler reakt\u00f6rlere dayanan gelecekteki y\u00fczen n\u00fckleer enerji santralleri filosu projesi i\u00e7in \u00e7al\u0131\u015fan ilk \u00f6rnek oldu\u011fu vurguland\u0131. S\u00f6z konusu g\u00fc\u00e7 \u00fcnitelerinin gelecekte hem Rusya\u2019n\u0131n ula\u015fmas\u0131 zor kuzey ve do\u011fu b\u00f6lgelerine konu\u015fland\u0131r\u0131laca\u011f\u0131 hem de ihracat i\u00e7in de\u011ferlendirilece\u011fi belirtildi.\u00a0<\/p>\n","protected":false},"excerpt":{"rendered":"<p>Rusya Devlet Atom Enerjisi Kurumu Rosatom taraf\u0131ndan yap\u0131lan ve t\u00fcr\u00fcn\u00fcn ilk \u00f6rne\u011fi olan y\u00fczen n\u00fckleer g\u00fc\u00e7 \u00fcnitesi &#8216;Akademik Lomonosov&#8217;, \u015febekeye ba\u011flanarak elektrik vermeye ba\u015flad\u0131.\u00a0 \u00a0 \u00a0 Rosatom Genel M\u00fcd\u00fcr\u00fc Alexey &hellip; <a href=\"https:\/\/mersinekonomipolitikagazetesi.com\/?p=5218\" class=\"more-link\">Devam\u0131n\u0131 Oku&#8230;<\/a><\/p>\n","protected":false},"author":1,"featured_media":0,"comment_status":"open","ping_status":"open","sticky":false,"template":"","format":"standard","meta":[],"categories":[],"tags":[],"_links":{"self":[{"href":"https:\/\/mersinekonomipolitikagazetesi.com\/index.php?rest_route=\/wp\/v2\/posts\/5218"}],"collection":[{"href":"https:\/\/mersinekonomipolitikagazetesi.com\/index.php?rest_route=\/wp\/v2\/posts"}],"about":[{"href":"https:\/\/mersinekonomipolitikagazetesi.com\/index.php?rest_route=\/wp\/v2\/types\/post"}],"author":[{"embeddable":true,"href":"https:\/\/mersinekonomipolitikagazetesi.com\/index.php?rest_route=\/wp\/v2\/users\/1"}],"replies":[{"embeddable":true,"href":"https:\/\/mersinekonomipolitikagazetesi.com\/index.php?rest_route=%2Fwp%2Fv2%2Fcomments&post=5218"}],"version-history":[{"count":0,"href":"https:\/\/mersinekonomipolitikagazetesi.com\/index.php?rest_route=\/wp\/v2\/posts\/5218\/revisions"}],"wp:attachment":[{"href":"https:\/\/mersinekonomipolitikagazetesi.com\/index.php?rest_route=%2Fwp%2Fv2%2Fmedia&parent=5218"}],"wp:term":[{"taxonomy":"category","embeddable":true,"href":"https:\/\/mersinekonomipolitikagazetesi.com\/index.php?rest_route=%2Fwp%2Fv2%2Fcategories&post=5218"},{"taxonomy":"post_tag","embeddable":true,"href":"https:\/\/mersinekonomipolitikagazetesi.com\/index.php?rest_route=%2Fwp%2Fv2%2Ftags&post=5218"}],"curies":[{"name":"wp","href":"https:\/\/api.w.org\/{rel}","templated":true}]}}