{"id":5219,"date":"2020-11-04T18:25:38","date_gmt":"2020-11-04T15:25:38","guid":{"rendered":"http:\/\/mersinekonomipolitikagazetesi.com\/?p=5219"},"modified":"2020-11-04T18:25:38","modified_gmt":"2020-11-04T15:25:38","slug":"mevlana-vuslatinin-746nci-yil-donumunde-erdemlide-anildi","status":"publish","type":"post","link":"https:\/\/mersinekonomipolitikagazetesi.com\/?p=5219","title":{"rendered":"Mevlana vuslat\u0131n\u0131n 746&#8217;nc\u0131 y\u0131l d\u00f6n\u00fcm\u00fcnde Erdemli&#8217;de an\u0131ld\u0131"},"content":{"rendered":"<p>Mersin&#8217;in Erdemli il\u00e7esinde Mevlana Celaleddin-i Rumi&#8217;nin Hakk&#8217;a vuslat\u0131n\u0131n 746&#8217;nc\u0131 y\u0131l d\u00f6n\u00fcm\u00fc nedeniyle anma program\u0131 d\u00fczenledi.\u00a0 \u00a0<br \/>\n\u00a0 Karg\u0131p\u0131nar\u0131 Anadolu Lisesi taraf\u0131ndan Erdemli K\u00fclt\u00fcr Merkezinde d\u00fczenlenen anma program\u0131 il\u00e7e halk\u0131 taraf\u0131ndan yo\u011fun ilgi g\u00f6rd\u00fc.\u00a0<br \/>\n\u00a0 Anma program\u0131nda konu\u015fan \u00f6\u011fretmen Ahmet Kara, Mevlana&#8217;n\u0131n \u015fiire, sanata ve a\u015fka a\u015f\u0131k oldu\u011funu ifade ederek, &#8220;800 y\u0131ll\u0131k bir sevgi Mevlana\u2019n\u0131n sevgisi. Bir \u00e7\u0131nar gibi k\u00f6kl\u00fc, bir p\u0131nar gibi berrak. \u0130nsan\u0131 ak\u0131l de\u011firmeninde \u00f6\u011f\u00fcten, a\u015fk teknesinde yo\u011furan bir olu\u015f&#8221; dedi.\u00a0<br \/>\n\u00a0 Konu\u015fman\u0131n ard\u0131ndan semazen ekibinin sema g\u00f6sterisi hayranl\u0131kla izlendi.\u00a0<br \/>\n\u00a0 Okul M\u00fcd\u00fcr\u00fc Mustafa Mustafa Can taraf\u0131ndan Erdemli Kaymakam\u0131 Avni Kula, Belediye Ba\u015fkan\u0131 M\u00fckerrem Tollu, \u0130l\u00e7e Milli E\u011fitim M\u00fcd\u00fcr\u00fc Yusuf A\u00e7\u0131ky\u00f6r\u00fck ile sivil toplum kurulu\u015flar\u0131 temsilcilerine hediyeler takdim edildi.\u00a0<br \/>\n\u00a0 Kat\u0131l\u0131mc\u0131lara ise Isparta&#8217;dan getirilen g\u00fcl \u015ferbeti ile Konya&#8217;dan getirilen Mevlana \u015fekeri ikram edildi.\u00a0<\/p>\n","protected":false},"excerpt":{"rendered":"<p>Mersin&#8217;in Erdemli il\u00e7esinde Mevlana Celaleddin-i Rumi&#8217;nin Hakk&#8217;a vuslat\u0131n\u0131n 746&#8217;nc\u0131 y\u0131l d\u00f6n\u00fcm\u00fc nedeniyle anma program\u0131 d\u00fczenledi.\u00a0 \u00a0 \u00a0 Karg\u0131p\u0131nar\u0131 Anadolu Lisesi taraf\u0131ndan Erdemli K\u00fclt\u00fcr Merkezinde d\u00fczenlenen anma program\u0131 il\u00e7e halk\u0131 taraf\u0131ndan &hellip; <a href=\"https:\/\/mersinekonomipolitikagazetesi.com\/?p=5219\" class=\"more-link\">Devam\u0131n\u0131 Oku&#8230;<\/a><\/p>\n","protected":false},"author":1,"featured_media":0,"comment_status":"open","ping_status":"open","sticky":false,"template":"","format":"standard","meta":[],"categories":[],"tags":[],"_links":{"self":[{"href":"https:\/\/mersinekonomipolitikagazetesi.com\/index.php?rest_route=\/wp\/v2\/posts\/5219"}],"collection":[{"href":"https:\/\/mersinekonomipolitikagazetesi.com\/index.php?rest_route=\/wp\/v2\/posts"}],"about":[{"href":"https:\/\/mersinekonomipolitikagazetesi.com\/index.php?rest_route=\/wp\/v2\/types\/post"}],"author":[{"embeddable":true,"href":"https:\/\/mersinekonomipolitikagazetesi.com\/index.php?rest_route=\/wp\/v2\/users\/1"}],"replies":[{"embeddable":true,"href":"https:\/\/mersinekonomipolitikagazetesi.com\/index.php?rest_route=%2Fwp%2Fv2%2Fcomments&post=5219"}],"version-history":[{"count":0,"href":"https:\/\/mersinekonomipolitikagazetesi.com\/index.php?rest_route=\/wp\/v2\/posts\/5219\/revisions"}],"wp:attachment":[{"href":"https:\/\/mersinekonomipolitikagazetesi.com\/index.php?rest_route=%2Fwp%2Fv2%2Fmedia&parent=5219"}],"wp:term":[{"taxonomy":"category","embeddable":true,"href":"https:\/\/mersinekonomipolitikagazetesi.com\/index.php?rest_route=%2Fwp%2Fv2%2Fcategories&post=5219"},{"taxonomy":"post_tag","embeddable":true,"href":"https:\/\/mersinekonomipolitikagazetesi.com\/index.php?rest_route=%2Fwp%2Fv2%2Ftags&post=5219"}],"curies":[{"name":"wp","href":"https:\/\/api.w.org\/{rel}","templated":true}]}}