{"id":5250,"date":"2020-11-04T18:25:40","date_gmt":"2020-11-04T15:25:40","guid":{"rendered":"http:\/\/mersinekonomipolitikagazetesi.com\/?p=5250"},"modified":"2020-11-04T18:25:40","modified_gmt":"2020-11-04T15:25:40","slug":"toroslar-belediyesinden-muaythai-sporuna-destek","status":"publish","type":"post","link":"https:\/\/mersinekonomipolitikagazetesi.com\/?p=5250","title":{"rendered":"Toroslar Belediyesi&#8217;nden  muaythai sporuna destek"},"content":{"rendered":"<p>Toroslar Belediyesi&#8217;nin de destek verdi\u011fi Alkay\u0131\u015f Fight Arena-9 Muaythai \u015eampiyonlar Gecesi, d\u00fcnya \u015fampiyonlar\u0131n\u0131 bir araya getirdi.\u00a0<br \/>\nToroslar Belediye Ba\u015fkan\u0131 Ats\u0131z Af\u015f\u0131n Y\u0131lmaz da Edip Buran Spor Salonunda ger\u00e7ekle\u015ftirilen \u015fampiyonay\u0131 izledi. Trib\u00fcnlerin tamamen doldu\u011fu gecede, sporcular bir birleriyle k\u0131yas\u0131ya m\u00fccadele etti. Avrupa \u015eampiyonluk Kemeri Unvan ma\u00e7\u0131nda 51 kiloda ringde olan Funda Alkay\u0131\u015f,Yunan rakibi Fote\u0131n\u0131 Nanou&#8217;yu yenerek alt\u0131n kemerin sahibi oldu. M\u00fcsabaka sonras\u0131 ringe \u00e7\u0131kan Ba\u015fkan Y\u0131lmaz, Alkay\u0131\u015f&#8217;\u0131 tebrik ederek alt\u0131n kemerini takt\u0131. \u00d6d\u00fcl t\u00f6renin ard\u0131ndan \u015fampiyonlar gecesinin organizat\u00f6r\u00fc Ali Alkay\u0131\u015f, Mersin&#8217;de muaythai sporuna sundu\u011fu katk\u0131lar\u0131ndan dolay\u0131 Ba\u015fkan Y\u0131lmaz&#8217;a te\u015fekk\u00fcr plaketi takdim etti.\u00a0<br \/>\nToroslar Belediye Ba\u015fkan\u0131 Ats\u0131z Af\u015f\u0131n Y\u0131lmaz da kentte d\u00fczenlenen her t\u00fcrl\u00fc spor faaliyetinin yan\u0131nda olmaktan mutluluk duyduklar\u0131n\u0131 belirterek, T\u00fcrkiye&#8217;yi temsil eden Mersinli sporcu Funda Alkay\u0131\u015f&#8217;\u0131n elde etti\u011fi ba\u015far\u0131n\u0131n gurur verici oldu\u011funu s\u00f6yledi. Spora ve sporcuya verdikleri deste\u011fin artarak devam edece\u011fini kaydeden Y\u0131lmaz, &#8220;Mersin&#8217;de ve Toroslar&#8217;da d\u00fcnya \u00e7ap\u0131nda spor organizasyonlar\u0131n\u0131n ger\u00e7ekle\u015fmesi bizleri mutlu ediyor. Toroslar Belediyesi olarak bu organizasyonlara imkanlar\u0131m\u0131z \u00f6l\u00e7\u00fcs\u00fcnde destek vermeye devam edece\u011fiz&#8221; dedi.<\/p>\n","protected":false},"excerpt":{"rendered":"<p>Toroslar Belediyesi&#8217;nin de destek verdi\u011fi Alkay\u0131\u015f Fight Arena-9 Muaythai \u015eampiyonlar Gecesi, d\u00fcnya \u015fampiyonlar\u0131n\u0131 bir araya getirdi.\u00a0 Toroslar Belediye Ba\u015fkan\u0131 Ats\u0131z Af\u015f\u0131n Y\u0131lmaz da Edip Buran Spor Salonunda ger\u00e7ekle\u015ftirilen \u015fampiyonay\u0131 izledi. &hellip; <a href=\"https:\/\/mersinekonomipolitikagazetesi.com\/?p=5250\" class=\"more-link\">Devam\u0131n\u0131 Oku&#8230;<\/a><\/p>\n","protected":false},"author":1,"featured_media":0,"comment_status":"open","ping_status":"open","sticky":false,"template":"","format":"standard","meta":[],"categories":[],"tags":[],"_links":{"self":[{"href":"https:\/\/mersinekonomipolitikagazetesi.com\/index.php?rest_route=\/wp\/v2\/posts\/5250"}],"collection":[{"href":"https:\/\/mersinekonomipolitikagazetesi.com\/index.php?rest_route=\/wp\/v2\/posts"}],"about":[{"href":"https:\/\/mersinekonomipolitikagazetesi.com\/index.php?rest_route=\/wp\/v2\/types\/post"}],"author":[{"embeddable":true,"href":"https:\/\/mersinekonomipolitikagazetesi.com\/index.php?rest_route=\/wp\/v2\/users\/1"}],"replies":[{"embeddable":true,"href":"https:\/\/mersinekonomipolitikagazetesi.com\/index.php?rest_route=%2Fwp%2Fv2%2Fcomments&post=5250"}],"version-history":[{"count":0,"href":"https:\/\/mersinekonomipolitikagazetesi.com\/index.php?rest_route=\/wp\/v2\/posts\/5250\/revisions"}],"wp:attachment":[{"href":"https:\/\/mersinekonomipolitikagazetesi.com\/index.php?rest_route=%2Fwp%2Fv2%2Fmedia&parent=5250"}],"wp:term":[{"taxonomy":"category","embeddable":true,"href":"https:\/\/mersinekonomipolitikagazetesi.com\/index.php?rest_route=%2Fwp%2Fv2%2Fcategories&post=5250"},{"taxonomy":"post_tag","embeddable":true,"href":"https:\/\/mersinekonomipolitikagazetesi.com\/index.php?rest_route=%2Fwp%2Fv2%2Ftags&post=5250"}],"curies":[{"name":"wp","href":"https:\/\/api.w.org\/{rel}","templated":true}]}}