{"id":5251,"date":"2020-11-04T18:25:40","date_gmt":"2020-11-04T15:25:40","guid":{"rendered":"http:\/\/mersinekonomipolitikagazetesi.com\/?p=5251"},"modified":"2020-11-04T18:25:40","modified_gmt":"2020-11-04T15:25:40","slug":"mersine-yeni-otobus-yerleskesi-yapilacak","status":"publish","type":"post","link":"https:\/\/mersinekonomipolitikagazetesi.com\/?p=5251","title":{"rendered":"Mersin&#8217;e yeni otob\u00fcs yerle\u015fkesi yap\u0131lacak"},"content":{"rendered":"<p>Mersin B\u00fcy\u00fck\u015fehir Belediye Ba\u015fkan\u0131 Vahap Se\u00e7er, hem yeni al\u0131nacak 100 otob\u00fcs\u00fcn hem de B\u00fcy\u00fck\u015fehir b\u00fcnyesinde hizmet vermeye devam eden toplu ta\u015f\u0131ma ara\u00e7lar\u0131n\u0131n konu\u015flanaca\u011f\u0131 yeni toplu ta\u015f\u0131ma yerle\u015fkesinde saha incelemesi yapt\u0131.\u00a0<br \/>\nOcak ay\u0131nda al\u0131m\u0131 yap\u0131lacak olan 100 yeni nesil ve \u00e7evre dostu otob\u00fcsler ile ara\u00e7 filosunu geni\u015fletecek olan B\u00fcy\u00fck\u015fehir Belediyesi, park sorununa da \u00e7\u00f6z\u00fcm \u00fcretiyor. Hem yeni al\u0131m\u0131 yap\u0131lan 100 otob\u00fcs hem de B\u00fcy\u00fck\u015fehir b\u00fcnyesinde hizmet vermeye devam eden toplu ta\u015f\u0131ma ara\u00e7lar\u0131 yeni yap\u0131lan ve 79 d\u00f6n\u00fcml\u00fck arazide kurulacak olan toplu ta\u015f\u0131ma yerle\u015fkesinde konu\u015flanacak. Ba\u015fkan Se\u00e7er&#8217;de sahada incelemelerde bulunarak, yetkililerden bilgi ald\u0131. Se\u00e7er&#8217;e incelemede Genel Sekreter Yard\u0131mc\u0131s\u0131 Olcay Tok, daire ba\u015fkanlar\u0131, m\u00fcd\u00fcrler ve m\u00fchendisler e\u015flik etti. Se\u00e7er, saha incelemesinde Toroslar K\u00fc\u00e7\u00fck Sanayi Sitesi Ba\u015fkan\u0131 ve \u0130nsu Mahalle Muhtar\u0131 Sadettin K\u00f6k\u2019ten bilgi al\u0131p, taleplerini dinledi. B\u00fcy\u00fck\u015fehir Belediyesi Ula\u015f\u0131m Dairesi Ba\u015fkanl\u0131\u011f\u0131 ile eski otoparkta bulunan yerle\u015fke de yeni yap\u0131lan alana ta\u015f\u0131nacak ve burada bir de y\u00f6netim odas\u0131 kurulacak. Yeni alanda t\u00fcm otob\u00fcslerin yerlerinin g\u00f6r\u00fclece\u011fi \u015fekilde, \u015fof\u00f6rlerin ve yol g\u00fczergah\u0131n\u0131n anl\u0131k g\u00f6r\u00fcnt\u00fcs\u00fc al\u0131nabilecek. Bu sayede g\u00fcvenlik en \u00fcst seviyede tutulmu\u015f olacak. Teknolojik oda sayesinde \u015fof\u00f6rlerin ara\u00e7lar\u0131 daha kontroll\u00fc kullanmalar\u0131 sa\u011flan\u0131rken, vatanda\u015flar\u0131n can g\u00fcvenli\u011fi de sa\u011flanm\u0131\u015f olacak. Yap\u0131lacak yerle\u015fkede ayr\u0131ca dinlenme alanlar\u0131, gaz ve s\u0131v\u0131 dolum istasyonu, y\u0131kama, tamir, bak\u0131m ve onar\u0131m yerleri yer alacak ve ara\u00e7lar art\u0131k o noktada park edilecek. Alan hakk\u0131nda bilgi veren Ba\u015fkan Se\u00e7er, &#8220;Burada ilk etapta 79 d\u00f6n\u00fcml\u00fck bir alanda, yeni otob\u00fcs yerle\u015fkemizi yapmak istiyoruz. Makine ikmal k\u0131sm\u0131n\u0131 buraya ta\u015f\u0131mak istiyoruz. Burada daha geni\u015f bir arazimiz var. Daha sonra da MESK\u0130\u2019nin baz\u0131 birimlerini ta\u015f\u0131mak i\u00e7in baz\u0131 \u00e7al\u0131\u015fmalar\u0131m\u0131z olacak ama ilk etapta \u00f6zellikle filomuza kataca\u011f\u0131m\u0131z, planlad\u0131\u011f\u0131m\u0131z yeni 100 otob\u00fcs al\u0131m\u0131m\u0131z var. Bunlar yeni nesil otob\u00fcsler. Do\u011falgazla \u00e7al\u0131\u015fan otob\u00fcsler. Buraya da bir do\u011falgaz istasyon sistemini de olu\u015fturaca\u011f\u0131z. Otob\u00fcslerimizin burada bak\u0131m, onar\u0131mlar\u0131n\u0131 yapacaklar, burada konu\u015fland\u0131raca\u011f\u0131z. Bu b\u00f6lge geli\u015fen bir b\u00f6lge, yeni bir b\u00f6lge. Yeni otogar\u0131n oldu\u011fu k\u0131s\u0131mlar, k\u00fc\u00e7\u00fck sanayinin de oldu\u011fu b\u00f6l\u00fcmler. Buralar bu tesisle\u015fmeden sonra daha da hareketli bir alana b\u00fcr\u00fcnecek. Biz de toplu ta\u015f\u0131ma ara\u00e7lar\u0131m\u0131z\u0131n, makinalar\u0131m\u0131z\u0131n, di\u011fer i\u015f makinelerinin bak\u0131m\u0131n\u0131 ve onar\u0131m\u0131n\u0131 ve park sorununu da bu alanda \u00e7\u00f6zm\u00fc\u015f olaca\u011f\u0131z\u201d dedi.\u00a0<\/p>\n<p>Mersin B\u00fcy\u00fck\u015fehir Belediyesi ya\u011fmura kar\u015f\u0131 teyakkuzda\u00a0<\/p>\n<p>Mersin&#8217;de meteoroloji taraf\u0131ndan yap\u0131lan metrekareye 51 ile 100 kilogram ya\u011f\u0131\u015f d\u00fc\u015fece\u011fine y\u00f6nelik a\u00e7\u0131klaman\u0131n ard\u0131ndan MESK\u0130 Genel M\u00fcd\u00fcrl\u00fc\u011f\u00fc ba\u015fta olmak \u00fczere B\u00fcy\u00fck\u015fehir Belediyesi&#8217;nin t\u00fcm birimleri teyakkuza ge\u00e7ti.\u00a0<br \/>\nB\u00fcy\u00fck\u015fehir Belediyesi&#8217;nden yap\u0131lan a\u00e7\u0131klamaya g\u00f6re, MESK\u0130 Genel M\u00fcd\u00fcrl\u00fc\u011f\u00fc\u2019ne ba\u011fl\u0131 ekipler, gece boyunca t\u0131kanan at\u0131k su ve ya\u011fmur suyu drenaj hatlar\u0131n\u0131 a\u00e7arak, herhangi bir olumsuz durum ya\u015fanmamas\u0131n\u0131 sa\u011flarken, Park ve Bah\u00e7eler, Yol Yap\u0131m Bak\u0131m ve Onar\u0131m, \u00c7evre Koruma ve Kontrol Dairesi Ba\u015fkanl\u0131\u011f\u0131 ekipleri gece boyunca ya\u015fanabilecek olumsuz bir duruma kar\u015f\u0131l\u0131k teyakkuz halinde bekledi.\u00a0<br \/>\nB\u00fcy\u00fck\u015fehir Belediyesi \u0130tfaiye Dairesi Ba\u015fkanl\u0131\u011f\u0131\u2019nda olu\u015fturulan Kriz Masas\u0131nda, Mersin B\u00fcy\u00fck\u015fehir Belediyesi \u00c7a\u011fr\u0131 Merkezi 444 2 153 ve MESK\u0130 ihbar hatt\u0131 &#8216;Alo 185\u2019e gelen ihbarlar\u0131 de\u011ferlendiren ekipler, gece boyunca ya\u015fanabilecek olumsuz bir duruma kar\u015f\u0131l\u0131k, Mersin halk\u0131n\u0131n ma\u011fdur olmamas\u0131 i\u00e7in \u00e7al\u0131\u015fmalar\u0131n\u0131 s\u00fcrd\u00fcrd\u00fc.\u00a0<br \/>\nB\u00fcy\u00fck\u015fehir Belediyesi ge\u00e7ti\u011fimiz aylarda yapt\u0131\u011f\u0131 \u00e7al\u0131\u015fmalar ile ya\u011f\u0131\u015f miktar\u0131n\u0131n artmas\u0131 kar\u015f\u0131s\u0131nda olumsuz bir durum ya\u015fanmamas\u0131 i\u00e7in \u00f6nlemlerini alm\u0131\u015ft\u0131. Olas\u0131 bir afet durumunda acil afet plan\u0131 haz\u0131rlayan B\u00fcy\u00fck\u015fehir Belediyesi ve MESK\u0130 ekipleri, t\u00fcm donan\u0131m ve ara\u00e7lar\u0131 ile sahada haz\u0131r bekledi.\u00a0<br \/>\n\u00d6n\u00fcm\u00fczdeki g\u00fcnlerde de ya\u015fanmas\u0131 muhtemel sel ve su bask\u0131nlar\u0131na kar\u015f\u0131l\u0131k t\u00fcm \u00f6nlemleri ald\u0131klar\u0131n\u0131 ifade eden belediye yetkilileri, vatanda\u015flardan gelen t\u00fcm ihbarlara en h\u0131zl\u0131 \u015fekilde m\u00fcdahale edeceklerinin alt\u0131n\u0131 \u00e7izdi.\u00a0<\/p>\n","protected":false},"excerpt":{"rendered":"<p>Mersin B\u00fcy\u00fck\u015fehir Belediye Ba\u015fkan\u0131 Vahap Se\u00e7er, hem yeni al\u0131nacak 100 otob\u00fcs\u00fcn hem de B\u00fcy\u00fck\u015fehir b\u00fcnyesinde hizmet vermeye devam eden toplu ta\u015f\u0131ma ara\u00e7lar\u0131n\u0131n konu\u015flanaca\u011f\u0131 yeni toplu ta\u015f\u0131ma yerle\u015fkesinde saha incelemesi yapt\u0131.\u00a0 &hellip; <a href=\"https:\/\/mersinekonomipolitikagazetesi.com\/?p=5251\" class=\"more-link\">Devam\u0131n\u0131 Oku&#8230;<\/a><\/p>\n","protected":false},"author":1,"featured_media":0,"comment_status":"open","ping_status":"open","sticky":false,"template":"","format":"standard","meta":[],"categories":[],"tags":[],"_links":{"self":[{"href":"https:\/\/mersinekonomipolitikagazetesi.com\/index.php?rest_route=\/wp\/v2\/posts\/5251"}],"collection":[{"href":"https:\/\/mersinekonomipolitikagazetesi.com\/index.php?rest_route=\/wp\/v2\/posts"}],"about":[{"href":"https:\/\/mersinekonomipolitikagazetesi.com\/index.php?rest_route=\/wp\/v2\/types\/post"}],"author":[{"embeddable":true,"href":"https:\/\/mersinekonomipolitikagazetesi.com\/index.php?rest_route=\/wp\/v2\/users\/1"}],"replies":[{"embeddable":true,"href":"https:\/\/mersinekonomipolitikagazetesi.com\/index.php?rest_route=%2Fwp%2Fv2%2Fcomments&post=5251"}],"version-history":[{"count":0,"href":"https:\/\/mersinekonomipolitikagazetesi.com\/index.php?rest_route=\/wp\/v2\/posts\/5251\/revisions"}],"wp:attachment":[{"href":"https:\/\/mersinekonomipolitikagazetesi.com\/index.php?rest_route=%2Fwp%2Fv2%2Fmedia&parent=5251"}],"wp:term":[{"taxonomy":"category","embeddable":true,"href":"https:\/\/mersinekonomipolitikagazetesi.com\/index.php?rest_route=%2Fwp%2Fv2%2Fcategories&post=5251"},{"taxonomy":"post_tag","embeddable":true,"href":"https:\/\/mersinekonomipolitikagazetesi.com\/index.php?rest_route=%2Fwp%2Fv2%2Ftags&post=5251"}],"curies":[{"name":"wp","href":"https:\/\/api.w.org\/{rel}","templated":true}]}}