{"id":5252,"date":"2020-11-04T18:25:40","date_gmt":"2020-11-04T15:25:40","guid":{"rendered":"http:\/\/mersinekonomipolitikagazetesi.com\/?p=5252"},"modified":"2020-11-04T18:25:40","modified_gmt":"2020-11-04T15:25:40","slug":"engellilerimizle-ilgili-yeni-projeksiyonlarimiz-olacak","status":"publish","type":"post","link":"https:\/\/mersinekonomipolitikagazetesi.com\/?p=5252","title":{"rendered":"&#8220;Engellilerimizle ilgili yeni projeksiyonlar\u0131m\u0131z olacak&#8221;"},"content":{"rendered":"<p>Mersin B\u00fcy\u00fck\u015fehir Belediye Ba\u015fkan\u0131 Vahap Se\u00e7er, Engelliler Konfederasyonu Ba\u015fkan\u0131 Turhan \u0130\u00e7li, Do\u011fu Akdeniz Engelli Dernekler Federasyonu ve Mersin \u0130l Engelliler Meclisi Ba\u015fkan\u0131 Hatice \u00d6zenler ile Mersin \u0130l Engelliler Meclisi \u00fcyesi derneklerden temsilcilerle bir araya geldi. Ba\u015fkan Se\u00e7er, dezavantajl\u0131 bireyler i\u00e7in yapacaklar\u0131 hizmetleri anlat\u0131rken, temsilcilerin yerel y\u00f6netimlerden beklenti ve taleplerini dinledi. Se\u00e7er, t\u00fcm bireyleri, \u00f6zellikle de dezavantajl\u0131 bireyleri koruyup, kollamak ve en iyi hizmeti g\u00f6t\u00fcrebilmek ad\u0131na \u00e7al\u0131\u015ft\u0131klar\u0131n\u0131 s\u00f6yledi.<\/p>\n<p>Se\u00e7er, engelli bireyler i\u00e7in yeni Mola Evleri a\u00e7acaklar\u0131n\u0131n m\u00fcjdesini vererek, \u201cDaha \u00f6nce bir Mola Evi a\u00e7\u0131lm\u0131\u015f. \u00c7ok s\u00fcrd\u00fcr\u00fclebilir, etkin bir yer de\u011fil. Oray\u0131 kapatt\u0131k ama \u015fimdi yenisi hizmete giriyor. Toroslar\u2019da haz\u0131r. \u00c7al\u0131\u015fma sistemini de\u011fi\u015ftirdiler. Sizlerden m\u00fcracaat alacaklar. Haftada 250 vatanda\u015f\u0131m\u0131za hizmet verecek. K\u0131sa s\u00fcrede pilot \u00e7al\u0131\u015fmay\u0131 g\u00f6rece\u011fiz. Engellilerimiz ile ilgili yeni projeksiyonlar\u0131m\u0131z olacak\u201d dedi.<\/p>\n<p>Mersin B\u00fcy\u00fck\u015fehir Belediye Ba\u015fkan\u0131 Vahap Se\u00e7er, Engelliler Konfederasyonu Ba\u015fkan\u0131 Turhan \u0130\u00e7li, Do\u011fu Akdeniz Engelli Dernekler Federasyonu ve Mersin \u0130l Engelliler Meclisi Ba\u015fkan\u0131 Hatice \u00d6zenler ile Mersin \u0130l Engelliler Meclisi \u00fcyesi derneklerden temsilciler ile bir araya geldi. Se\u00e7er, temsilcileri tek tek dinleyip, notlar\u0131n\u0131 ald\u0131. Engelli bireyler i\u00e7in yeni Mola Evleri a\u00e7acaklar\u0131n\u0131n m\u00fcjdesini veren Ba\u015fkan Se\u00e7er, \u201cEngellilerimiz ile ilgili yeni projeksiyonlar\u0131m\u0131z olacak\u201d dedi.<\/p>\n<p>\u201cBiz Belediye olarak bunu yapmakla m\u00fckellefiz\u201d<\/p>\n<p>Ba\u015fkan Se\u00e7er, dezavantajl\u0131 yurtta\u015flara hizmet ederken bunu bir himmet ya da l\u00fctuf gibi g\u00f6stermeden yapmalar\u0131 gerekti\u011fini aktararak, \u201cT\u00fcrkiye Cumhuriyeti laik, demokratik, sosyal bir hukuk devletidir. Sosyal devlete yara\u015fan da t\u00fcm bireylerini, \u00f6zellikle dezavantajl\u0131 bireylerini korumak, kollamak, onlar\u0131n annesi, babas\u0131 olmak, onlara her konuda yard\u0131mc\u0131 olmak ya da beraber olma zorunlulu\u011fu getiriyor. Biz de Belediye olarak bir kamu kurumuyuz. Bunu yapmakla m\u00fckellefiz. Bunu yaparken de Belediye Ba\u015fkan\u0131 olarak b\u00f6yle bir irade ortaya koyman\u0131z laz\u0131m\u201d dedi.<\/p>\n<p>Se\u00e7er, daha etkin ve h\u0131zl\u0131 hizmet verebilmek ad\u0131na 2 daire ba\u015fkanl\u0131\u011f\u0131n\u0131 birle\u015ftirerek, Engelliler ve Sa\u011fl\u0131k Hizmetleri Dairesi Ba\u015fkanl\u0131\u011f\u0131 b\u00fcnyesinde hizmet vermeye devam ettiklerini anlat\u0131p, kamuoyunda Engelliler Daire Ba\u015fkanl\u0131\u011f\u0131\u2019n\u0131n kapat\u0131ld\u0131\u011f\u0131 y\u00f6n\u00fcndeki yanl\u0131\u015f bilgilere a\u00e7\u0131kl\u0131k getirdi. Ba\u015fkan Se\u00e7er, \u201cAmac\u0131m\u0131z Belediye Ba\u015fkan\u0131 olarak pop\u00fclist siyaset yapmak de\u011fil. Biz engellileri yok sayd\u0131\u011f\u0131m\u0131z, \u00f6nemsemedi\u011fimiz, bu ger\u00e7e\u011fi g\u00f6rmedi\u011fimiz i\u00e7in te\u015fkilat \u015femam\u0131zda b\u00f6yle bir de\u011fi\u015fikli\u011fe gitmedik. Bunu size b\u00f6yle s\u00f6yl\u00fcyorlarsa hem bana kar\u015f\u0131 bir haks\u0131zl\u0131k, insafs\u0131zl\u0131k, hem ger\u00e7ekten art niyetli bir tav\u0131r. Efektif \u00e7al\u0131\u015fmayan b\u00fct\u00fcn yap\u0131lar\u0131 birle\u015ftirdik. Baz\u0131 daireleri birle\u015ftirdik, baz\u0131 daireleri ay\u0131rd\u0131k. Bu yeni bir te\u015fkilat \u015femas\u0131, bu iyi niyetli bir yakla\u015f\u0131m. Daha s\u00fcratle bu belediyeyi daha etkin y\u00f6netme ad\u0131na yap\u0131lm\u0131\u015f. Engellilerle ilgili bizim belediyemizin hizmetlerinde geriye gitme olmayacak, bilakis mevcut hizmetleri daha sa\u011flamla\u015facak, daha da ileriye gidecek. Onun i\u00e7in bu de\u011fi\u015fiklik yap\u0131lm\u0131\u015f. Ona tak\u0131l\u0131p kalmay\u0131n\u0131z\u201d ifadelerini kulland\u0131.<\/p>\n<p>\u201cEngellerimiz ile ilgili yeni projeksiyonlar\u0131m\u0131z olacak\u201d<\/p>\n<p>Engelli bireylere y\u00f6nelik s\u00fcregelen baz\u0131 \u00e7al\u0131\u015fmalar\u0131 oldu\u011funu ve bundan sonra da devam edece\u011fini dile getiren Se\u00e7er, \u201cEngellerimiz ile ilgili yeni projeksiyonlar\u0131m\u0131z olacak. Ge\u00e7ti\u011fimiz yakla\u015f\u0131k 8.5 ay i\u00e7erisinde de engellilerle ilgili \u00e7al\u0131\u015fmalar\u0131m\u0131z devam etti. Siz de bunun i\u00e7erisindesiniz. Daha fazla kaynak ayr\u0131labilir dediniz. Revize edilebilir, yeni projeksiyonlarda b\u00fct\u00e7e aktar\u0131m\u0131 yap\u0131labilir. Yeter ki belediye ba\u015fkan\u0131 ve belediye y\u00f6netimi olarak burada bir irade ortaya koyal\u0131m\u201d s\u00f6zlerine yer verdi.<\/p>\n<p>Engelsiz Ya\u015fam Merkezi ile ilgili baz\u0131 tasarruflar\u0131 oldu\u011fundan s\u00f6z eden Se\u00e7er, \u201c4 daire ba\u015fkanl\u0131\u011f\u0131m\u0131z i\u00e7 i\u00e7e \u00e7al\u0131\u015f\u0131yor. Sa\u011fl\u0131k, Engelliler, Kad\u0131n ve Aile, Sosyal Hizmetler. \u00c7ok daha geni\u015f bir bak\u0131\u015f a\u00e7\u0131s\u0131. Her yere dokunabiliyor. Size yap\u0131lacak sosyal yard\u0131mlardan tutun, sa\u011fl\u0131k hizmetlerine, evde bak\u0131ma kadar ya da kad\u0131nlarla ilgili sorunlara kadar bir\u00e7ok alanda sizlerin yan\u0131nda olacaklar. Kad\u0131n ve Aile Dairesi Ba\u015fkanl\u0131\u011f\u0131m\u0131z da sizler i\u00e7in \u00e7ok \u00f6nemli. As\u0131l travmatik durumu aile ya\u015f\u0131yor. Bu a\u00e7\u0131dan da bizim o daire ile temasta olman\u0131z gerekiyor. Bizim baz\u0131 \u00e7al\u0131\u015fmalar\u0131m\u0131z da oldu. \u00d6zellikle aileler engelli \u00e7ocuklar\u0131n\u0131n bak\u0131m\u0131nda, onlar\u0131n sosyal hayata kat\u0131l\u0131m\u0131nda, psikolojik sorunlar\u0131nda yaln\u0131z kal\u0131yorlar. Bunlar\u0131n desteklenmesi gerekti\u011fi ger\u00e7e\u011fini g\u00f6rd\u00fck\u201d dedi.<\/p>\n<p>Kentin fiziki ko\u015fullar\u0131n\u0131 da d\u00fczelteceklerini belirten Se\u00e7er, dernek temsilcileri taraf\u0131ndan aktar\u0131lan ve ald\u0131\u011f\u0131 notlar aras\u0131nda en ba\u015fta e\u011fitim konusunun geldi\u011fine de\u011findi. Se\u00e7er, \u201cGer\u00e7ekten sadece insanlara parasal yard\u0131m ya da bir tak\u0131m alet, ekipman yard\u0131m\u0131, dezavantajl\u0131 gruplara bak\u0131m\u0131n d\u0131\u015f\u0131nda as\u0131l \u00f6nemli olan e\u011fitim verebilmek. Onlar\u0131n kendi ayaklar\u0131 \u00fczerinde durmas\u0131n\u0131 sa\u011flayabilecek, \u00e7al\u0131\u015fma hayat\u0131na kat\u0131lmas\u0131na katk\u0131 sunabilecek baz\u0131 \u00e7al\u0131\u015fmalar yapmak laz\u0131m. Bunun da tabii ki en \u00f6nemli baca\u011f\u0131 e\u011fitim. Bu konuyu \u00f6nemsiyoruz\u201d diye konu\u015ftu.<\/p>\n<p>\u0130l\u00e7elerdeki ileti\u015fimi de koordinasyonlar vas\u0131tas\u0131yla \u00e7\u00f6zd\u00fcklerini belirten Se\u00e7er, \u201cEksik kalan bir taraf\u0131m\u0131z varsa bu konuda d\u00fczeltiriz. 13 il\u00e7emizde, Tarsus\u2019tan Mut\u2019a kadar daha ileti\u015fime kolayla\u015ft\u0131racak tedbirler de al\u0131r\u0131z, bundan endi\u015feniz olmas\u0131n\u201d dedi.<\/p>\n<p>\u00a0\u201cMola Evi haftada 250 vatanda\u015f\u0131m\u0131za hizmet verecek\u201d<\/p>\n<p>Mola evleri konusunda da bilgi veren Se\u00e7er, \u015funlar\u0131 s\u00f6yledi:<\/p>\n<p>\u201cDaha \u00f6nce bir Mola Evi a\u00e7\u0131lm\u0131\u015f. Mola Evi olsun diye a\u00e7\u0131lm\u0131\u015f. \u00c7ok s\u00fcrd\u00fcr\u00fclebilir, etkin bir yer de\u011fil. Oray\u0131 kapatt\u0131k ama \u015fimdi yenisi hizmete giriyor. Toroslar\u2019da haz\u0131r. \u00c7al\u0131\u015fma sistemini de\u011fi\u015ftirdiler. Sizlerden m\u00fcracaat alacaklar. Haftada 250 vatanda\u015f\u0131m\u0131za hizmet verecek. K\u0131sa s\u00fcre pilot \u00e7al\u0131\u015fmay\u0131 g\u00f6rece\u011fiz, eksiklerimizi not alaca\u011f\u0131z. Yine Yeni\u015fehir\u2019de bir yer var. Oran\u0131n tahsisi i\u00e7in \u00e7al\u0131\u015fal\u0131m dediler. D\u00fcn toplant\u0131 yapt\u0131k. Sizin konunuz da konu\u015fuldu. Oray\u0131 bir g\u00f6relim birka\u00e7 ay i\u00e7erisinde ikinci Mola Evimiz\u2019i de oradaki eksiklikleri g\u00f6rerek yapal\u0131m. Sistemi de\u011fi\u015ftiriyoruz. Bize m\u00fcracaat edecek, kay\u0131tlar\u0131 alaca\u011f\u0131z, bir dosya vereceksiniz, baz\u0131 engelliler ila\u00e7 kullan\u0131yor. Biz b\u00fct\u00fcn bu sa\u011fl\u0131k konusundaki bilgilerini alaca\u011f\u0131z ve randevu ile yapaca\u011f\u0131z. Sabah 08.00, \u00f6\u011fleden sonra 15.30-16.00\u2019da en ge\u00e7 gelip alman\u0131z laz\u0131m gibi bir sistem olu\u015fturuyor arkada\u015flar. Bunu da hizmete alaca\u011f\u0131z. Beraber yapacak \u00e7ok i\u015fimiz var. Sizin derdinizi siz benden daha iyi bilirsiniz.\u201d<\/p>\n<p>En \u00e7ok zorland\u0131klar\u0131 alanlar\u0131n ba\u015f\u0131nda istihdam konusunun geldi\u011fini ve bu durumun sadece dezavantajl\u0131 gruplar i\u00e7in de\u011fil, bir\u00e7ok yurtta\u015f\u0131n da sorunu oldu\u011funu ifade eden Se\u00e7er, \u201cMutlaka belediye bir istihdam kap\u0131s\u0131, bir fabrika de\u011fil ama bizim \u00e7al\u0131\u015ft\u0131racak insana ihtiyac\u0131m\u0131z var. Belli bir kadromuz var. \u0130htiya\u00e7lar \u00e7er\u00e7evesinde bunun s\u00f6z\u00fcn\u00fc veriyorum. Bu konuda da hemen arkada\u015flar\u0131mdan baz\u0131 \u00e7al\u0131\u015fmalar isteyece\u011fim. Zaten m\u00fcmk\u00fcn oldu\u011funca bir pozitif ayr\u0131mc\u0131l\u0131k yap\u0131yoruz. Kariyer Merkezimizle istihdam aray\u0131\u015flar\u0131na katk\u0131 sunmak amac\u0131nday\u0131z. Engellilere de bu konuda \u00f6zel bir sayfa a\u00e7aca\u011f\u0131z. Elimizden geleni yapaca\u011f\u0131z\u201d diye s\u00f6zlerine son verdi.<\/p>\n","protected":false},"excerpt":{"rendered":"<p>Mersin B\u00fcy\u00fck\u015fehir Belediye Ba\u015fkan\u0131 Vahap Se\u00e7er, Engelliler Konfederasyonu Ba\u015fkan\u0131 Turhan \u0130\u00e7li, Do\u011fu Akdeniz Engelli Dernekler Federasyonu ve Mersin \u0130l Engelliler Meclisi Ba\u015fkan\u0131 Hatice \u00d6zenler ile Mersin \u0130l Engelliler Meclisi \u00fcyesi &hellip; <a href=\"https:\/\/mersinekonomipolitikagazetesi.com\/?p=5252\" class=\"more-link\">Devam\u0131n\u0131 Oku&#8230;<\/a><\/p>\n","protected":false},"author":1,"featured_media":0,"comment_status":"open","ping_status":"open","sticky":false,"template":"","format":"standard","meta":[],"categories":[],"tags":[],"_links":{"self":[{"href":"https:\/\/mersinekonomipolitikagazetesi.com\/index.php?rest_route=\/wp\/v2\/posts\/5252"}],"collection":[{"href":"https:\/\/mersinekonomipolitikagazetesi.com\/index.php?rest_route=\/wp\/v2\/posts"}],"about":[{"href":"https:\/\/mersinekonomipolitikagazetesi.com\/index.php?rest_route=\/wp\/v2\/types\/post"}],"author":[{"embeddable":true,"href":"https:\/\/mersinekonomipolitikagazetesi.com\/index.php?rest_route=\/wp\/v2\/users\/1"}],"replies":[{"embeddable":true,"href":"https:\/\/mersinekonomipolitikagazetesi.com\/index.php?rest_route=%2Fwp%2Fv2%2Fcomments&post=5252"}],"version-history":[{"count":0,"href":"https:\/\/mersinekonomipolitikagazetesi.com\/index.php?rest_route=\/wp\/v2\/posts\/5252\/revisions"}],"wp:attachment":[{"href":"https:\/\/mersinekonomipolitikagazetesi.com\/index.php?rest_route=%2Fwp%2Fv2%2Fmedia&parent=5252"}],"wp:term":[{"taxonomy":"category","embeddable":true,"href":"https:\/\/mersinekonomipolitikagazetesi.com\/index.php?rest_route=%2Fwp%2Fv2%2Fcategories&post=5252"},{"taxonomy":"post_tag","embeddable":true,"href":"https:\/\/mersinekonomipolitikagazetesi.com\/index.php?rest_route=%2Fwp%2Fv2%2Ftags&post=5252"}],"curies":[{"name":"wp","href":"https:\/\/api.w.org\/{rel}","templated":true}]}}