{"id":5255,"date":"2020-11-04T18:25:40","date_gmt":"2020-11-04T15:25:40","guid":{"rendered":"http:\/\/mersinekonomipolitikagazetesi.com\/?p=5255"},"modified":"2020-11-04T18:25:40","modified_gmt":"2020-11-04T15:25:40","slug":"minik-duru-bir-yillik-ihmalin-kurbani","status":"publish","type":"post","link":"https:\/\/mersinekonomipolitikagazetesi.com\/?p=5255","title":{"rendered":"Minik Duru, bir y\u0131ll\u0131k ihmalin kurban\u0131"},"content":{"rendered":"<p>Mersin\u2019de babas\u0131n\u0131n do\u011fum g\u00fcn\u00fc i\u00e7in ailesiyle birlikte gittikleri restoran\u0131n oyun park\u0131ndaki oyuncak helikopterde elektrik ak\u0131m\u0131na kap\u0131larak ya\u015fam\u0131n\u0131 yitiren 5 ya\u015f\u0131ndaki Duru Tan\u2019\u0131n, bir y\u0131ll\u0131k ihmalin kurban\u0131 oldu\u011fu ortaya \u00e7\u0131kt\u0131.\u00a0<br \/>\n\u00a0 Mersin Serbest B\u00f6lgesinde \u00e7al\u0131\u015fan Zafer Tan (45), do\u011fum g\u00fcn\u00fc dolay\u0131s\u0131yla e\u015fi Nilg\u00fcn Tan (37), k\u0131zlar\u0131 Duygu (15) ve Duru (5), yak\u0131n arkada\u015f\u0131 ve onun \u00e7ocuklar\u0131yla birlikte 30 A\u011fustos 2019 tarihinde merkez Toroslar il\u00e7esi Doruklu Mahallesindeki bir restorana yeme\u011fe gitmi\u015f, restoran\u0131n oyun park\u0131nda oynamaya ba\u015flayan \u00e7ocuklardan Duru Tan, oyuncak helikopterde hareketsiz halde bulunmu\u015f ve elektrik ak\u0131m\u0131na kap\u0131larak ya\u015fam\u0131n\u0131 yitirdi\u011fi anla\u015f\u0131lm\u0131\u015ft\u0131.\u00a0<br \/>\n\u00a0 Olay\u0131n ard\u0131ndan Tan ailesi, k\u0131zlar\u0131n\u0131n \u00f6l\u00fcm\u00fcnde ihmalleri bulundu\u011fu gerek\u00e7esiyle restoran i\u015fletmecisi Fatma A. ve o\u011flu Hasan A. ile restoran \u00e7al\u0131\u015fanlar\u0131 hakk\u0131nda dava a\u00e7m\u0131\u015ft\u0131. Davan\u0131n ilk duru\u015fmas\u0131 bug\u00fcn Mersin 19. Asliye Ceza Mahkemesinde g\u00f6r\u00fcld\u00fc. Cumhuriyet Savc\u0131l\u0131\u011f\u0131 iddianamesinde, restoran i\u015fletmecisi anne ve o\u011fula, bilin\u00e7li taksirle bir insan\u0131n \u00f6l\u00fcm\u00fcne neden olma su\u00e7undan 9 y\u0131la kadar hapis cezas\u0131, iki restoran \u00e7al\u0131\u015fan\u0131n\u0131n ise basit taksir d\u00fczeyinde ihmalleri bulundu\u011fu gerek\u00e7esiyle cezaland\u0131r\u0131lmalar\u0131 istendi.\u00a0<br \/>\n\u00a0 Duru\u015fmaya, tutuksuz yarg\u0131lanan 4 san\u0131k, Duru Tan\u2019\u0131n babas\u0131 Zafer ve annesi Nilg\u00fcn Tan ile taraf avukatlar\u0131 ve davaya m\u00fcdahil olmak isteyen Aile, \u00c7al\u0131\u015fma ve Sosyal Hizmetler Bakanl\u0131\u011f\u0131 avukat\u0131 kat\u0131ld\u0131.\u00a0<br \/>\n\u00a0<br \/>\n\u00a0 \u201cHelikopter 1 y\u0131ld\u0131r bozuktu. Fi\u015fi tak\u0131l\u0131 de\u011fildi\u201d\u00a0<br \/>\n\u00a0 Duru\u015fmada savunma yapan restoran i\u015fletmecisi Fatma A., olay an\u0131nda restoran\u0131n yan\u0131ndaki evinde oldu\u011fu belirterek, \u201cOyuncak helikopter 1 y\u0131ld\u0131r bozuktu. Fi\u015fi tak\u0131l\u0131 de\u011fildi. Taksak da bir \u015fey olmuyordu. Benim torunlar\u0131m ve elemanlar\u0131n \u00e7ocuklar\u0131 da bununla oynuyordu\u201d diyerek, su\u00e7lamalar\u0131 kabul etmedi ve beraat\u0131n\u0131 istedi.\u00a0<br \/>\n\u00a0 \u0130\u015fletme sahibinin o\u011flu Hasan A. da olay an\u0131n\u0131 g\u00f6rmedi\u011fini, evde bulundu\u011funu, babas\u0131n\u0131n \u00e7a\u011f\u0131rmas\u0131yla a\u015fa\u011f\u0131ya indi\u011fini s\u00f6yledi. Restoran\u0131 annesinin i\u015fletti\u011fini, kendisinin sadece 3-4 saat \u00e7al\u0131\u015farak m\u00fc\u015fterileri kar\u015f\u0131lad\u0131\u011f\u0131n\u0131, herhangi bir sorumlulu\u011fu bulunmad\u0131\u011f\u0131n\u0131 iddia eden Hasan A., \u201cBabam telefonla arayarak \u00e7a\u011f\u0131rd\u0131. Gitti\u011fimde bu olayla kar\u015f\u0131la\u015ft\u0131m. \u00c7ocuk masan\u0131n \u00fczerinde yat\u0131yordu. Elinde yan\u0131k izi varsa da ben g\u00f6rmedim. Su\u00e7lamay\u0131 kabul etmiyorum. Beraat\u0131m\u0131 istiyorum\u201d diye konu\u015ftu.\u00a0<br \/>\n\u00a0<br \/>\n\u00a0 \u201cFi\u015fi tak\u0131l\u0131 de\u011fildi. Kimin takt\u0131\u011f\u0131n\u0131 g\u00f6rmedim\u201d\u00a0<br \/>\n\u00a0 \u0130\u015f yerinde garson olarak \u00e7al\u0131\u015fan tutuksuz san\u0131k Mehmet S. ise oyun alan\u0131ndan kendisinin sorumlu olmad\u0131\u011f\u0131n\u0131, olay g\u00fcn\u00fc minik Duru\u2019nun ablas\u0131 Duygu\u2019nun \u00e7\u0131\u011fl\u0131\u011f\u0131 ile helikopterin bulundu\u011fu alan gitti\u011fini s\u00f6yledi. \u00c7ocu\u011fu masaya yat\u0131rd\u0131klar\u0131n\u0131 ve ambulans \u00e7a\u011fr\u0131ld\u0131\u011f\u0131n\u0131 anlatan Mehmet S., \u201cHelikoptere elektrik ba\u011fl\u0131 de\u011fildi. Yakla\u015f\u0131k 1 y\u0131ld\u0131r bozuktu. \u00c7al\u0131\u015fm\u0131yordu, biz de fi\u015fini \u00e7ekmi\u015ftik. Oyun alan\u0131na bakt\u0131\u011f\u0131m\u0131zda makinenin fi\u015finin tak\u0131l\u0131 oldu\u011funu g\u00f6rd\u00fck. Fi\u015fi kimin takt\u0131\u011f\u0131n\u0131 g\u00f6rmedim. Bu alanda bizim \u00e7ocuklar\u0131m\u0131z da oynuyor. B\u00f6yle bir olay ya\u015fand\u0131\u011f\u0131 i\u00e7in \u00e7ok \u00fczg\u00fcn\u00fcz. Neden san\u0131k oldum bilmiyorum. Biz de bunun ya\u015fanmas\u0131n\u0131 istemeyiz. Su\u00e7lamalar\u0131 kabul etmiyorum\u201d diyerek beraat\u0131n\u0131 istedi.\u00a0<br \/>\n\u00a0<br \/>\n\u00a0 Tamiri pahal\u0131 diye yapt\u0131rmam\u0131\u015flar\u00a0<br \/>\n\u00a0 \u0130\u015fletme \u00e7al\u0131\u015fan\u0131 Evren U. da savunmas\u0131nda oyun alan\u0131ndan kendisinin sorumlu oldu\u011funu ifade etti. S\u00f6z konusu oyunca\u011f\u0131n 1 y\u0131ld\u0131r ar\u0131zal\u0131 oldu\u011funu kaydeden Evren U., \u201cAr\u0131zal\u0131 olmas\u0131na ra\u011fmen \u00e7ocuklar s\u00fcrekli para at\u0131yorlard\u0131 ve biz de geri veriyorduk. \u0130lk ar\u0131zaland\u0131\u011f\u0131nda tamirinin 2 bin 500-3 bin lira oldu\u011funu s\u00f6ylediler. Pahal\u0131 geldi\u011fi i\u00e7in yapt\u0131rmad\u0131k. Biz de fi\u015fini \u00e7ektik. S\u00fcs ama\u00e7l\u0131 olarak orada duruyordu. Kaza an\u0131nda bilmedi\u011fimiz birisi boks makinesindeki scarp\u0131 \u00e7\u0131kar\u0131p helikoptere takm\u0131\u015f. Olayda kusurum yoktur. Beraat\u0131m\u0131 istiyorum\u201d ifadelerini kulland\u0131.\u00a0<br \/>\n\u00a0<br \/>\n\u00a0 \u201cCezaland\u0131r\u0131lmalar\u0131n\u0131 istiyorum\u201d\u00a0<br \/>\n\u00a0 Duru Tan\u2019\u0131n babas\u0131 Zafer Tan ise olay g\u00fcn\u00fcn\u00fc anlatarak, b\u00fcy\u00fck k\u0131z\u0131 Duygu\u2019nun \u00e7\u0131\u011fl\u0131\u011f\u0131yla helikoptere gittiklerinde Duru\u2019yu hareketsiz bulduklar\u0131n\u0131 ve masaya yat\u0131rd\u0131klar\u0131n\u0131, avucunun i\u00e7inin simsiyah oldu\u011funu g\u00f6rd\u00fcklerini s\u00f6yledi. \u0130\u015fletme sahiplerinin, k\u0131z\u0131n\u0131n \u00f6l\u00fcmde ihmalleri oldu\u011funu \u00f6ne s\u00fcren Baba Tan, \u201c\u00c7ocu\u011fumun vefat\u0131ndan sorumlu olan ki\u015filerden \u015fikayet\u00e7iyim. Cezaland\u0131r\u0131lmalar\u0131n\u0131 istiyorum\u201d dedi.\u00a0<br \/>\n\u00a0 Anne Nilg\u00fcn Tan da sorumlulardan \u015fikayet\u00e7i oldu\u011funu belirterek, gere\u011finin yap\u0131lmas\u0131n\u0131 talep etti.\u00a0<br \/>\n\u00a0<br \/>\n\u00a0 En \u00fcst s\u0131n\u0131rdan ceza talep ettiler\u00a0<br \/>\n\u00a0 Tan ailesinin avukatlar\u0131 G\u00fcray G\u00f6\u00e7er ve G\u00f6zde G\u00f6\u00e7er, Duru Tan\u2019\u0131n otopsi raporunda elektrik \u00e7arpmas\u0131 sonucu vefat etti\u011finin tespit edildi\u011fini kaydederek, iddianamede de yer ald\u0131\u011f\u0131 \u00fczere uzmanlar taraf\u0131ndan haz\u0131rlanm\u0131\u015f raporlarda i\u015fletmede topraklamayla ilgili sorunlar oldu\u011fu, bilirki\u015fi raporunda ise 220 watt elektri\u011fin a\u00e7\u0131kta oldu\u011funun yer ald\u0131\u011f\u0131n\u0131 anlatt\u0131. Olayda daha \u00f6nceden s\u00fcregelen bir kusur oldu\u011funu ifade eden avukatlar, 4 san\u0131\u011fa ek olarak ek soru\u015fturmayla Fatma A.\u2019n\u0131n di\u011fer iki \u00e7ocu\u011funun da san\u0131k s\u0131fat\u0131yla yarg\u0131lamaya dahil edilmelerini talep ederek, san\u0131klar\u0131n en \u00fcst s\u0131n\u0131rdan bilin\u00e7li taksirle cezaland\u0131r\u0131lmalar\u0131n\u0131 istediler.\u00a0<br \/>\n\u00a0 San\u0131k avukatlar\u0131 ise olayda kas\u0131t ve kusur olmad\u0131\u011f\u0131n\u0131, fi\u015fin kimin taraf\u0131ndan tak\u0131ld\u0131\u011f\u0131n\u0131n \u00f6nemli oldu\u011funu dile getirerek, Abla Duygu Tan\u2019\u0131n uzman e\u015fli\u011finde ifadesinin al\u0131nmas\u0131n\u0131, yeni bir bilirki\u015fi heyeti olu\u015fturulmas\u0131n\u0131, Fatma A.\u2019n\u0131n adli kontrol \u015fart\u0131n\u0131n kald\u0131r\u0131lmas\u0131n\u0131 ve beraat talep ettiler.\u00a0<br \/>\n\u00a0 Mahkeme ba\u015fkan\u0131, Fatma A.\u2019n\u0131n adli kontrol \u015fart\u0131n\u0131n kald\u0131r\u0131lmas\u0131na karar vererek, tan\u0131klar\u0131n dinlenmesi, yeni bilirki\u015fiye gerek olup olmad\u0131\u011f\u0131 y\u00f6n\u00fcnde cumhuriyet savc\u0131l\u0131\u011f\u0131na yaz\u0131 yaz\u0131lmas\u0131 ve eksiklerin giderilmesi kararlar\u0131n\u0131 vererek, duru\u015fmay\u0131 18 Mart 2020\u2019ye erteledi.\u00a0<br \/>\n\u00a0<br \/>\n\u00a0 \u201cBenim can\u0131m yand\u0131, ba\u015fka annelerin can\u0131 yanmas\u0131n\u201d\u00a0<br \/>\n\u00a0 Duru\u015fman\u0131n ard\u0131ndan adliye \u00e7\u0131k\u0131\u015f\u0131nda \u0130HA muhabirine a\u00e7\u0131klama yapan Duru Tan\u2019\u0131n babas\u0131 Zafer Tan, \u201cBiz, su\u00e7lu olanlar\u0131n ceza almalar\u0131n\u0131 istiyoruz. Geride kalan insanlar\u0131n sa\u011fl\u0131\u011f\u0131yla bu \u015fekilde, bu kadar ucuz olmamak \u015fart\u0131yla oynanmamas\u0131n\u0131 istiyoruz. Sonu\u00e7ta giden bir can vard\u0131r. Su\u00e7lu olan kimse cezas\u0131n\u0131 \u00e7ekmesini istiyoruz. Su\u00e7lamalar\u0131 kabul etmediler. Hepsi birbirinin \u00fcst\u00fcne at\u0131yor ama kendileri de ne s\u00f6ylediklerini bilmiyorlar. Cumhuriyet savc\u0131s\u0131n\u0131n atad\u0131\u011f\u0131 bilirki\u015fiye bile \u2018sahte evrak d\u00fczenledi\u2019 diye beyanda bulunuyorlar. Bunu s\u00f6yleyen de bir avukat\u201d dedi.\u00a0<br \/>\n\u00a0 Anne Tan ise T\u00fcrk adaletine g\u00fcvendi\u011fini vurgulayarak, \u201cBenim can\u0131m yand\u0131, ba\u015fka annelerin can\u0131 yanmas\u0131n. Gere\u011finin yap\u0131lmas\u0131n\u0131 istiyorum. Adaletimize g\u00fcveniyorum\u201d \u015feklinde konu\u015ftu.\u00a0<br \/>\n\u00a0 Aile avukat\u0131 G\u00f6zde G\u00f6\u00e7er, gerek devam eden bu kovu\u015fturma dosyas\u0131 gerek a\u00e7\u0131lacak olan ek soru\u015fturma dosyalar\u0131yla bu konuda ihmali olan herkesin cezaland\u0131r\u0131lmalar\u0131n\u0131 talep ettiklerini s\u00f6yledi. G\u00f6\u00e7er, \u201cBu konuda takdir ve yetki T\u00fcrk mahkemelerinindir elbette ama bu tarz i\u015fletmelerde t\u00fcm tedbirlerin ve t\u00fcm g\u00fcvenli\u011fin en \u00fcst d\u00fczeyde uygulanmas\u0131 gerekir. Maalesef ufac\u0131k bir ihmalin bile ne b\u00fcy\u00fck sonu\u00e7lar do\u011furdu\u011funu bug\u00fcn tekrar g\u00f6rd\u00fck. Bu y\u00fczden de \u00fczg\u00fcn\u00fcz. T\u00fcrk mahkemelerinin bu konuda hassas davranaca\u011f\u0131n\u0131 d\u00fc\u015f\u00fcn\u00fcyoruz\u201d diye konu\u015ftu.\u00a0<br \/>\n\u00a0 Av. G\u00fcray G\u00f6\u00e7er de i\u015fletmelerin tedbir ve g\u00fcvenliklerinin yasaya uygun \u015fekilde uygulamas\u0131 gerekti\u011fini, ihmallerin b\u00f6ylesine facialara yol a\u00e7abilece\u011fini, kat\u0131lma taleplerinin mahkemece kabul edildi\u011fini ve ilgili ki\u015filerin en \u00fcst s\u0131n\u0131rdan cezaland\u0131r\u0131lmas\u0131 i\u00e7in dosyan\u0131n bundan sonra da takip\u00e7isi olacaklar\u0131n\u0131 belirtti.\u00a0<\/p>\n","protected":false},"excerpt":{"rendered":"<p>Mersin\u2019de babas\u0131n\u0131n do\u011fum g\u00fcn\u00fc i\u00e7in ailesiyle birlikte gittikleri restoran\u0131n oyun park\u0131ndaki oyuncak helikopterde elektrik ak\u0131m\u0131na kap\u0131larak ya\u015fam\u0131n\u0131 yitiren 5 ya\u015f\u0131ndaki Duru Tan\u2019\u0131n, bir y\u0131ll\u0131k ihmalin kurban\u0131 oldu\u011fu ortaya \u00e7\u0131kt\u0131.\u00a0 \u00a0 &hellip; <a href=\"https:\/\/mersinekonomipolitikagazetesi.com\/?p=5255\" class=\"more-link\">Devam\u0131n\u0131 Oku&#8230;<\/a><\/p>\n","protected":false},"author":1,"featured_media":0,"comment_status":"open","ping_status":"open","sticky":false,"template":"","format":"standard","meta":[],"categories":[],"tags":[],"_links":{"self":[{"href":"https:\/\/mersinekonomipolitikagazetesi.com\/index.php?rest_route=\/wp\/v2\/posts\/5255"}],"collection":[{"href":"https:\/\/mersinekonomipolitikagazetesi.com\/index.php?rest_route=\/wp\/v2\/posts"}],"about":[{"href":"https:\/\/mersinekonomipolitikagazetesi.com\/index.php?rest_route=\/wp\/v2\/types\/post"}],"author":[{"embeddable":true,"href":"https:\/\/mersinekonomipolitikagazetesi.com\/index.php?rest_route=\/wp\/v2\/users\/1"}],"replies":[{"embeddable":true,"href":"https:\/\/mersinekonomipolitikagazetesi.com\/index.php?rest_route=%2Fwp%2Fv2%2Fcomments&post=5255"}],"version-history":[{"count":0,"href":"https:\/\/mersinekonomipolitikagazetesi.com\/index.php?rest_route=\/wp\/v2\/posts\/5255\/revisions"}],"wp:attachment":[{"href":"https:\/\/mersinekonomipolitikagazetesi.com\/index.php?rest_route=%2Fwp%2Fv2%2Fmedia&parent=5255"}],"wp:term":[{"taxonomy":"category","embeddable":true,"href":"https:\/\/mersinekonomipolitikagazetesi.com\/index.php?rest_route=%2Fwp%2Fv2%2Fcategories&post=5255"},{"taxonomy":"post_tag","embeddable":true,"href":"https:\/\/mersinekonomipolitikagazetesi.com\/index.php?rest_route=%2Fwp%2Fv2%2Ftags&post=5255"}],"curies":[{"name":"wp","href":"https:\/\/api.w.org\/{rel}","templated":true}]}}