{"id":5256,"date":"2020-11-04T18:25:40","date_gmt":"2020-11-04T15:25:40","guid":{"rendered":"http:\/\/mersinekonomipolitikagazetesi.com\/?p=5256"},"modified":"2020-11-04T18:25:40","modified_gmt":"2020-11-04T15:25:40","slug":"mersindeki-agac-katliami-ile-ilgili-1-kisi-gozaltina-alindi","status":"publish","type":"post","link":"https:\/\/mersinekonomipolitikagazetesi.com\/?p=5256","title":{"rendered":"Mersin&#8217;deki a\u011fa\u00e7 katliam\u0131 ile ilgili 1 ki\u015fi g\u00f6zalt\u0131na al\u0131nd\u0131"},"content":{"rendered":"<p>Mersin&#8217;de 74 d\u00f6n\u00fcml\u00fck k\u0131z\u0131l\u00e7am orman\u0131n\u0131n bulundu\u011fu b\u00f6lgede, yakla\u015f\u0131k bin 500 a\u011fac\u0131n izinsiz kesilmesiyle ilgili 1 ki\u015finin g\u00f6zalt\u0131na al\u0131nd\u0131\u011f\u0131 bildirildi.\u00a0 \u00a0<br \/>\n\u00a0 Mersin Orman B\u00f6lge M\u00fcd\u00fcrl\u00fc\u011f\u00fc&#8217;nden yap\u0131lan a\u00e7\u0131klamada, pazar g\u00fcn\u00fc gece saatlerinde yap\u0131lan ka\u00e7ak a\u011fa\u00e7 kesildi\u011fi y\u00f6n\u00fcndeki telefon ihbar\u0131na istinaden, g\u00f6revli orman muhafaza memurlar\u0131n\u0131n Eski Mezitli Mahallesi&#8217;ndeki b\u00f6lgeye intikal ettirildi\u011fi, yap\u0131lan incelemede, 74 bin metrekarelik alandaki orman a\u011fa\u00e7lar\u0131n\u0131n diplerinden kesilerek yerinde b\u0131rak\u0131ld\u0131\u011f\u0131n\u0131n tespit edildi\u011fi belirtildi.\u00a0<br \/>\n\u00a0 Y\u00fcr\u00fct\u00fclen soru\u015fturma kapsam\u0131nda su\u00e7 tutana\u011f\u0131 tanzim edilen M.\u015e.&#8217;nin g\u00f6zalt\u0131na al\u0131nd\u0131\u011f\u0131 ifade edilirken, Orman B\u00f6lge M\u00fcd\u00fcrl\u00fc\u011f\u00fc ekiplerince, kesilen a\u011fa\u00e7lar\u0131n bulundu\u011fu alana f\u0131st\u0131k\u00e7am\u0131, harnup ve k\u0131z\u0131l\u00e7am fidanlar\u0131n\u0131n dikilmesi ve s\u00f6z konusu yerin dikenli telle \u00e7evrilmesi i\u00e7in \u00e7al\u0131\u015fma ba\u015flat\u0131ld\u0131\u011f\u0131 kaydedildi.\u00a0<br \/>\n\u00a0 Tarhan: &#8220;S\u00f6z\u00fcn bitti\u011fi yerdeyiz&#8217;\u00a0<br \/>\n\u00a0 \u00d6te yandan Eski Mezitli Mahallesi\u2019nde 74 d\u00f6n\u00fcml\u00fck k\u0131z\u0131l\u00e7am orman\u0131n\u0131n bir gecede kesilmesine tepki g\u00f6steren Mezitli Belediye Ba\u015fkan\u0131 Ne\u015fet Tarhan, a\u011fa\u00e7lar\u0131n kesildi\u011fi b\u00f6lgeye giderek incelemelerde bulundu. Ya\u015fanan katliamla ilgili bilgi alan Ba\u015fkan Tarhan, benzer katliamlar\u0131n ya\u015fanmamas\u0131 i\u00e7in sorumlular\u0131n gereken cezay\u0131 almalar\u0131n\u0131 istedi.\u00a0<br \/>\n\u00a0 Daha \u00f6nce de ayn\u0131 b\u00f6lgede benzer katliamlar\u0131n ya\u015fand\u0131\u011f\u0131na dikkat \u00e7eken Tarhan, \u201c2017 y\u0131l\u0131nda da ya\u015fad\u0131k yine ayn\u0131 b\u00f6lgede, ayn\u0131 ki\u015filer taraf\u0131ndan yap\u0131ld\u0131. A\u011fa\u00e7land\u0131r\u0131lmas\u0131 s\u00f6z\u00fc verilmesine ra\u011fmen burada yine limon a\u011fac\u0131 dikildi. 2017&#8217;den bu yana bir geli\u015fme ya\u015fanm\u0131yor. Bunun sonucunu biliyorlar ve bir \u015fey olmad\u0131\u011f\u0131n\u0131 g\u00f6r\u00fcyorlar. Vatanda\u015f &#8216;yapan\u0131n yan\u0131na kar kal\u0131yor&#8217; diyerek yap\u0131yor bu eylemi. \u00c7evre katliamlar\u0131na neden olanlara en a\u011f\u0131r cezan\u0131n verilmesi gerekiyor. Bazen insan bireysel olarak da belediye ba\u015fkan\u0131 olarak da &#8216;Bu kadar da olmaz&#8217; diyor&#8221; ifadelerini kulland\u0131.\u00a0<br \/>\n\u00a0 Talan edilen arazinin konumuna da dikkat \u00e7eken Ba\u015fkan Tarhan, \u201cBu kadar b\u00fcy\u00fck bir arazinin bir gecede kesilebilmesi i\u00e7in birka\u00e7 ki\u015fi de\u011fil onlarca, belki y\u00fcze yak\u0131n ki\u015finin yer ald\u0131\u011f\u0131 bir ekip gerekli. \u00dcstelik hafta sonu gece oluyor bunlar. Duyulmamas\u0131, \u00e7evrede ya\u015fayanlar taraf\u0131ndan g\u00f6r\u00fclmemesi \u00e7ok zor. G\u00fcnd\u00fcz yap\u0131lmamas\u0131 bile insan\u0131n akl\u0131na bir\u00e7ok \u015fey getiriyor. \u00dcstelikte gelecekte de\u011feri \u00e7ok y\u00fcksek olacak bir yer. Devlet Hastanesi&#8217;nin \u00f6n\u00fcm\u00fczdeki aylarda in\u015faat ihalesi yap\u0131lacak. Hemen onun yan\u0131nda yap\u0131lan bir kesim gayet bilin\u00e7li yap\u0131lm\u0131\u015ft\u0131r. Yar\u0131nlarda o hastanenin yan\u0131nda baz\u0131 tasarruflarda bulunulacak demektir. Buna kim dur diyecek? Bir belediye ba\u015fkan\u0131n\u0131n kendi b\u00f6lgesinde bir orman alan\u0131 katledilirken \u00e7aresiz kalmas\u0131 son derece ac\u0131 bir tablodur. Buras\u0131 i\u00e7in gerekenin yap\u0131laca\u011f\u0131na inan\u0131yoruz&#8221; diye konu\u015ftu.\u00a0<br \/>\n\u00a0 Mersin\u2019de bulunan sivil toplum kurulu\u015flar\u0131 ve \u00e7evre \u00f6rg\u00fctlerine de \u00e7a\u011fr\u0131 yapan Ba\u015fkan Tarhan, talana kar\u015f\u0131 kamuoyunun ses y\u00fckseltmesi gerekti\u011fini s\u00f6yledi. En b\u00fcy\u00fck \u00e7evrecili\u011fin mevcut alanlar\u0131n korunmas\u0131yla ba\u015flad\u0131\u011f\u0131n\u0131 s\u00f6yleyen Tarhan, \u201cS\u00fcrekli olarak \u2018ormanlar\u0131 koruyal\u0131m\u2019 diyoruz ama maalesef bunu prati\u011fe d\u00f6kemiyoruz. Belediye s\u0131n\u0131rlar\u0131 i\u00e7inde, \u00fcstelik k\u0131rsal denilemeyecek bir b\u00f6lgede, gece yar\u0131s\u0131 belli ki\u015filer ki\u015fisel rant amac\u0131yla orman\u0131 yok ediyor ve limon bah\u00e7esi yap\u0131yor. Buna herkesin ses \u00e7\u0131karmas\u0131 ve sadece hukuka b\u0131rakmamas\u0131 gerekiyor. Ormanlar\u0131n birtak\u0131m ki\u015filere rant kap\u0131s\u0131 olmas\u0131n\u0131n \u00f6n\u00fcne ge\u00e7ilsin. E\u011fer mevcut ormanlar\u0131m\u0131za sahip \u00e7\u0131kam\u0131yorsak \u00e7evrecili\u011fimizi sorgulamam\u0131z gerekiyor. S\u00f6z\u00fcn bitti\u011fi yerdeyiz&#8221; dedi.\u00a0<\/p>\n","protected":false},"excerpt":{"rendered":"<p>Mersin&#8217;de 74 d\u00f6n\u00fcml\u00fck k\u0131z\u0131l\u00e7am orman\u0131n\u0131n bulundu\u011fu b\u00f6lgede, yakla\u015f\u0131k bin 500 a\u011fac\u0131n izinsiz kesilmesiyle ilgili 1 ki\u015finin g\u00f6zalt\u0131na al\u0131nd\u0131\u011f\u0131 bildirildi.\u00a0 \u00a0 \u00a0 Mersin Orman B\u00f6lge M\u00fcd\u00fcrl\u00fc\u011f\u00fc&#8217;nden yap\u0131lan a\u00e7\u0131klamada, pazar g\u00fcn\u00fc gece &hellip; <a href=\"https:\/\/mersinekonomipolitikagazetesi.com\/?p=5256\" class=\"more-link\">Devam\u0131n\u0131 Oku&#8230;<\/a><\/p>\n","protected":false},"author":1,"featured_media":0,"comment_status":"open","ping_status":"open","sticky":false,"template":"","format":"standard","meta":[],"categories":[],"tags":[],"_links":{"self":[{"href":"https:\/\/mersinekonomipolitikagazetesi.com\/index.php?rest_route=\/wp\/v2\/posts\/5256"}],"collection":[{"href":"https:\/\/mersinekonomipolitikagazetesi.com\/index.php?rest_route=\/wp\/v2\/posts"}],"about":[{"href":"https:\/\/mersinekonomipolitikagazetesi.com\/index.php?rest_route=\/wp\/v2\/types\/post"}],"author":[{"embeddable":true,"href":"https:\/\/mersinekonomipolitikagazetesi.com\/index.php?rest_route=\/wp\/v2\/users\/1"}],"replies":[{"embeddable":true,"href":"https:\/\/mersinekonomipolitikagazetesi.com\/index.php?rest_route=%2Fwp%2Fv2%2Fcomments&post=5256"}],"version-history":[{"count":0,"href":"https:\/\/mersinekonomipolitikagazetesi.com\/index.php?rest_route=\/wp\/v2\/posts\/5256\/revisions"}],"wp:attachment":[{"href":"https:\/\/mersinekonomipolitikagazetesi.com\/index.php?rest_route=%2Fwp%2Fv2%2Fmedia&parent=5256"}],"wp:term":[{"taxonomy":"category","embeddable":true,"href":"https:\/\/mersinekonomipolitikagazetesi.com\/index.php?rest_route=%2Fwp%2Fv2%2Fcategories&post=5256"},{"taxonomy":"post_tag","embeddable":true,"href":"https:\/\/mersinekonomipolitikagazetesi.com\/index.php?rest_route=%2Fwp%2Fv2%2Ftags&post=5256"}],"curies":[{"name":"wp","href":"https:\/\/api.w.org\/{rel}","templated":true}]}}