{"id":5257,"date":"2020-11-04T18:25:40","date_gmt":"2020-11-04T15:25:40","guid":{"rendered":"http:\/\/mersinekonomipolitikagazetesi.com\/?p=5257"},"modified":"2020-11-04T18:25:40","modified_gmt":"2020-11-04T15:25:40","slug":"tarim-sektoru-uzun-vadeli-tarim-politikalari-bekliyor","status":"publish","type":"post","link":"https:\/\/mersinekonomipolitikagazetesi.com\/?p=5257","title":{"rendered":"Tar\u0131m sekt\u00f6r\u00fc uzun vadeli tar\u0131m politikalar\u0131 bekliyor"},"content":{"rendered":"<p>Mersin Ticaret ve Sanayi Odas\u0131 (MTSO) 1 No\u2019lu Sebze ve Meyvelerin \u0130\u015flenmesi ve Ticareti Meslek Komitesi \u00fcyeleri, h\u00fck\u00fcmetlere g\u00f6re de\u011fi\u015fmeyen, uzun vadeli tar\u0131m politikalar\u0131 geli\u015ftirilmesini bekliyor.\u00a0 \u00a0<br \/>\n\u00a0 MTSO&#8217;dan yap\u0131lan a\u00e7\u0131klamaya g\u00f6re, Sebze ve Meyvelerin \u0130\u015flenmesi ve Ticareti Meslek Komitesi Meclis \u00fcyeleri, sekt\u00f6r sorunlar\u0131na de\u011finerek T\u00fcrk tar\u0131m\u0131n\u0131n bir ad\u0131m daha ileri gidebilmesi ad\u0131na beklentilerini anlatt\u0131. \u00d6ncelikli sorun olarak t\u00fcm d\u00fcnyada ve T\u00fcrkiye\u2019de artan meyve sebze \u00fcretimine ra\u011fmen, pazarlar\u0131n daralmas\u0131 nedeniyle her y\u0131l dolar baz\u0131nda sat\u0131\u015f fiyatlar\u0131n\u0131n d\u00fc\u015fmesini g\u00f6steren meclis \u00fcyeleri, \u00fcretimde kalitenin artmas\u0131 i\u00e7in \u00fcreticiye verilmesi gereken e\u011fitimlerden tar\u0131msal ar-ge ile \u00fcretim s\u00fcrelerinin uzat\u0131lmas\u0131na, kom\u015fu \u00fclkelerle diyaloglar\u0131n geli\u015ftirilmesinden, kal\u0131c\u0131 stratejiler olu\u015fturulmas\u0131na kadar bir\u00e7ok konuda g\u00f6r\u00fc\u015flerini bildirdi.\u00a0<br \/>\n\u00a0 \u201c\u00c7in tehdidi giderek b\u00fcy\u00fcyor\u201d\u00a0<br \/>\n\u00a0 Yakla\u015fan \u00c7in tehdidine dikkat \u00e7eken komite meclis \u00fcyesi Sefa \u00c7ak\u0131r, son d\u00f6nemlerde ya\u015fanan geli\u015fmeleri \u00f6zetledi. \u00c7in H\u00fck\u00fcmeti\u2019nin 2013\u2019ten bu yana \u2018Tek ku\u015fak, tek yol projesi\u2019 \u00e7er\u00e7evesinde yapt\u0131klar\u0131 karayolu, demiryolu ve denizyolu yat\u0131r\u0131mlar\u0131yla Asya, Avrupa, Ortado\u011fu ve Afrika\u2019y\u0131 birbirine ba\u011flad\u0131\u011f\u0131n\u0131 anlatan \u00c7ak\u0131r, \u201cBu \u00e7al\u0131\u015fma sonu\u00e7 verdi ve \u00fcretim maliyeti d\u00fc\u015f\u00fck olan \u00c7in, lojistik maliyetini de d\u00fc\u015f\u00fcrerek \u00fcr\u00fcnlerini yakla\u015f\u0131k y\u00fczde 40 daha uygun fiyatla ihra\u00e7 etmeye ba\u015flad\u0131\u201d dedi. T\u00fcrkiye\u2019nin art\u0131k Uzakdo\u011fuya mal g\u00f6nderemez duruma geldi\u011fini kaydeden \u00c7ak\u0131r, \u201cUzakdo\u011fu\u2019ya limon g\u00f6nderemedi\u011fimiz gibi \u00c7in\u2019in \u015fimdiki hedefi Romanya \u00fczerinden Avrupa\u2019ya girebilmek. T\u00fcrkiye pazar\u0131n\u0131n y\u00fczde 40\u2019\u0131n\u0131 olu\u015fturan Rusya\u2019n\u0131n do\u011fu yakas\u0131na, Sibirya\u2019ya limon ve mandalina g\u00f6nderiyor. Moskova\u2019ya da gelmek \u00fczereler. En \u00f6nemli pazar\u0131m\u0131zda sorun ya\u015fanmaya ba\u015flam\u0131\u015fken \u00fcretimimiz ise g\u00fcn ge\u00e7tik\u00e7e art\u0131yor. Elimizdeki fazla \u00fcr\u00fcn\u00fc de\u011ferlendirebilmemiz ad\u0131na yeni pazarlar olu\u015fturmam\u0131z gerekirken pazar kaybediyoruz&#8221; ifadelerini kulland\u0131.\u00a0<br \/>\n\u00a0 \u201cDo\u011fru stratejilere ihtiya\u00e7 var\u201d\u00a0<br \/>\n\u00a0 D\u00fcnya pazarlar\u0131ndaki geli\u015fmeleri de\u011ferlendiren komite meclis \u00fcyesi Nurettin Cumao\u011flu ise \u015fu bilgileri verdi: &#8220;Rusya, do\u011falgaz avantaj\u0131n\u0131 kullan\u0131p kendi seralar\u0131n\u0131 kurmaya ba\u015flad\u0131. T\u00fcrkmenistan bizden ald\u0131\u011f\u0131 fidanlarla narenciye \u00fcretimine ba\u015flad\u0131. M\u0131s\u0131r, limon ve portakal \u00fcretimini art\u0131rd\u0131. G\u00fcney Afrika ar-ge \u00e7al\u0131\u015fmalar\u0131yla eyl\u00fcl ay\u0131nda biten sezonunu kas\u0131m ay\u0131na kadar uzatt\u0131. Ayn\u0131 \u015fekilde \u0130spanya\u2019n\u0131n da sezonu uzad\u0131. Kal\u0131nt\u0131 konusunda ar-ge \u00e7al\u0131\u015fmalar\u0131 y\u00fcr\u00fct\u00fcl\u00fcyor. Biz de h\u00fck\u00fcmetlere g\u00f6re de\u011fi\u015fmeyen, uzun vadeli tar\u0131m politikalar\u0131 belirlemeli, do\u011fru stratejiler geli\u015ftirmeliyiz. Belki biz de \u00c7in gibi Avrupa, Uzakdo\u011fu gibi \u00f6nemli pazarlar\u0131m\u0131zda so\u011fuk hava terminalleri ya da liman yat\u0131r\u0131mlar\u0131 d\u00fc\u015f\u00fcnebiliriz.\u201d\u00a0<br \/>\n\u00a0 \u0130hracat\u00e7\u0131lar\u0131n bir\u00e7ok pazarda \u00fcr\u00fcnlerini tan\u0131tt\u0131\u011f\u0131n\u0131 ancak sonu\u00e7 alma noktas\u0131nda t\u0131kand\u0131\u011f\u0131n\u0131 kaydeden Cumao\u011flu, \u00fclkeler aras\u0131 diyalo\u011fun art\u0131r\u0131lmas\u0131 i\u00e7in h\u00fck\u00fcmetten destek beklediklerini s\u00f6yledi. Cumao\u011flu, \u201cBir\u00e7ok \u00fcr\u00fcnde kalite anlam\u0131nda di\u011fer \u00fclkelerden bir ad\u0131m \u00f6ndeyiz. Kalitemizle rekabet edebilece\u011fimiz pazarlara giremedi\u011fimiz i\u00e7in \u00fcr\u00fcnlerimizi g\u00f6steremeyip ma\u00e7a 1-0 yenik ba\u015fl\u0131yoruz\u201d de\u011ferlendirmesini yapt\u0131.\u00a0<br \/>\n\u00a0 \u201cE\u011fitime a\u011f\u0131rl\u0131k verilmeli\u201d\u00a0<br \/>\n\u00a0 \u00dcretim fazlal\u0131\u011f\u0131n\u0131n eritilebilmesi i\u00e7in ihracata gidecek kalitedeki \u00fcr\u00fcn miktar\u0131n\u0131n art\u0131r\u0131lmas\u0131 gerekti\u011fine de\u011finen meclis \u00fcyesi Yusuf Vedat Y\u00fccesoy, bunun da e\u011fitimle sa\u011flanabilece\u011fini s\u00f6yledi. \u00c7ok say\u0131da i\u015f arayan ziraat m\u00fchendisi bulundu\u011funu hat\u0131rlatan Y\u00fccesoy, Tar\u0131m \u0130l M\u00fcd\u00fcrl\u00fcklerinin k\u00f6ylerdeki e\u011fitimlerini ziraat m\u00fchendisi istihdam\u0131n\u0131 art\u0131rarak g\u00fc\u00e7lendirebilece\u011fini dile getirdi. Yaln\u0131zca \u00fcretici de\u011fil, toplay\u0131c\u0131dan ta\u015f\u0131mac\u0131ya kadar sekt\u00f6r\u00fcn t\u00fcm payda\u015flar\u0131n\u0131n bilin\u00e7lenmesinin \u00f6nemine de\u011finen Y\u00fccesoy, bu sayede \u00fcr\u00fcn standard\u0131n\u0131n olu\u015fabilece\u011fini de s\u00f6yledi. \u00dcretimde ya\u015fanan s\u0131k\u0131nt\u0131lar\u0131n cezas\u0131n\u0131 zincirin son halkas\u0131n\u0131 olu\u015fturan ihracat\u00e7\u0131n\u0131n \u00e7ekti\u011fini ifade eden Y\u00fccesoy, \u201cT\u00fcm y\u00fck bizim omuzlar\u0131m\u0131za y\u00fckleniyor. Bilin\u00e7siz \u00fcretim sonucu \u00fcretilen mallar geri d\u00f6nd\u00fc\u011f\u00fc zaman biz zarar ediyoruz. Ancak bunu \u00fcreten kimseye ceza verilmiyor. Bu ya\u015fananlar sonunda k\u00f6kl\u00fc ihracat\u00e7\u0131 say\u0131s\u0131 giderek azal\u0131yor\u201d dedi. Y\u00fccesoy, \u00fcr\u00fcn planlamas\u0131na gidilmesini beklediklerini de s\u00f6zlerine ekledi.\u00a0<\/p>\n","protected":false},"excerpt":{"rendered":"<p>Mersin Ticaret ve Sanayi Odas\u0131 (MTSO) 1 No\u2019lu Sebze ve Meyvelerin \u0130\u015flenmesi ve Ticareti Meslek Komitesi \u00fcyeleri, h\u00fck\u00fcmetlere g\u00f6re de\u011fi\u015fmeyen, uzun vadeli tar\u0131m politikalar\u0131 geli\u015ftirilmesini bekliyor.\u00a0 \u00a0 \u00a0 MTSO&#8217;dan yap\u0131lan &hellip; <a href=\"https:\/\/mersinekonomipolitikagazetesi.com\/?p=5257\" class=\"more-link\">Devam\u0131n\u0131 Oku&#8230;<\/a><\/p>\n","protected":false},"author":1,"featured_media":0,"comment_status":"open","ping_status":"open","sticky":false,"template":"","format":"standard","meta":[],"categories":[],"tags":[],"_links":{"self":[{"href":"https:\/\/mersinekonomipolitikagazetesi.com\/index.php?rest_route=\/wp\/v2\/posts\/5257"}],"collection":[{"href":"https:\/\/mersinekonomipolitikagazetesi.com\/index.php?rest_route=\/wp\/v2\/posts"}],"about":[{"href":"https:\/\/mersinekonomipolitikagazetesi.com\/index.php?rest_route=\/wp\/v2\/types\/post"}],"author":[{"embeddable":true,"href":"https:\/\/mersinekonomipolitikagazetesi.com\/index.php?rest_route=\/wp\/v2\/users\/1"}],"replies":[{"embeddable":true,"href":"https:\/\/mersinekonomipolitikagazetesi.com\/index.php?rest_route=%2Fwp%2Fv2%2Fcomments&post=5257"}],"version-history":[{"count":0,"href":"https:\/\/mersinekonomipolitikagazetesi.com\/index.php?rest_route=\/wp\/v2\/posts\/5257\/revisions"}],"wp:attachment":[{"href":"https:\/\/mersinekonomipolitikagazetesi.com\/index.php?rest_route=%2Fwp%2Fv2%2Fmedia&parent=5257"}],"wp:term":[{"taxonomy":"category","embeddable":true,"href":"https:\/\/mersinekonomipolitikagazetesi.com\/index.php?rest_route=%2Fwp%2Fv2%2Fcategories&post=5257"},{"taxonomy":"post_tag","embeddable":true,"href":"https:\/\/mersinekonomipolitikagazetesi.com\/index.php?rest_route=%2Fwp%2Fv2%2Ftags&post=5257"}],"curies":[{"name":"wp","href":"https:\/\/api.w.org\/{rel}","templated":true}]}}