{"id":5475,"date":"2020-11-04T18:25:54","date_gmt":"2020-11-04T15:25:54","guid":{"rendered":"http:\/\/mersinekonomipolitikagazetesi.com\/?p=5475"},"modified":"2020-11-04T18:25:54","modified_gmt":"2020-11-04T15:25:54","slug":"secer-sadece-devlet-degil-basin-da-bizi-denetlesin","status":"publish","type":"post","link":"https:\/\/mersinekonomipolitikagazetesi.com\/?p=5475","title":{"rendered":"SE\u00c7ER: &#8221;SADECE DEVLET DE\u011e\u0130L BASIN DA B\u0130Z\u0130 DENETLES\u0130N&#8221;"},"content":{"rendered":"<p>10 Ocak \u00c7al\u0131\u015fan Gazeteciler G\u00fcn\u00fc dolay\u0131s\u0131yla\u00a0<br \/>\nMersin B\u00fcy\u00fck\u015fehir Belediye Ba\u015fkan\u0131 Vahap Se\u00e7er, resepsiyonda Mersin bas\u0131n\u0131 ile bir araya geldi. Se\u00e7er, &#8220;Gazetecilerin sosyal ve ekonomik haklar\u0131 bug\u00fcne kadar budand\u0131&#8221;\u00a0<\/p>\n<p>\nMersin B\u00fcy\u00fck\u015fehir Belediyesi 10 Ocak \u00c7al\u0131\u015fan Gazeteciler G\u00fcn\u00fc onuruna bir resepsiyon verdi.<br \/>\nKongre ve Sergi Saray\u0131nda ger\u00e7ekle\u015ftirilen resepsiyona, B\u00fcy\u00fck\u015fehir Belediye Ba\u015fkan\u0131 Vahap Se\u00e7er, Mersin Gazeteciler Cemiyeti Ba\u015fkan\u0131 Kaya Tepe ve y\u00f6netim kurulu \u00fcyeleri ile \u00e7ok say\u0131da gazeteci kat\u0131ld\u0131. Resepsiyonda konu\u015fma yapan Ba\u015fkan Se\u00e7er, hi\u00e7 bir ortamda gazetecilerden ka\u00e7mad\u0131\u011f\u0131n\u0131 ve sadece devletin de\u011fil, bas\u0131n\u0131n da kendisini denetlemesini istedi\u011fini belirtti. Mersin Gazeteciler Cemiyeti Ba\u015fkan\u0131 R\u00fcstem Kaya Tepe, yapt\u0131\u011f\u0131 konu\u015fmada\u00a0<br \/>\nYerel bas\u0131n\u0131n zorlu bir s\u00fcre\u00e7ten\u00a0 ge\u00e7ti\u011fini ifade ederek sosyal medyada yap\u0131lan gazetecili\u011fin vatanda\u015f gazetecili\u011fi oldu\u011funu s\u00f6yledi.<br \/>\nGazetecili\u011fin ve gazetelerin ya\u015fat\u0131lmas\u0131n\u0131 vurgulayan ba\u015fkan Tepe, bunun i\u00e7in \u00e7al\u0131\u015fmalar\u0131n\u0131n devam edece\u011fini s\u00f6yledi.<\/p>\n<p>&#8220;Hi\u00e7bir Ortamda Sizden Ka\u00e7mam&#8221;\u00a0<\/p>\n<p>Ba\u015fkan Se\u00e7er, Cemiyetin sadece binadan, o binaya girip \u00e7\u0131kan insanlardan ibaret san\u0131l\u0131rsa yan\u0131l\u0131naca\u011f\u0131n\u0131 belirtti. Se\u00e7er, &#8220;Cemiyeti mesle\u011fini icra eden bas\u0131n mensuplar\u0131na y\u00f6n veren bir yap\u0131 olarak de\u011ferlendirmek laz\u0131m. Gazetecilik etik kurallar i\u00e7inde yap\u0131lmazsa sayg\u0131nl\u0131\u011f\u0131n\u0131 yitirir diye d\u00fc\u015f\u00fcn\u00fcyorum. Ama \u00f6zg\u00fcr, ba\u011f\u0131ms\u0131z, tarafs\u0131z bir medyan\u0131n oldu\u011fu bir toplumda e\u011fer g\u00f6r\u00fc\u015fler halka ula\u015ft\u0131r\u0131labilirse demokrasiye \u00f6nemli katk\u0131lar yapar. Hi\u00e7bir ortamda sizden ka\u00e7mam. Beni sadece devlet denetlemesin, sizler de denetleyin. O vergileri nereye harcad\u0131\u011f\u0131m\u0131, istismar, suistimal var m\u0131, bunlar\u0131 denetleyin. E\u011fer avantac\u0131l\u0131\u011fa al\u0131\u015fm\u0131\u015f, adam kay\u0131rmac\u0131l\u0131\u011f\u0131n, havada bulup tavada yemenin, bedavadan zengin olman\u0131n, eme\u011finin kar\u015f\u0131l\u0131\u011f\u0131 olmadan zengin olman\u0131n art\u0131k geleneksel hale gelmi\u015f oldu\u011fu yap\u0131lara gazeteciler destek olursa vay benim \u00fclkemin haline. Biz ba\u015f\u0131m\u0131z\u0131 nereye vural\u0131m. Biz buraday\u0131z. Bizlere destek olun, bizler de sizlere destek olal\u0131m. Bizle kol kola girin, biz de sizinle kol kola girelim. Birbirimizden saklayacak, gizleyecek, d\u00fc\u015fmanla\u015facak bir durumumuz yok. \u0130nan\u0131yorum ki, g\u00f6revini lay\u0131k\u0131yla yapan her gazeteci karde\u015fimin y\u00fcre\u011finde Mersin sevgisi var, T\u00fcrkiye sevgisi var. Benim de y\u00fcre\u011fimde Mersin sevgisi var, T\u00fcrkiye sevgisi var. Gerisi teferruatt\u0131r.\u201d dedi.<\/p>\n<p>&#8220;Gazetecilerin Uyar\u0131lar\u0131n\u0131 Dikkate Al\u0131r\u0131z&#8221;\u00a0<\/p>\n<p>Belediye ba\u015fkan\u0131 olarak baz\u0131 kararlar\u0131 al\u0131rken gazetecilerin makalelerini okudu\u011funu, \u00f6neri ve ele\u015ftirilerini dikkate ald\u0131\u011f\u0131n\u0131 belirten Se\u00e7er, \u201cBizler sizin uyar\u0131lar\u0131n\u0131z\u0131 dikkate al\u0131r\u0131z. Ama tarafl\u0131, hedef g\u00f6sterir, birilerinin de\u011firmenine su ta\u015f\u0131yan ya da onlara hizmet eden anlay\u0131\u015fla yapt\u0131\u011f\u0131n\u0131z noktada, bizim bu de\u011ferlendirmelere sayg\u0131 duymam\u0131z\u0131 herhalde bekleyemezsiniz. Bir\u00e7ok \u00f6nemli konular\u0131 \u00e7al\u0131\u015f\u0131yoruz. Belediye ba\u015fkan\u0131 oldu\u011fumdaki metro projesi ile \u015fu anda birinci faz\u0131n\u0131n ihalesine \u00e7\u0131kt\u0131\u011f\u0131m\u0131z metro projesi birbirinden son derece farkl\u0131. Emin olun, gazete makaleleri yazan de\u011ferli, liyakatli yazarlar\u0131n de\u011ferlendirmesi sonucu bunu ortaya \u00e7\u0131kard\u0131k\u201d ifadelerini kulland\u0131.<br \/>\nGazetecilerin sosyal ve ekonomik haklar\u0131n\u0131n 1961 y\u0131l\u0131nda d\u00fczenlendi\u011fini, ancak o haklar\u0131n bug\u00fcne kadar budand\u0131\u011f\u0131n\u0131 kaydeden Ba\u015fkan Se\u00e7er, \u201cGazetecilerin en de\u011ferli haklar\u0131 olan y\u0131pranma pay\u0131 dahi ortadan kald\u0131r\u0131ld\u0131. Bir gazeteci ile farkl\u0131 bir alanda \u00e7al\u0131\u015fan\u0131n hem fiziksel olarak hem ruhsal olarak tahribat\u0131 birbirinden \u00e7ok farkl\u0131d\u0131r.\u201d diye konu\u015ftu.<br \/>\n10 Ocak \u00c7al\u0131\u015fan Gazeteciler G\u00fcn\u00fc resepsiyonunda, meslekte 50 y\u0131l\u0131n\u0131 dolduran k\u0131demli gazetecilere onur plaketi de verildi.<\/p>\n","protected":false},"excerpt":{"rendered":"<p>10 Ocak \u00c7al\u0131\u015fan Gazeteciler G\u00fcn\u00fc dolay\u0131s\u0131yla\u00a0 Mersin B\u00fcy\u00fck\u015fehir Belediye Ba\u015fkan\u0131 Vahap Se\u00e7er, resepsiyonda Mersin bas\u0131n\u0131 ile bir araya geldi. Se\u00e7er, &#8220;Gazetecilerin sosyal ve ekonomik haklar\u0131 bug\u00fcne kadar budand\u0131&#8221;\u00a0 Mersin B\u00fcy\u00fck\u015fehir &hellip; <a href=\"https:\/\/mersinekonomipolitikagazetesi.com\/?p=5475\" class=\"more-link\">Devam\u0131n\u0131 Oku&#8230;<\/a><\/p>\n","protected":false},"author":1,"featured_media":0,"comment_status":"open","ping_status":"open","sticky":false,"template":"","format":"standard","meta":[],"categories":[],"tags":[],"_links":{"self":[{"href":"https:\/\/mersinekonomipolitikagazetesi.com\/index.php?rest_route=\/wp\/v2\/posts\/5475"}],"collection":[{"href":"https:\/\/mersinekonomipolitikagazetesi.com\/index.php?rest_route=\/wp\/v2\/posts"}],"about":[{"href":"https:\/\/mersinekonomipolitikagazetesi.com\/index.php?rest_route=\/wp\/v2\/types\/post"}],"author":[{"embeddable":true,"href":"https:\/\/mersinekonomipolitikagazetesi.com\/index.php?rest_route=\/wp\/v2\/users\/1"}],"replies":[{"embeddable":true,"href":"https:\/\/mersinekonomipolitikagazetesi.com\/index.php?rest_route=%2Fwp%2Fv2%2Fcomments&post=5475"}],"version-history":[{"count":0,"href":"https:\/\/mersinekonomipolitikagazetesi.com\/index.php?rest_route=\/wp\/v2\/posts\/5475\/revisions"}],"wp:attachment":[{"href":"https:\/\/mersinekonomipolitikagazetesi.com\/index.php?rest_route=%2Fwp%2Fv2%2Fmedia&parent=5475"}],"wp:term":[{"taxonomy":"category","embeddable":true,"href":"https:\/\/mersinekonomipolitikagazetesi.com\/index.php?rest_route=%2Fwp%2Fv2%2Fcategories&post=5475"},{"taxonomy":"post_tag","embeddable":true,"href":"https:\/\/mersinekonomipolitikagazetesi.com\/index.php?rest_route=%2Fwp%2Fv2%2Ftags&post=5475"}],"curies":[{"name":"wp","href":"https:\/\/api.w.org\/{rel}","templated":true}]}}